{"id":105111,"date":"2025-12-05T15:06:11","date_gmt":"2025-12-05T15:06:11","guid":{"rendered":"https:\/\/www.europesays.com\/no\/105111\/"},"modified":"2025-12-05T15:06:11","modified_gmt":"2025-12-05T15:06:11","slug":"fikk-p-bot-etter-a-parkert-samme-sted-i-19-ar","status":"publish","type":"post","link":"https:\/\/www.europesays.com\/no\/105111\/","title":{"rendered":"Fikk P-bot etter \u00e5 parkert samme sted i 19 \u00e5r"},"content":{"rendered":"<p>\n        FIKK BOT: Etter mange \u00e5r med slik parkering, ble det plutselig bot.<br \/>\n        Bilde fra klagesaken\n    <\/p>\n<p class=\"kicker t31 tm25 font-weight-bold m-font-weight-bold font-Roboto\" style=\"\">Manglende oppmerking:<\/p>\n<p>    I snart 19 \u00e5r har det st\u00e5tt biler parkert slik som p\u00e5 bildet, langs veien ved universitetet i Porsgrunn. Plutselig ble det bot.<\/p>\n<p>Kvinnen som kj\u00f8rte Volkswagen-bilen p\u00e5 bildet, klaget da<br \/>\nhun fikk boten.<\/p>\n<p>P\u00e5 et skilt ved innkj\u00f8ringen har parkeringsselskapet<br \/>\nApcoa skrevet at parkering kun kan skje \u00abp\u00e5 anviste plasser\u00bb, og at parkeringen<br \/>\n\u00abm\u00e5 skje i tr\u00e5d med oppmerking\/skilting\u00bb.<\/p>\n<p class=\"font-weight-bold m-font-weight-bold\" data-lab-font_weight=\"font-weight-bold\">Men p\u00e5 omr\u00e5det til Universitetet i S\u00f8r\u00f8st-Norge i<br \/>\nPorsgrunn er det d\u00e5rlig med b\u00e5de oppmerking og skilting av parkeringsplasser.<\/p>\n<p>                <img decoding=\"async\" src=\"https:\/\/www.europesays.com\/no\/wp-content\/uploads\/2025\/12\/337129.webp\" width=\"480\" height=\"653\" title=\"Fikk P-bot etter \u00e5 ha parkert samme sted i 19 \u00e5r\" alt=\"\" loading=\"lazy\" style=\"\"\/><\/p>\n<p>            Bilde fra klagesaken\n        <\/p>\n<p>Etter \u00e5 ha f\u00e5tt parkeringsboten p\u00e5 660 kroner, p\u00e5pekte<br \/>\nkvinnen i Volkswagen-bilen at det ikke er noen synlig oppmerking av<br \/>\nbiloppstillingsplasser, \u00abkun to meget svake hvite linjer\u00bb, som hun skriver i<br \/>\nklagen sin, som de fleste dagene dessuten er skjult under parkerte biler.<\/p>\n<p>Hun p\u00e5pekte ogs\u00e5 at i alle de snart 19 \u00e5rene hun har<br \/>\njobbet p\u00e5 universitetet, har det st\u00e5tt biler parkert slik hennes bil sto<br \/>\nparkert denne dagen i mars i \u00e5r, da hun fikk boten.<\/p>\n<p>Apcoa, derimot, mente at s\u00e5 lenge det var parkert utenfor<br \/>\nanvist plass, skal boten opprettholdes.<\/p>\n<p>Bare noen rester<\/p>\n<p>Da Apcoa nektet \u00e5 slette boten, klaget kvinnen til<br \/>\nParkeringsklagenemnda.<\/p>\n<p>Nemnda viser til bildene som b\u00e5de parkeringsselskapet og<br \/>\nkvinnen selv har tatt. Disse bildene viser enkelte steder noen rester av gammel<br \/>\nhvit oppmerking langs veien hvor kvinnen fikk bot. Langs en annen<br \/>\nparkeringsrekke er det ingen oppmerking.<\/p>\n<p>P\u00e5 noen brosteinsbelagte parkeringsplasser et annet sted<br \/>\np\u00e5 universitetsomr\u00e5det er det heller ingen malt oppmerking. Plassene er kun<br \/>\nmerket opp med en annen type stein, for \u00e5 skille parkeringsplassene.<\/p>\n<p>Det er heller ikke satt opp skilt som anviser hvor det er<br \/>\nparkeringsplasser, slik skiltet ved innkj\u00f8ringen hevdet at det skulle v\u00e6re.<\/p>\n<p>Ikke godt nok<\/p>\n<p>Parkeringsklagenemnda skriver i sitt vedtak at dette rett<br \/>\nog slett ikke er godt nok.<\/p>\n<p>\u2013 Nemnda fant etter en konkret vurdering at en normalt<br \/>\naktsom f\u00f8rer ikke kunne forst\u00e5 at plassen som ble benyttet, ikke var ment for<br \/>\nparkering. Nemnda la i denne sammenhengen vekt p\u00e5 utformingen av de \u00f8vrige<br \/>\nparkeringsplassene p\u00e5 omr\u00e5det, der det heller ikke fremkom tydelig markering av<br \/>\nalle parkeringsplassene, skriver nemnda i sitt vedtak.<\/p>\n<p>Dette inneb\u00e6rer at kvinnen slipper \u00e5 betale<br \/>\nkontrollsanksjonen p\u00e5 600 kroner.<\/p>\n<p>        <a itemprop=\"url\" class=\"\" href=\"https:\/\/www.motor.no\/aktuelt\/fikk-parkeringsbot-da-han-skulle-rekke-tidlig-fodsel\/335687\" data-k5a-url=\"https:\/\/www.motor.no\/a\/335687\" rel=\"nofollow noopener\" target=\"_blank\"><\/p>\n<p>\nSamboeren f\u00f8dte i 6. m\u00e5ned:\n<\/p>\n<p>            Fikk bot da han skulle rekke tidlig f\u00f8dsel<\/p>\n<p>        <\/a><\/p>\n","protected":false},"excerpt":{"rendered":"FIKK BOT: Etter mange \u00e5r med slik parkering, ble det plutselig bot. Bilde fra klagesaken Manglende oppmerking: I&hellip;\n","protected":false},"author":2,"featured_media":105112,"comment_status":"","ping_status":"","sticky":false,"template":"","format":"standard","meta":{"footnotes":""},"categories":[10],"tags":[20,21,24,25,15,22,23,13,30,28,29,14,16,26,27],"class_list":{"0":"post-105111","1":"post","2":"type-post","3":"status-publish","4":"format-standard","5":"has-post-thumbnail","7":"category-norge","8":"tag-breaking-news","9":"tag-breakingnews","10":"tag-featured-news","11":"tag-featurednews","12":"tag-headlines","13":"tag-latest-news","14":"tag-latestnews","15":"tag-news","16":"tag-no","17":"tag-norge","18":"tag-norway","19":"tag-nyheter","20":"tag-overskrifter","21":"tag-top-stories","22":"tag-topstories"},"share_on_mastodon":{"url":"https:\/\/pubeurope.com\/@no\/115667585355803004","error":""},"_links":{"self":[{"href":"https:\/\/www.europesays.com\/no\/wp-json\/wp\/v2\/posts\/105111","targetHints":{"allow":["GET"]}}],"collection":[{"href":"https:\/\/www.europesays.com\/no\/wp-json\/wp\/v2\/posts"}],"about":[{"href":"https:\/\/www.europesays.com\/no\/wp-json\/wp\/v2\/types\/post"}],"author":[{"embeddable":true,"href":"https:\/\/www.europesays.com\/no\/wp-json\/wp\/v2\/users\/2"}],"replies":[{"embeddable":true,"href":"https:\/\/www.europesays.com\/no\/wp-json\/wp\/v2\/comments?post=105111"}],"version-history":[{"count":0,"href":"https:\/\/www.europesays.com\/no\/wp-json\/wp\/v2\/posts\/105111\/revisions"}],"wp:featuredmedia":[{"embeddable":true,"href":"https:\/\/www.europesays.com\/no\/wp-json\/wp\/v2\/media\/105112"}],"wp:attachment":[{"href":"https:\/\/www.europesays.com\/no\/wp-json\/wp\/v2\/media?parent=105111"}],"wp:term":[{"taxonomy":"category","embeddable":true,"href":"https:\/\/www.europesays.com\/no\/wp-json\/wp\/v2\/categories?post=105111"},{"taxonomy":"post_tag","embeddable":true,"href":"https:\/\/www.europesays.com\/no\/wp-json\/wp\/v2\/tags?post=105111"}],"curies":[{"name":"wp","href":"https:\/\/api.w.org\/{rel}","templated":true}]}}