{"id":105113,"date":"2025-12-05T15:07:10","date_gmt":"2025-12-05T15:07:10","guid":{"rendered":"https:\/\/www.europesays.com\/no\/105113\/"},"modified":"2025-12-05T15:07:10","modified_gmt":"2025-12-05T15:07:10","slug":"vannforing-akerselva-na-er-det-mye-vann-i-elva-vaer-forsiktige","status":"publish","type":"post","link":"https:\/\/www.europesays.com\/no\/105113\/","title":{"rendered":"Vannf\u00f8ring, Akerselva | N\u00e5 er det mye vann i elva: \u2013 V\u00e6r forsiktige"},"content":{"rendered":"\n<p>Kommunikasjonsr\u00e5dgiver i Vann- og avl\u00f8psetaten, Simen Strand J\u00f8rgensen, sier \u00e5rsaken er smeltet sn\u00f8.<\/p>\n<p>\u2013 Det kom en del sn\u00f8 i marka i slutten av november, som n\u00e5 har begynt \u00e5 smelte. I tillegg til regn de siste dagene, har dette f\u00f8rt til at Maridalsvannet og magasinene i marka er helt fulle. Vi er derfor n\u00f8dt til \u00e5 f\u00e5 unna en del vann og vannf\u00f8ringen i Akerselva \u00f8kes til 20 m3\/s.<\/p>\n<p>\n          Stopp video<\/p>\n<p>          <video data-standalone=\"false\" preload=\"none\" muted=\"\" loop=\"\" playsinline=\"\" autoplay=\"\"><\/p>\n<p>          <\/video>\n        <\/p>\n<p><b>Dette kommer etaten sannsynligvis til \u00e5 holde p\u00e5 gjennom helgen. J\u00f8rgensen ber folk passe p\u00e5: <\/b><\/p>\n<p>\u2013 Vi oppfordrer folk til \u00e5 v\u00e6re forsiktige n\u00e5r de oppholder seg i n\u00e6rheten av elva. Det er sterke krefter i sving.<\/p>\n<p>\n          Stopp video<\/p>\n<p>          <video data-standalone=\"false\" preload=\"none\" muted=\"\" loop=\"\" playsinline=\"\" autoplay=\"\"><\/p>\n<p>          <\/video>\n        <\/p>\n","protected":false},"excerpt":{"rendered":"Kommunikasjonsr\u00e5dgiver i Vann- og avl\u00f8psetaten, Simen Strand J\u00f8rgensen, sier \u00e5rsaken er smeltet sn\u00f8. \u2013 Det kom en del&hellip;\n","protected":false},"author":2,"featured_media":105114,"comment_status":"","ping_status":"","sticky":false,"template":"","format":"standard","meta":{"footnotes":""},"categories":[5],"tags":[9854,36,9358,20,21,24,25,15,19,22,23,17,18,13,30,28,29,14,16,1110,1510,26,27,13179,553],"class_list":{"0":"post-105113","1":"post","2":"type-post","3":"status-publish","4":"format-standard","5":"has-post-thumbnail","7":"category-overskrifter","8":"tag-akerselva","9":"tag-art","10":"tag-bjolsen","11":"tag-breaking-news","12":"tag-breakingnews","13":"tag-featured-news","14":"tag-featurednews","15":"tag-headlines","16":"tag-hovedoppslag","17":"tag-latest-news","18":"tag-latestnews","19":"tag-main-news","20":"tag-mainnews","21":"tag-news","22":"tag-no","23":"tag-norge","24":"tag-norway","25":"tag-nyheter","26":"tag-overskrifter","27":"tag-sagene","28":"tag-story","29":"tag-top-stories","30":"tag-topstories","31":"tag-vannforing","32":"tag-vaer"},"share_on_mastodon":{"url":"https:\/\/pubeurope.com\/@no\/115667589240212438","error":""},"_links":{"self":[{"href":"https:\/\/www.europesays.com\/no\/wp-json\/wp\/v2\/posts\/105113","targetHints":{"allow":["GET"]}}],"collection":[{"href":"https:\/\/www.europesays.com\/no\/wp-json\/wp\/v2\/posts"}],"about":[{"href":"https:\/\/www.europesays.com\/no\/wp-json\/wp\/v2\/types\/post"}],"author":[{"embeddable":true,"href":"https:\/\/www.europesays.com\/no\/wp-json\/wp\/v2\/users\/2"}],"replies":[{"embeddable":true,"href":"https:\/\/www.europesays.com\/no\/wp-json\/wp\/v2\/comments?post=105113"}],"version-history":[{"count":0,"href":"https:\/\/www.europesays.com\/no\/wp-json\/wp\/v2\/posts\/105113\/revisions"}],"wp:featuredmedia":[{"embeddable":true,"href":"https:\/\/www.europesays.com\/no\/wp-json\/wp\/v2\/media\/105114"}],"wp:attachment":[{"href":"https:\/\/www.europesays.com\/no\/wp-json\/wp\/v2\/media?parent=105113"}],"wp:term":[{"taxonomy":"category","embeddable":true,"href":"https:\/\/www.europesays.com\/no\/wp-json\/wp\/v2\/categories?post=105113"},{"taxonomy":"post_tag","embeddable":true,"href":"https:\/\/www.europesays.com\/no\/wp-json\/wp\/v2\/tags?post=105113"}],"curies":[{"name":"wp","href":"https:\/\/api.w.org\/{rel}","templated":true}]}}