{"id":105117,"date":"2025-12-05T15:12:11","date_gmt":"2025-12-05T15:12:11","guid":{"rendered":"https:\/\/www.europesays.com\/no\/105117\/"},"modified":"2025-12-05T15:12:11","modified_gmt":"2025-12-05T15:12:11","slug":"hundepatruljen-fann-mann-som-stakk-til-skogs","status":"publish","type":"post","link":"https:\/\/www.europesays.com\/no\/105117\/","title":{"rendered":"Hundepatruljen fann mann som stakk til skogs"},"content":{"rendered":"<p>\n        S\u00f8k i skogen: Ein person skal ha fors\u00f8kt \u00e5 stikka av, etter \u00e5 ha k\u00f8yrd inn i ein bil i Os-omr\u00e5det kring midnatt. Vedkomande blei funnen av hundepatruljen i skogen, opplyser politiet.<br \/>\n        Arkiv\/Benjamin S\u00f8gnen Olsen\n    <\/p>\n<p>    Det opplyser politiet fredag.<\/p>\n<p>Litt f\u00f8r midnatt skal ein person ha kontakta politiet, etter at vedkomande hadde f\u00e5tt ein framand bil p\u00e5 tunet.<\/p>\n<p>Bilen skal ha k\u00f8yrd inn i hagen og treft meldar sin bil.<\/p>\n<p>\u2013 F\u00f8raren sprang fr\u00e5 staden og inn i skogen, men blei funnen av hundepatruljen. Framst\u00e5r sv\u00e6rt rusa, skriv Tore-Andre Brakstad, operasjonsleiar i Vest politidistrikt.<\/p>\n<p>Personen vart framstilt for blodpr\u00f8ve. Politiet opplyser ogs\u00e5 at det blei gjort funn av narkotika i tilknyting til vedkomande, som vart p\u00e5gripen.<\/p>\n","protected":false},"excerpt":{"rendered":"S\u00f8k i skogen: Ein person skal ha fors\u00f8kt \u00e5 stikka av, etter \u00e5 ha k\u00f8yrd inn i ein&hellip;\n","protected":false},"author":2,"featured_media":105118,"comment_status":"","ping_status":"","sticky":false,"template":"","format":"standard","meta":{"footnotes":""},"categories":[12],"tags":[20,21,24,25,15,22,23,13,30,28,29,14,16,26,27,42,43,44,45],"class_list":{"0":"post-105117","1":"post","2":"type-post","3":"status-publish","4":"format-standard","5":"has-post-thumbnail","7":"category-verden","8":"tag-breaking-news","9":"tag-breakingnews","10":"tag-featured-news","11":"tag-featurednews","12":"tag-headlines","13":"tag-latest-news","14":"tag-latestnews","15":"tag-news","16":"tag-no","17":"tag-norge","18":"tag-norway","19":"tag-nyheter","20":"tag-overskrifter","21":"tag-top-stories","22":"tag-topstories","23":"tag-verden","24":"tag-world","25":"tag-world-news","26":"tag-worldnews"},"share_on_mastodon":{"url":"https:\/\/pubeurope.com\/@no\/115667608824354199","error":""},"_links":{"self":[{"href":"https:\/\/www.europesays.com\/no\/wp-json\/wp\/v2\/posts\/105117","targetHints":{"allow":["GET"]}}],"collection":[{"href":"https:\/\/www.europesays.com\/no\/wp-json\/wp\/v2\/posts"}],"about":[{"href":"https:\/\/www.europesays.com\/no\/wp-json\/wp\/v2\/types\/post"}],"author":[{"embeddable":true,"href":"https:\/\/www.europesays.com\/no\/wp-json\/wp\/v2\/users\/2"}],"replies":[{"embeddable":true,"href":"https:\/\/www.europesays.com\/no\/wp-json\/wp\/v2\/comments?post=105117"}],"version-history":[{"count":0,"href":"https:\/\/www.europesays.com\/no\/wp-json\/wp\/v2\/posts\/105117\/revisions"}],"wp:featuredmedia":[{"embeddable":true,"href":"https:\/\/www.europesays.com\/no\/wp-json\/wp\/v2\/media\/105118"}],"wp:attachment":[{"href":"https:\/\/www.europesays.com\/no\/wp-json\/wp\/v2\/media?parent=105117"}],"wp:term":[{"taxonomy":"category","embeddable":true,"href":"https:\/\/www.europesays.com\/no\/wp-json\/wp\/v2\/categories?post=105117"},{"taxonomy":"post_tag","embeddable":true,"href":"https:\/\/www.europesays.com\/no\/wp-json\/wp\/v2\/tags?post=105117"}],"curies":[{"name":"wp","href":"https:\/\/api.w.org\/{rel}","templated":true}]}}