{"id":105119,"date":"2025-12-05T15:13:10","date_gmt":"2025-12-05T15:13:10","guid":{"rendered":"https:\/\/www.europesays.com\/no\/105119\/"},"modified":"2025-12-05T15:13:10","modified_gmt":"2025-12-05T15:13:10","slug":"e6-bardu-fire-flydd-til-unn-etter-frontkollisjon","status":"publish","type":"post","link":"https:\/\/www.europesays.com\/no\/105119\/","title":{"rendered":"E6, Bardu | Fire flydd til UNN etter frontkollisjon"},"content":{"rendered":"\n<p>N\u00f8detatene rykket fredag ettermiddag ut etter melding om trafikkulykke p\u00e5 E6 i Elvedalen i Bardu. Troms politidistrikt meldte om ulykken klokken 13.44.<\/p>\n<p>Det er to personbiler som har v\u00e6rt i m\u00f8teulykke. Totalt fire personer var involvert.<\/p>\n<p>To personer satt fastklemt i kj\u00f8ret\u00f8yene. Begge var v\u00e5kne, meldte politiet.<\/p>\n<p>Veitraikksentralen meldte at E6 var stengt klokken 13.44. Beregnet sluttid er klokken 16.00.<\/p>\n<p>Politiet f\u00e5r hjelp av Milit\u00e6rpolitiet som rykker ut for \u00e5 bist\u00e5 med trafikkdirigering. Trafikken p\u00e5 stedet omdirigeres via Tunveien forbi skadestedet.<\/p>\n<p>Klokken 14.45 melder politiet at alle er frigjort og f\u00e5r helsehjelp. Alle de fire involverte ble tatt med til UNN med helikopter.<\/p>\n<p>Skadeomfanget er ukjent.<\/p>\n<p>Det var tre personer i den ene bilen og kun f\u00f8rer i den andre bilen, melder politiet.<\/p>\n<p>Vitner har opplyst at bilen som kj\u00f8rte nordover har kommet over i motg\u00e5ende kj\u00f8refelt.<\/p>\n","protected":false},"excerpt":{"rendered":"N\u00f8detatene rykket fredag ettermiddag ut etter melding om trafikkulykke p\u00e5 E6 i Elvedalen i Bardu. Troms politidistrikt meldte&hellip;\n","protected":false},"author":2,"featured_media":2176,"comment_status":"","ping_status":"","sticky":false,"template":"","format":"standard","meta":{"footnotes":""},"categories":[10],"tags":[36,5344,20,21,834,24,25,15,22,23,13,30,28,29,14,16,1510,26,27,51],"class_list":{"0":"post-105119","1":"post","2":"type-post","3":"status-publish","4":"format-standard","5":"has-post-thumbnail","7":"category-norge","8":"tag-art","9":"tag-bardu","10":"tag-breaking-news","11":"tag-breakingnews","12":"tag-e6","13":"tag-featured-news","14":"tag-featurednews","15":"tag-headlines","16":"tag-latest-news","17":"tag-latestnews","18":"tag-news","19":"tag-no","20":"tag-norge","21":"tag-norway","22":"tag-nyheter","23":"tag-overskrifter","24":"tag-story","25":"tag-top-stories","26":"tag-topstories","27":"tag-ulykke"},"share_on_mastodon":{"url":"https:\/\/pubeurope.com\/@no\/115667612672945448","error":""},"_links":{"self":[{"href":"https:\/\/www.europesays.com\/no\/wp-json\/wp\/v2\/posts\/105119","targetHints":{"allow":["GET"]}}],"collection":[{"href":"https:\/\/www.europesays.com\/no\/wp-json\/wp\/v2\/posts"}],"about":[{"href":"https:\/\/www.europesays.com\/no\/wp-json\/wp\/v2\/types\/post"}],"author":[{"embeddable":true,"href":"https:\/\/www.europesays.com\/no\/wp-json\/wp\/v2\/users\/2"}],"replies":[{"embeddable":true,"href":"https:\/\/www.europesays.com\/no\/wp-json\/wp\/v2\/comments?post=105119"}],"version-history":[{"count":0,"href":"https:\/\/www.europesays.com\/no\/wp-json\/wp\/v2\/posts\/105119\/revisions"}],"wp:featuredmedia":[{"embeddable":true,"href":"https:\/\/www.europesays.com\/no\/wp-json\/wp\/v2\/media\/2176"}],"wp:attachment":[{"href":"https:\/\/www.europesays.com\/no\/wp-json\/wp\/v2\/media?parent=105119"}],"wp:term":[{"taxonomy":"category","embeddable":true,"href":"https:\/\/www.europesays.com\/no\/wp-json\/wp\/v2\/categories?post=105119"},{"taxonomy":"post_tag","embeddable":true,"href":"https:\/\/www.europesays.com\/no\/wp-json\/wp\/v2\/tags?post=105119"}],"curies":[{"name":"wp","href":"https:\/\/api.w.org\/{rel}","templated":true}]}}