{"id":10512,"date":"2025-08-17T13:56:15","date_gmt":"2025-08-17T13:56:15","guid":{"rendered":"https:\/\/www.europesays.com\/no\/10512\/"},"modified":"2025-08-17T13:56:15","modified_gmt":"2025-08-17T13:56:15","slug":"studiestotte-baksmell-benjamin-langeland-mener-studenter-straffes-av-lanekassen-for-a-jobbe","status":"publish","type":"post","link":"https:\/\/www.europesays.com\/no\/10512\/","title":{"rendered":"Studiest\u00f8tte, Baksmell | Benjamin Langeland mener studenter straffes av l\u00e5nekassen for \u00e5 jobbe"},"content":{"rendered":"\n<p><b>Som student i Norge<\/b> i dag blir du stadig m\u00f8tt med motstridende krav og forventninger. For \u00e5 skaffe deg relevant erfaring og kunne vise til noe p\u00e5 CV-en, forventes det at du har en deltidsjobb ved siden av studiene.<\/p>\n<p>Samtidig er du helt avhengig av denne inntekten for \u00e5 f\u00e5 hverdagen til \u00e5 g\u00e5 rundt. Problemet? Jobber du \u00abfor mye\u00bb, risikerer du \u00e5 m\u00e5tte betale tilbake store summer til L\u00e5nekassen \u2013 <a href=\"https:\/\/www.smartepenger.no\/lan\/313-reduksjon-av-lan-og-stipend?utm_source\" rel=\"Follow nofollow noopener\" target=\"_blank\">inntil 63.000 kroner<\/a>.<\/p>\n<p><b>L\u00e5nekassen betaler ut<\/b> rundt <a href=\"https:\/\/lanekassen.no\/nb-NO\/presse-og-samfunnskontakt\/nyheter\/viktig-a-vite-for-deg-som-skal-ha-studielan\/\" rel=\"Follow nofollow noopener\" target=\"_blank\">11.000 kroner<\/a> i m\u00e5neden i l\u00e5n og stipend. Dette skal i teorien dekke alt: husleie, str\u00f8m, mat, pensum, transport, aktiviteter og en og annen kaffekopp.<\/p>\n<p>De fleste vet at det ikke er mulig \u2013 ikke uten hjelp hjemmefra eller en ekstra inntektskilde.<\/p>\n<p><b>Men hjelp hjemmefra<\/b> er ikke en selvf\u00f8lge. Mange av oss har ikke foreldre som kan overf\u00f8re flere tusenlapper hver m\u00e5ned. Vi \u00f8nsker heller ikke \u00e5 v\u00e6re avhengige. Vi vil klare oss selv, fors\u00f8rge oss selv, bidra til samfunnet og betale skatt.<\/p>\n<p>Men dette m\u00f8tes ikke med takk. Det m\u00f8tes med et slag i ansiktet: en \u00f8konomisk straff fra systemet som egentlig skulle st\u00f8tte oss.<\/p>\n<p><b>Ta f\u00f8lgende eksempel:<\/b><\/p>\n<p>Person 1: Jobber ved siden av studiene for \u00e5 kunne betale husleie og levekostnader. Yter en innsats og skaper verdier for samfunnet, men blir straffet med en baksmell p\u00e5 63.000 kroner.<\/p>\n<p>Person 2: F\u00e5r fullt stipend og \u00f8konomisk st\u00f8tte hjemmefra. Trenger ikke l\u00f8fte en finger ved siden av studiene \u2013 og slipper unna uten noen \u00f8konomisk konsekvens.<\/p>\n<p>Dette systemet beviser \u00e9n ting: At latskap, og noen ekstra timer p\u00e5 puten, faktisk kan gi en \u00f8konomisk gevinst. Det er meningsl\u00f8st og direkte demotiverende.<\/p>\n<p><b>Dette handler ikke <\/b>om at \u00abmye vil ha mer\u00bb. Det handler om et system som aktivt motarbeider oss som pr\u00f8ver \u00e5 gj\u00f8re alt riktig: studere, jobbe, l\u00e6re og bidra.<\/p>\n<p>L\u00e5nekassen straffer innsats, og bel\u00f8nner passivitet eller privilegier.<\/p>\n<p><b>Er det rettferdig <\/b>at to studenter kan sitte i samme forelesningssal \u2013 med like gode karakterer og like stor arbeidskapasitet \u2013 men at den ene m\u00e5 jobbe for \u00e5 betale regninger og blir \u00f8konomisk straffet, mens den andre, som kan fokusere fullt p\u00e5 studiene takket v\u00e6re familie\u00f8konomi, blir bel\u00f8nnet med fullt stipend?<\/p>\n<p>Vi trenger et system som ikke setter begrensninger p\u00e5 studenters vilje til \u00e5 jobbe. Som ikke gj\u00f8r det til et \u00f8konomisk sjansespill \u00e5 ta p\u00e5 seg noen ekstra vakter. Som faktisk anerkjenner at dagens levekostnader krever mer enn 10.000 kroner i m\u00e5neden.<\/p>\n<p>Vi trenger rettferdighet. Ikke straff.<\/p>\n<ul>\n<li>Klarer du \u00e5 f\u00e5 \u00f8konomien til \u00e5 g\u00e5 rundt uten jobb ved siden av? Skriv til oss p\u00e5 <a rel=\"Follow nofollow noopener\" href=\"https:\/\/www.ba.no\/benjamin-langeland-mener-studenter-straffes-av-lanekassen-for-a-jobbe\/o\/mailto:debatt@ba.no\" target=\"_blank\">debatt@ba.no<\/a>!<\/li>\n<\/ul>\n","protected":false},"excerpt":{"rendered":"Som student i Norge i dag blir du stadig m\u00f8tt med motstridende krav og forventninger. For \u00e5 skaffe&hellip;\n","protected":false},"author":2,"featured_media":10513,"comment_status":"","ping_status":"","sticky":false,"template":"","format":"standard","meta":{"footnotes":""},"categories":[10],"tags":[36,2181,20,21,37,24,25,15,1205,22,23,13,30,28,29,14,1533,16,2180,26,27],"class_list":{"0":"post-10512","1":"post","2":"type-post","3":"status-publish","4":"format-standard","5":"has-post-thumbnail","7":"category-norge","8":"tag-art","9":"tag-baksmell","10":"tag-breaking-news","11":"tag-breakingnews","12":"tag-debatt","13":"tag-featured-news","14":"tag-featurednews","15":"tag-headlines","16":"tag-lanekassen","17":"tag-latest-news","18":"tag-latestnews","19":"tag-news","20":"tag-no","21":"tag-norge","22":"tag-norway","23":"tag-nyheter","24":"tag-opinion","25":"tag-overskrifter","26":"tag-studiestotte","27":"tag-top-stories","28":"tag-topstories"},"share_on_mastodon":{"url":"","error":""},"_links":{"self":[{"href":"https:\/\/www.europesays.com\/no\/wp-json\/wp\/v2\/posts\/10512","targetHints":{"allow":["GET"]}}],"collection":[{"href":"https:\/\/www.europesays.com\/no\/wp-json\/wp\/v2\/posts"}],"about":[{"href":"https:\/\/www.europesays.com\/no\/wp-json\/wp\/v2\/types\/post"}],"author":[{"embeddable":true,"href":"https:\/\/www.europesays.com\/no\/wp-json\/wp\/v2\/users\/2"}],"replies":[{"embeddable":true,"href":"https:\/\/www.europesays.com\/no\/wp-json\/wp\/v2\/comments?post=10512"}],"version-history":[{"count":0,"href":"https:\/\/www.europesays.com\/no\/wp-json\/wp\/v2\/posts\/10512\/revisions"}],"wp:featuredmedia":[{"embeddable":true,"href":"https:\/\/www.europesays.com\/no\/wp-json\/wp\/v2\/media\/10513"}],"wp:attachment":[{"href":"https:\/\/www.europesays.com\/no\/wp-json\/wp\/v2\/media?parent=10512"}],"wp:term":[{"taxonomy":"category","embeddable":true,"href":"https:\/\/www.europesays.com\/no\/wp-json\/wp\/v2\/categories?post=10512"},{"taxonomy":"post_tag","embeddable":true,"href":"https:\/\/www.europesays.com\/no\/wp-json\/wp\/v2\/tags?post=10512"}],"curies":[{"name":"wp","href":"https:\/\/api.w.org\/{rel}","templated":true}]}}