{"id":105122,"date":"2025-12-05T15:16:07","date_gmt":"2025-12-05T15:16:07","guid":{"rendered":"https:\/\/www.europesays.com\/no\/105122\/"},"modified":"2025-12-05T15:16:07","modified_gmt":"2025-12-05T15:16:07","slug":"fotballfest-i-trumps-skygge-ytring","status":"publish","type":"post","link":"https:\/\/www.europesays.com\/no\/105122\/","title":{"rendered":"Fotballfest i Trumps skygge\u00a0 \u2013 Ytring"},"content":{"rendered":"<p>\u00abKan det v\u00e6re? Jo, det er jo han, men hva i alle dager gj\u00f8r han p\u00e5 det bildet der?\u00bb<\/p>\n<p>Slik hvisket og snakket vi rundt p\u00e5 desken tidligere i h\u00f8st. Donald Trump sto p\u00e5 scenen for \u00e5 presentere sin fredsplan for Gaza i feriebyen Sharm el-Sheikh, omkranset av en rekke politiske ledere.<\/p>\n<p>Presidenten i Egypt deltok. Det gjorde Tysklands forbundskansler ogs\u00e5. V\u00e5r egen statsminister var med, om enn ikke p\u00e5 den siste pressekonferansen.<\/p>\n<p><strong>Det var derimot<\/strong> en annen og uventet skikkelse. Helt ytterst i forsamlingen stod en lett gjenkjennelig, skallet sveitsisk-italiener, Gianni Infantino, ogs\u00e5 han med en presidenttittel. Ikke for et land eller for en stat, men president i FIFA, verdens fotballforbund.\n<\/p>\n<p>Akkurat hva han gjorde der, bortsett fra \u00e5 love st\u00f8tte til gjenoppbygging av fotballbaner p\u00e5 den helt \u00f8delagte kyststripen, vet jeg fortsatt ikke. Men Infantinos tilstedev\u00e6relse p\u00e5 dette toppm\u00f8tet st\u00e5r igjen som et symbol p\u00e5 hvordan Donald Trump driver politikk.\n<\/p>\n<p><img decoding=\"async\"   src=\"data:image\/gif;base64,R0lGODlhAQABAIAAAAAAAP\/\/\/yH5BAEAAAAALAAAAAABAAEAAAIBRAA7\" loading=\"eager\" alt=\"Trump og Infantino\" title=\"Foto: AFP\"\/><\/p>\n<p class=\"\">USAs president, Donald Trump, og FIFA-president Gianni Infantio med VM-pokalen i Det ovale kontor.<\/p>\n<p>Foto: AFP<\/p>\n<p>Moderne internasjonal politikk har til vanlig blitt drevet gjennom sammensatte og kompliserte prosesser som veier ulike hensyn opp mot hverandre: Staters egne interesser, kortsiktige behov, langsiktige konsekvenser, moral og maktbalanse.<\/p>\n<p>Det er et eget h\u00e5ndverk med en egen tyngdekraft, ofte drevet fram av diplomater og politikere med lang erfaring og kjennskap til landene de behandler.<\/p>\n<p>Med Trump er det ikke s\u00e5nn. Han ser ut til \u00e5 drive internasjonal politikk slik han driver egne forretninger: Med personlige forbindelser, forhandlinger og \u00f8konomiske interesser som drivkraft.<\/p>\n<p>I et essay i <a href=\"https:\/\/www.morgenbladet.no\/samfunn\/det-er-ingen-plan-den-finnes-ikke\/10074232\" title=\"Lenke til Morgenbladet bak betalingsmur\" ec-id=\"https:\/\/www.morgenbladet.no\/samfunn\/det-er-ingen-plan-den-finnes-ikke\/10074232\" ec-name=\"Morgenbladet\" rel=\"nofollow noopener\" target=\"_blank\">Morgenbladet<\/a> beskriver tidligere statssekret\u00e6r Henrik Thune hvordan de gamle maktsentrene i Washington st\u00e5r nesten tomme.\n<\/p>\n<p><strong>I gangene<\/strong> hvor krig og fred har blitt avgjort i generasjoner, som Eisenhower-bygningen, er det ikke knapt mennesker igjen, og de som er der vet lite om hva som skjer.<\/p>\n<p>I stedet sender Donald Trump sin tidligere forretningsforbindelse Steve Witkoff, en eiendomsutvikler, verden rundt. Ofte reiser han sammen med svigers\u00f8nnen Jared Kushner, ogs\u00e5 han forretningsmann.<\/p>\n<p>Avisen Wall Street Journal <a href=\"https:\/\/www.wsj.com\/world\/russia\/russia-u-s-peace-business-ties-4db9b290?gaa_at=eafs&amp;gaa_n=AWEtsqcUuv9avpbyxO6g2JR3smmeRpgNi7TIFU3pCsW3bIc56bWgMQ547r6UDJqOOnw%3D&amp;gaa_ts=6930754d&amp;gaa_sig=xq1cf9ivjWvwicXgSn7_BgnB2jFkeSkffdD0xf7kvfig-yu_66NJZi54gSEtdjGc7VNN4WrerrngK8fL201aeA%3D%3D\" ec-id=\"https:\/\/www.wsj.com\/world\/russia\/russia-u-s-peace-business-ties-4db9b290\" ec-name=\"beskriver\" rel=\"nofollow noopener\" target=\"_blank\">beskriver<\/a> i inng\u00e5ende detalj hvordan forretninger og politikk glir over i hverandre i Ukraina-forhandlingene, der amerikanske forretningsfolk loves store muligheter i Russland etter en fredsavtale.<\/p>\n<p><strong>Grunnen til at<\/strong> demokratier har forhandlet med andre land gjennom systemer, ikke enkeltpersoner og forretningsmenn, er \u00e5penbar: Tar du med deg egne personlige interesser inn i en fredsforhandling, er sjansen stor for at du kan godta en samlet sett d\u00e5rlig avtale, s\u00e5 lenge du selv tjener penger p\u00e5 den. Korrupsjonen ligger og lurer rett under overflaten.\n<\/p>\n<p>I denne nettverksbaserte verdenen, der mye, veldig mye, dreier seg om penger, passer ogs\u00e5 Infantino og fotball inn, uten direkte sammenligning f\u00f8r \u00f8vrig. Han representerer en global sport med en rik historie hvor pengene flyter, og er en brikke som kan brukes n\u00e5r det er n\u00f8dvendig.<\/p>\n<p><strong>Infantino og fotball<\/strong> har en ting til som er interessant for Trump, oppmerksomhet. Det er det andre beinet Trumps politiske liv hviler p\u00e5. Alle vil til VM. Alle, i hvert fall nesten alle, liker fotball. Hvem i Norge vokste ikke et par centimeter etter Italia-seieren? Og fotballtr\u00f8yer med Messi, Ronaldo og Haaland p\u00e5 ryggen finnes i alle kroker av verden, fra den minste og fattigste landsby i Afrika til hippe barer i Tokyo.<\/p>\n<p>Trump er ikke alene om \u00e5 bruke store idrettsarrangementer til egen politisk vinning. Sport og politikk har alltid v\u00e6rt tett sammenvevd.<\/p>\n<p>I 1998, da Frankrike arrangerte og vant sitt f\u00f8rste VM, satt dav\u00e6rende president Jacques Chirac med sitt franske fotballskjerf p\u00e5 kamp etter kamp, og hvem husker vel at han egentlig ikke kunne s\u00e5 mye om fotball og at han faktisk ikke kunne navnet p\u00e5 spillerne en gang? Men som statsleder h\u00f8rer han jo ogs\u00e5 til p\u00e5 tribunen under store samlende begivenheter som dette er.\n<\/p>\n<p><strong>P\u00e5 den m\u00f8rkere<\/strong> siden av det politiske spekteret, brukte det argentinske milit\u00e6rdiktaturet sitt VM-arrangement i 1978 for \u00e5 framstille seg som popul\u00e6re og vellykkede, mens de skjulte et tortursenter for politiske fanger noen hundre meter fra nasjonalstadion i Buenos Aires hvor Argentina til slutt slo Nederland i finalen.<\/p>\n<p>Trump skrur dette til p\u00e5 sin m\u00e5te. Han flyttet trekningen fra Las Vegas til Kennedy-senteret i Washington D.C. hvor han har gjort seg selv til styreleder. Han har \u00e5pent brukt arrangementet til \u00e5 legge politisk press p\u00e5 motstandere ved \u00e5 true en arrang\u00f8rby som Boston, styrt av Det demokratiske parti.<\/p>\n<p>Trump p\u00e5stod det at det er for mye kriminalitet der, s\u00e5 kanskje de ikke burde f\u00e5 arrangere VM-kamper som planlagt? Lignende p\u00e5stander har Trumps regjering brukt til \u00e5 sende f\u00f8derale styrker til andre amerikanske byer, ogs\u00e5 de styrt av Demokratene.<\/p>\n<p><strong>Det er FIFA <\/strong>som arrangerer VM og har kontraktene med vertsbyene, men Trump p\u00e5stod han kunne ta en telefon til Infantino, eller Gianni som han sa, for \u00e5 ordne dette. Fotballen blir dermed en del av en politisk kamp, og et verkt\u00f8y i amerikansk innenrikspolitikk.\n<\/p>\n<p><img decoding=\"async\"   src=\"data:image\/gif;base64,R0lGODlhAQABAIAAAAAAAP\/\/\/yH5BAEAAAAALAAAAAABAAEAAAIBRAA7\" loading=\"eager\" alt=\"FIFA Club World Cup - Final \" title=\"Foto: Reuters\"\/><\/p>\n<p class=\"\">BLE MED P\u00c5 FESTEN: Trump feiret med Chelseas spillere da de l\u00f8ftet trof\u00e9et som vinnere av VM for klubblag i sommer.<\/p>\n<p>Foto: Reuters<\/p>\n<p>Risikoen er ogs\u00e5 til stede for at FIFA knyttes indirekte opp mot Trumps politikk. Det v\u00e6re seg de kontroversielle d\u00f8delige angrepene p\u00e5 sm\u00e5b\u00e5ter utenfor Venezuela, en streng innvandringspolitikk som gj\u00f8r at fotballfans kanskje ikke kommer inn i landet, eller hvem vet, en fredsavtale med Russland som ofrer Ukrainas selvstendighet i bytte mot lukrative forretninger for et knippe amerikanske forretningsfolk.<\/p>\n<p><strong>N\u00e5r man f\u00f8rst <\/strong>har lagt inn p\u00e5 den veien med Trump som FIFA og Infantino har gjort, er det ikke lett \u00e5 snu. Hva med en egen fredspris for eksempel? Etter at det ble klart at Trump ikke f\u00e5r Nobels fredspris, opprettet FIFA en egen fredspris som skal deles ut i forbindelse med trekningen.\n<\/p>\n<p>Vi vet enn\u00e5 ikke hvem som f\u00e5r den eller hvordan vinneren pekes ut, men jeg blir i hvert fall ikke veldig overrasket om den g\u00e5r til kveldens vert.<\/p>\n<p>For FIFA og fotballen kan det kanskje v\u00e6re politisk opportunt \u00e5 koble seg til Trump i dette VM. Til en viss grad har de heller ikke noe valg. Han er tross alt president i det viktigste arrang\u00f8rlandet, og de trenger et arbeidsforhold for at dette skal fungere.<\/p>\n<p>Men de hadde ikke trengt \u00e5 klistre seg s\u00e5 tett p\u00e5 Trump med deltakelse i storpolitiske forhandlinger, fredsprisutdeling og \u00e5penlys smisking.<\/p>\n<p><strong>B\u00e5de for fotballen<\/strong> og alle andre som n\u00e5 danser rundt Trump og hans n\u00e6rmeste, kan det v\u00e6re greit \u00e5 huske p\u00e5 at det kommer en tid etter dette ogs\u00e5.<\/p>\n<p>Publisert<\/p>\n<p>05.12.2025, kl. 15.08<\/p>\n","protected":false},"excerpt":{"rendered":"\u00abKan det v\u00e6re? Jo, det er jo han, men hva i alle dager gj\u00f8r han p\u00e5 det bildet&hellip;\n","protected":false},"author":2,"featured_media":105123,"comment_status":"","ping_status":"","sticky":false,"template":"","format":"standard","meta":{"footnotes":""},"categories":[59],"tags":[30,28,29,83,82],"class_list":{"0":"post-105122","1":"post","2":"type-post","3":"status-publish","4":"format-standard","5":"has-post-thumbnail","7":"category-sport","8":"tag-no","9":"tag-norge","10":"tag-norway","11":"tag-sport","12":"tag-sports"},"share_on_mastodon":{"url":"https:\/\/pubeurope.com\/@no\/115667624773653598","error":""},"_links":{"self":[{"href":"https:\/\/www.europesays.com\/no\/wp-json\/wp\/v2\/posts\/105122","targetHints":{"allow":["GET"]}}],"collection":[{"href":"https:\/\/www.europesays.com\/no\/wp-json\/wp\/v2\/posts"}],"about":[{"href":"https:\/\/www.europesays.com\/no\/wp-json\/wp\/v2\/types\/post"}],"author":[{"embeddable":true,"href":"https:\/\/www.europesays.com\/no\/wp-json\/wp\/v2\/users\/2"}],"replies":[{"embeddable":true,"href":"https:\/\/www.europesays.com\/no\/wp-json\/wp\/v2\/comments?post=105122"}],"version-history":[{"count":0,"href":"https:\/\/www.europesays.com\/no\/wp-json\/wp\/v2\/posts\/105122\/revisions"}],"wp:featuredmedia":[{"embeddable":true,"href":"https:\/\/www.europesays.com\/no\/wp-json\/wp\/v2\/media\/105123"}],"wp:attachment":[{"href":"https:\/\/www.europesays.com\/no\/wp-json\/wp\/v2\/media?parent=105122"}],"wp:term":[{"taxonomy":"category","embeddable":true,"href":"https:\/\/www.europesays.com\/no\/wp-json\/wp\/v2\/categories?post=105122"},{"taxonomy":"post_tag","embeddable":true,"href":"https:\/\/www.europesays.com\/no\/wp-json\/wp\/v2\/tags?post=105122"}],"curies":[{"name":"wp","href":"https:\/\/api.w.org\/{rel}","templated":true}]}}