{"id":105124,"date":"2025-12-05T15:21:09","date_gmt":"2025-12-05T15:21:09","guid":{"rendered":"https:\/\/www.europesays.com\/no\/105124\/"},"modified":"2025-12-05T15:21:09","modified_gmt":"2025-12-05T15:21:09","slug":"pentagon-saksokes-av-new-york-times-for-brudd-pa-pressefriheten","status":"publish","type":"post","link":"https:\/\/www.europesays.com\/no\/105124\/","title":{"rendered":"Pentagon saks\u00f8kes av New York Times for brudd p\u00e5 pressefriheten"},"content":{"rendered":"<p class=\"kicker t15 font-weight-bold m-font-weight-bold color_mobile_no_bg_color quaternary color_mobile_quaternary font-Trim text-case-transform-upper mobile-hasTextPadding\" style=\"\">Nyheter<\/p>\n<p>    New York Times mener Pentagon innskrenker pressefriheten. Pentagon begrunner at de vil hindre lekkasjer.<\/p>\n<p>\n        KRIGSMINISTER: Pete Hegseth har jobbet for \u00e5 minske tilgangen som Pentagons pressekorps har til departementet.<br \/>\n        Foto: Julia Demaree Nikhinson, AP, NTB\n    <\/p>\n<p>New York Times har saks\u00f8kt Pentagon for \u00e5 bryte USAs grunnlovsfestede pressefrihet ved \u00e5 innf\u00f8re nye restriksjoner for hva journalister kan skrive om.<\/p>\n<p>S\u00f8ksm\u00e5let mot det amerikanske krigsdepartementet ble levert inn torsdag, skriver\u00a0<a href=\"https:\/\/www.nytimes.com\/2025\/12\/04\/business\/media\/new-york-times-pentagon-lawsuit.html\" target=\"_blank\" rel=\"nofollow noopener\">avisen<\/a>.<\/p>\n<p>Medieselskapet mener restriksjonene er av n\u00f8yaktig samme type som de som h\u00f8yesterett og en ankedomstol tidligere har kommet fram til at bryter med det f\u00f8rste tillegget i den amerikanske grunnloven.<\/p>\n<p>Pentagons nye regler tr\u00e5dte i kraft i oktober. De inneb\u00e6rer at journalister m\u00e5 signere et 21 sider langt skjema som setter klare begrensninger for journalistikken, blant annet n\u00e5r det gjelder foresp\u00f8rsler om sakstips og henvendelser til kilder.<\/p>\n<p>New York Times mener at reglene i realiteten inneb\u00e6rer at Pentagons virksomhet stenges for innsyn fra pressen. I s\u00f8ksm\u00e5let vises det ogs\u00e5 til at det historisk sett har r\u00e5det en helt annen \u00e5penhet, som innebar at pressen kunne rapportere upartisk og uten frykt om departementets virksomhet og dets ledelse.<\/p>\n<p>Pentagon har begrunnet de nye reglene med at de skal hindre lekkasjer og skade p\u00e5 nasjonal sikkerhet og milit\u00e6re operasjoner.<\/p>\n<p>USAs krigsminister Pete Hegseth har i flere m\u00e5neder jobbet for \u00e5 minske tilgangen som Pentagons pressekorps har til departementet. Flere medier er blitt fratatt plassene de hadde i departementets presselosje.<\/p>\n","protected":false},"excerpt":{"rendered":"Nyheter New York Times mener Pentagon innskrenker pressefriheten. Pentagon begrunner at de vil hindre lekkasjer. KRIGSMINISTER: Pete Hegseth&hellip;\n","protected":false},"author":2,"featured_media":105125,"comment_status":"","ping_status":"","sticky":false,"template":"","format":"standard","meta":{"footnotes":""},"categories":[12],"tags":[20,21,24,25,15,22,23,13,30,28,29,14,16,26,27,42,43,44,45],"class_list":{"0":"post-105124","1":"post","2":"type-post","3":"status-publish","4":"format-standard","5":"has-post-thumbnail","7":"category-verden","8":"tag-breaking-news","9":"tag-breakingnews","10":"tag-featured-news","11":"tag-featurednews","12":"tag-headlines","13":"tag-latest-news","14":"tag-latestnews","15":"tag-news","16":"tag-no","17":"tag-norge","18":"tag-norway","19":"tag-nyheter","20":"tag-overskrifter","21":"tag-top-stories","22":"tag-topstories","23":"tag-verden","24":"tag-world","25":"tag-world-news","26":"tag-worldnews"},"share_on_mastodon":{"url":"https:\/\/pubeurope.com\/@no\/115667644215806548","error":""},"_links":{"self":[{"href":"https:\/\/www.europesays.com\/no\/wp-json\/wp\/v2\/posts\/105124","targetHints":{"allow":["GET"]}}],"collection":[{"href":"https:\/\/www.europesays.com\/no\/wp-json\/wp\/v2\/posts"}],"about":[{"href":"https:\/\/www.europesays.com\/no\/wp-json\/wp\/v2\/types\/post"}],"author":[{"embeddable":true,"href":"https:\/\/www.europesays.com\/no\/wp-json\/wp\/v2\/users\/2"}],"replies":[{"embeddable":true,"href":"https:\/\/www.europesays.com\/no\/wp-json\/wp\/v2\/comments?post=105124"}],"version-history":[{"count":0,"href":"https:\/\/www.europesays.com\/no\/wp-json\/wp\/v2\/posts\/105124\/revisions"}],"wp:featuredmedia":[{"embeddable":true,"href":"https:\/\/www.europesays.com\/no\/wp-json\/wp\/v2\/media\/105125"}],"wp:attachment":[{"href":"https:\/\/www.europesays.com\/no\/wp-json\/wp\/v2\/media?parent=105124"}],"wp:term":[{"taxonomy":"category","embeddable":true,"href":"https:\/\/www.europesays.com\/no\/wp-json\/wp\/v2\/categories?post=105124"},{"taxonomy":"post_tag","embeddable":true,"href":"https:\/\/www.europesays.com\/no\/wp-json\/wp\/v2\/tags?post=105124"}],"curies":[{"name":"wp","href":"https:\/\/api.w.org\/{rel}","templated":true}]}}