{"id":105126,"date":"2025-12-05T15:22:10","date_gmt":"2025-12-05T15:22:10","guid":{"rendered":"https:\/\/www.europesays.com\/no\/105126\/"},"modified":"2025-12-05T15:22:10","modified_gmt":"2025-12-05T15:22:10","slug":"brann-i-moske-pa-gronland-slukket-flere-evakuerte-stor-oslo","status":"publish","type":"post","link":"https:\/\/www.europesays.com\/no\/105126\/","title":{"rendered":"Brann i mosk\u00e9 p\u00e5 Gr\u00f8nland slukket \u2013 flere evakuerte \u2013 Stor-Oslo"},"content":{"rendered":"<p>Brannvesenet har n\u00e5 slukket brannen. De som var i moskeen evakuerte seg selv, if\u00f8lge politiet.<\/p>\n<p><strong>Det er ikke meldt om alvorlige skader, men seks personer har f\u00e5tt i seg r\u00f8yk.<\/strong><\/p>\n<p>Disse ble ivaretatt av ambulansepersonell p\u00e5 stedet, melder politiet. To av dem er n\u00e5 fraktet til sykehus.<\/p>\n<p>Det er fortsatt mye r\u00f8yk i bygget, men det skal ikke v\u00e6re flere igjen inne i bygget.<\/p>\n<p>R\u00f8ykutviklingen har startet p\u00e5 et b\u00f8ttekott inne i moskeen, if\u00f8lge politiet. \u00c5rsaken til brannen er forel\u00f8pig ikke kjent.<\/p>\n<p>\u2013 Vi gj\u00f8r unders\u00f8kelser for \u00e5 pr\u00f8ve \u00e5 klarlegge dette, skriver politiet videre.<\/p>\n<p><a class=\"login-banner-hack\" href=\"https:\/\/www.nrk.no\/logginn?context=article-plug\" style=\"padding: 0; border: none; display: none\" rel=\"nofollow noopener\" target=\"_blank\"><\/p>\n<p>            <img decoding=\"async\"   src=\"data:image\/gif;base64,R0lGODlhAQABAIAAAAAAAP\/\/\/yH5BAEAAAAALAAAAAABAAEAAAIBRAA7\" alt=\"Oppfordring til \u00e5 logge p\u00e5 NRKs tjenester\" title=\"Foto: Odd Arne Olderbakk\"\/><\/p>\n<p>            <img decoding=\"async\"   src=\"data:image\/gif;base64,R0lGODlhAQABAIAAAAAAAP\/\/\/yH5BAEAAAAALAAAAAABAAEAAAIBRAA7\" alt=\"Oppfordring til \u00e5 logge p\u00e5 NRKs tjenester\" title=\"Foto: Odd Arne Olderbakk\"\/><\/p>\n<p><\/a><\/p>\n<p>Publisert<\/p>\n<p>05.12.2025, kl. 12.34<\/p>\n<p>Oppdatert<\/p>\n<p>05.12.2025, kl. 14.58<\/p>\n","protected":false},"excerpt":{"rendered":"Brannvesenet har n\u00e5 slukket brannen. De som var i moskeen evakuerte seg selv, if\u00f8lge politiet. Det er ikke&hellip;\n","protected":false},"author":2,"featured_media":105127,"comment_status":"","ping_status":"","sticky":false,"template":"","format":"standard","meta":{"footnotes":""},"categories":[10],"tags":[20,21,24,25,15,22,23,13,30,28,29,14,16,26,27],"class_list":{"0":"post-105126","1":"post","2":"type-post","3":"status-publish","4":"format-standard","5":"has-post-thumbnail","7":"category-norge","8":"tag-breaking-news","9":"tag-breakingnews","10":"tag-featured-news","11":"tag-featurednews","12":"tag-headlines","13":"tag-latest-news","14":"tag-latestnews","15":"tag-news","16":"tag-no","17":"tag-norge","18":"tag-norway","19":"tag-nyheter","20":"tag-overskrifter","21":"tag-top-stories","22":"tag-topstories"},"share_on_mastodon":{"url":"https:\/\/pubeurope.com\/@no\/115667648093188310","error":""},"_links":{"self":[{"href":"https:\/\/www.europesays.com\/no\/wp-json\/wp\/v2\/posts\/105126","targetHints":{"allow":["GET"]}}],"collection":[{"href":"https:\/\/www.europesays.com\/no\/wp-json\/wp\/v2\/posts"}],"about":[{"href":"https:\/\/www.europesays.com\/no\/wp-json\/wp\/v2\/types\/post"}],"author":[{"embeddable":true,"href":"https:\/\/www.europesays.com\/no\/wp-json\/wp\/v2\/users\/2"}],"replies":[{"embeddable":true,"href":"https:\/\/www.europesays.com\/no\/wp-json\/wp\/v2\/comments?post=105126"}],"version-history":[{"count":0,"href":"https:\/\/www.europesays.com\/no\/wp-json\/wp\/v2\/posts\/105126\/revisions"}],"wp:featuredmedia":[{"embeddable":true,"href":"https:\/\/www.europesays.com\/no\/wp-json\/wp\/v2\/media\/105127"}],"wp:attachment":[{"href":"https:\/\/www.europesays.com\/no\/wp-json\/wp\/v2\/media?parent=105126"}],"wp:term":[{"taxonomy":"category","embeddable":true,"href":"https:\/\/www.europesays.com\/no\/wp-json\/wp\/v2\/categories?post=105126"},{"taxonomy":"post_tag","embeddable":true,"href":"https:\/\/www.europesays.com\/no\/wp-json\/wp\/v2\/tags?post=105126"}],"curies":[{"name":"wp","href":"https:\/\/api.w.org\/{rel}","templated":true}]}}