{"id":105128,"date":"2025-12-05T15:23:09","date_gmt":"2025-12-05T15:23:09","guid":{"rendered":"https:\/\/www.europesays.com\/no\/105128\/"},"modified":"2025-12-05T15:23:09","modified_gmt":"2025-12-05T15:23:09","slug":"brannovelse-brann-brannovelse-forte-til-telefonstorm-over-fjorden","status":"publish","type":"post","link":"https:\/\/www.europesays.com\/no\/105128\/","title":{"rendered":"Brann\u00f8velse, Brann | Brann\u00f8velse f\u00f8rte til telefonstorm over fjorden"},"content":{"rendered":"\n<p>Ask\u00f8y brann- og redning hadde fredag en nedbrennings\u00f8velse i Skjelvikveien p\u00e5 Ask, der de satte fyr p\u00e5 en eldre bolig for \u00e5 trene p\u00e5 slukking. <\/p>\n<p>Dette hadde de varslet de n\u00e6rmeste og informert nabolaget om p\u00e5 SMS. Men p\u00e5 Meland-siden av fjorden bekymret r\u00f8yken fra \u00f8velsen en hel del folk.<\/p>\n<p>\u2013 Masse telefoner <\/p>\n<p>\u2013 Den fikk vi masse telefoner p\u00e5. Ni\u2013ti telefoner, tror jeg, forteller Stian Kvam, vaktleder ved 110 Vest.<\/p>\n<p>Kvam kan fortelle at \u00f8velsen var planlagt, og at det ikke var spesielle materialer som gjorde r\u00f8yken farlig.<\/p>\n<p>\u2013 Synlig r\u00f8yk<\/p>\n<p>\u2013 De begynte i 0900-tiden, men r\u00f8yken kan v\u00e6re synlig frem mot 1600- og 1700-tiden, sier han, og legger til at det derfor kan v\u00e6re greit at folk f\u00e5r vite om grunnen.<\/p>\n<p>\u2013 Du ser r\u00f8yken godt fra over fjorden, s\u00e5 vi har f\u00e5tt en del meldinger fra Lind\u00e5s og Meland. S\u00e5 n\u00e5 vet folk hvorfor de ser r\u00f8yk, sier Kvam i 1340-tiden fredag.<\/p>\n","protected":false},"excerpt":{"rendered":"Ask\u00f8y brann- og redning hadde fredag en nedbrennings\u00f8velse i Skjelvikveien p\u00e5 Ask, der de satte fyr p\u00e5 en&hellip;\n","protected":false},"author":2,"featured_media":105129,"comment_status":"","ping_status":"","sticky":false,"template":"","format":"standard","meta":{"footnotes":""},"categories":[5],"tags":[13180,36,13181,2271,367,2019,1672,20,21,24,25,15,19,22,23,17,18,13,30,28,29,14,16,1510,26,27],"class_list":{"0":"post-105128","1":"post","2":"type-post","3":"status-publish","4":"format-standard","5":"has-post-thumbnail","7":"category-overskrifter","8":"tag-110-vest","9":"tag-art","10":"tag-ask","11":"tag-askoy","12":"tag-brann","13":"tag-brannovelse","14":"tag-brannvesen","15":"tag-breaking-news","16":"tag-breakingnews","17":"tag-featured-news","18":"tag-featurednews","19":"tag-headlines","20":"tag-hovedoppslag","21":"tag-latest-news","22":"tag-latestnews","23":"tag-main-news","24":"tag-mainnews","25":"tag-news","26":"tag-no","27":"tag-norge","28":"tag-norway","29":"tag-nyheter","30":"tag-overskrifter","31":"tag-story","32":"tag-top-stories","33":"tag-topstories"},"share_on_mastodon":{"url":"https:\/\/pubeurope.com\/@no\/115667652073833143","error":""},"_links":{"self":[{"href":"https:\/\/www.europesays.com\/no\/wp-json\/wp\/v2\/posts\/105128","targetHints":{"allow":["GET"]}}],"collection":[{"href":"https:\/\/www.europesays.com\/no\/wp-json\/wp\/v2\/posts"}],"about":[{"href":"https:\/\/www.europesays.com\/no\/wp-json\/wp\/v2\/types\/post"}],"author":[{"embeddable":true,"href":"https:\/\/www.europesays.com\/no\/wp-json\/wp\/v2\/users\/2"}],"replies":[{"embeddable":true,"href":"https:\/\/www.europesays.com\/no\/wp-json\/wp\/v2\/comments?post=105128"}],"version-history":[{"count":0,"href":"https:\/\/www.europesays.com\/no\/wp-json\/wp\/v2\/posts\/105128\/revisions"}],"wp:featuredmedia":[{"embeddable":true,"href":"https:\/\/www.europesays.com\/no\/wp-json\/wp\/v2\/media\/105129"}],"wp:attachment":[{"href":"https:\/\/www.europesays.com\/no\/wp-json\/wp\/v2\/media?parent=105128"}],"wp:term":[{"taxonomy":"category","embeddable":true,"href":"https:\/\/www.europesays.com\/no\/wp-json\/wp\/v2\/categories?post=105128"},{"taxonomy":"post_tag","embeddable":true,"href":"https:\/\/www.europesays.com\/no\/wp-json\/wp\/v2\/tags?post=105128"}],"curies":[{"name":"wp","href":"https:\/\/api.w.org\/{rel}","templated":true}]}}