{"id":105130,"date":"2025-12-05T15:24:08","date_gmt":"2025-12-05T15:24:08","guid":{"rendered":"https:\/\/www.europesays.com\/no\/105130\/"},"modified":"2025-12-05T15:24:08","modified_gmt":"2025-12-05T15:24:08","slug":"de-norske-landslagsloperne-reagerer-pa-melding-fra-19-ar-gamle-alvar-myhlback-nrk-sport-sportsnyheter-resultater-og-sendeplan-2","status":"publish","type":"post","link":"https:\/\/www.europesays.com\/no\/105130\/","title":{"rendered":"De norske landslagsl\u00f8perne reagerer p\u00e5 melding fra 19 \u00e5r gamle Alvar Myhlback \u2013 NRK Sport \u2013 Sportsnyheter, resultater og sendeplan"},"content":{"rendered":"<p>Johannes H\u00f8sflot Kl\u00e6bo spurtet inn til seier nummer 100 i verdenscupen \u2013 men i kulissene i Gran\u00e5sen p\u00e5gikk ogs\u00e5 et voldsomt bikkjeslagsm\u00e5l om OL-plasser.<\/p>\n<p>Kanskje med unntak av for Alvar Myhlbacks del. Eller?<\/p>\n<p><img decoding=\"async\"   src=\"data:image\/gif;base64,R0lGODlhAQABAIAAAAAAAP\/\/\/yH5BAEAAAAALAAAAAABAAEAAAIBRAA7\" loading=\"eager\" alt=\"en person med hjelm (Bildebeskrivelsen er laget av en KI-tjeneste)\" title=\"Foto: Geir Olsen \/ NTB\"\/><\/p>\n<p class=\"\">\u2013 BARE TULL: Oskar Opstad Vike er sikker p\u00e5 at Alvar Myhlback har begynt \u00e5 tenke p\u00e5 Milano-Cortina i 2026.<\/p>\n<p>Foto: Geir Olsen \/ NTB<\/p>\n<p>F\u00f8r start skal nemlig 19-\u00e5ringen ha fortalt noen av de norske ut\u00f8verne at sprinten i Gran\u00e5sen kun dreide seg om forberedelser til langl\u00f8pet i Bad Gastein neste helg.<\/p>\n<p>Svensken staket seg inn p\u00e5 tredjeplass i finalen, med Oskar Opstad Vike p\u00e5 plassen foran seg. Nordmennene mente derfor \u00abSki Classics\u00bb-utspillet var ment som en bl\u00f8ff:<\/p>\n<p><strong>\u2013 Det er nok bare tull. Jeg tipper han har OL i tankene, i hvert fall n\u00e5, sa Oskar Opstad Vike til NRK etter l\u00f8pet.<\/strong><\/p>\n<p>\u2013 Da han sa det til meg i l\u00f8pertunellen, kalte jeg han for en tulling. Han bare ljuger, sier lagkompis Lars Heggen.<\/p>\n<p>Hyllet av Kl\u00e6bo<\/p>\n<p>Heller ikke H\u00f8stflot Kl\u00e6bo hadde stor tro p\u00e5 at \u00e5rets vinner av Vasaloppet ikke har begynt \u00e5 rette fokus mot Milano-Cortina neste vinter:<\/p>\n<p><strong>\u2013 Det blir vanskelig ikke \u00e5 \u00f8nske \u00e5 g\u00e5 OL n\u00e5r han g\u00e5r s\u00e5 bra som her. Jeg tror han hadde slitt mer om vi kunne g\u00e5tt diagonal i dag, men jeg synes det er imponerende det han f\u00e5r til. Det er ikke mange som staker som ham i dag, sa Kl\u00e6bo til NRK.<\/strong><\/p>\n<p>Flere av de norske hintet til at det svenske stortalentet hadde f\u00e5tt st\u00f8rre problemer om det hadde v\u00e6rt stakefrie soner underveis.<\/p>\n<p>Men Kl\u00e6bo hyllet likevel 19-\u00e5ringens innsats:<\/p>\n<p>\u2013 Han tar muligheten, utnytter den og kommer p\u00e5 pallen.<\/p>\n<p>La Kl\u00e6bo under press<\/p>\n<p>I heatene skilte Myhlback seg p\u00e5 glatte sk\u00f8yteski, men som likevel fikk opp et voldsomt tempo i Gran\u00e5sen-l\u00f8ypene.<\/p>\n<p><img decoding=\"async\"   src=\"data:image\/gif;base64,R0lGODlhAQABAIAAAAAAAP\/\/\/yH5BAEAAAAALAAAAAABAAEAAAIBRAA7\" loading=\"eager\" alt=\"En gruppe menn i skiutstyr (Bildebeskrivelsen er laget av en KI-tjeneste)\" title=\"Foto: Geir Olsen \/ NTB\"\/><\/p>\n<p class=\"\">FORTSATT KONGEN: Men ungguttene n\u00e6rmer seg stadig.<\/p>\n<p>Foto: Geir Olsen \/ NTB<\/p>\n<p>NRK spurte 19-\u00e5ringen om meldingen han serverte Ansgar Evensen f\u00f8r start var ren utpsyking:<\/p>\n<p><strong>\u2013 Nei, han var bare s\u00e5 r\u00e5. Men jeg er veldig forn\u00f8yd med race preppen, sa han med et smil.<\/strong><\/p>\n<p>\u2013 Du er i slag f\u00f8r Bad Gastein?<\/p>\n<p>\u2013 Ja, i hvert fall til \u00e5 g\u00e5. Det er en stor forskjell p\u00e5 \u00e5 g\u00e5 tre minutter og nesten tretti kilometer, men det er klart at kroppen spiller p\u00e5 lag, s\u00e5 det er fint \u00e5 kjenne p\u00e5.<\/p>\n<p>\u2013 Ser vi deg i OL? Det skal vel litt til at dette ikke holder?<\/p>\n<p>\u2013 Det vet man aldri, det er fortsatt tid til OL. Men det er klart at jeg leverte inn en bra s\u00f8knad i dag.<\/p>\n<p>Heggen var ikke det minste i tvil:<\/p>\n<p><strong>\u2013 Selvf\u00f8lgelig skal han p\u00e5 dette. Han skal selvf\u00f8lgelig til OL, sa han.<\/strong><\/p>\n<p>Northug med komisk fall<\/p>\n<p>Det var ungdommenes sin tur til \u00e5 vise seg fram under den klassiske skisprinten.<\/p>\n<p>Riktig nok kunne ingen hamle opp med Kl\u00e6bo p\u00e5 oppl\u00f8pet. B\u00e5de Myhlback, Vike og Lars Heggen og b\u00f8d riktig nok p\u00e5 mye motstand underveis.<\/p>\n<p><strong>\u2013 Det er moro \u00e5 v\u00e6re en 04&#8242;, en 05&#8242; og en 06&#8217;er topp fire i dag, kommenterte Opstad Vike.<\/strong><\/p>\n<p>Even Northug hadde mest grunn til \u00e5 v\u00e6re misforn\u00f8yd med egen innsats p\u00e5 jobben.<\/p>\n<p>30-\u00e5ringen fors\u00f8kte \u00e5 finne et bedre spor foran oppl\u00f8pet, men endte opp med \u00e5 falle i sn\u00f8en. Der gikk kanskje ogs\u00e5 eget OL-h\u00e5p opp i r\u00f8yk:<\/p>\n<p><img decoding=\"async\"   src=\"data:image\/gif;base64,R0lGODlhAQABAIAAAAAAAP\/\/\/yH5BAEAAAAALAAAAAABAAEAAAIBRAA7\" loading=\"eager\" alt=\"en skil\u00f8per som kj\u00f8rer ned en bakke (Bildebeskrivelsen er laget av en KI-tjeneste)\" title=\"Foto: Geir Olsen \/ NTB\"\/><\/p>\n<p class=\"\">KNUST: Even Northug falt i kvartfinalen, og havnet dermed bakp\u00e5 i kampen om fire OL-plasser i klassisk sprint.<\/p>\n<p>Foto: Geir Olsen \/ NTB<\/p>\n<p>NRKs langrennsekspert P\u00e5l Golberg syntes synd p\u00e5 tr\u00f8nderen:<\/p>\n<p>\u2013 \u00c5 ikke f\u00e5 vist fram hvor god man er, er en forferdelig f\u00f8lelse, kommenterte Golberg<\/p>\n<p><strong>Etterp\u00e5 var 30-\u00e5ringen sv\u00e6rt skuffet. Han svarte et klart \u00abnei\u00bb da NRK spurte om \u00e5 f\u00e5 en prat med ham rett etterp\u00e5. <\/strong><\/p>\n<p>\u2013 Jeg orker ikke, svarte Northug da NRKs journalist fors\u00f8kte \u00e5 stille han et sp\u00f8rsm\u00e5l p\u00e5 vei ut av stadion.<\/p>\n<p>Ansgar Evensen om OL-sjansene<\/p>\n<p><img decoding=\"async\"   src=\"data:image\/gif;base64,R0lGODlhAQABAIAAAAAAAP\/\/\/yH5BAEAAAAALAAAAAABAAEAAAIBRAA7\" loading=\"eager\" alt=\"en person med hjelm og rullesk\u00f8yter (Bildebeskrivelsen er laget av en KI-tjeneste)\" title=\"Foto: Geir Olsen \/ NTB\"\/><\/p>\n<p>Foto: Geir Olsen \/ NTB<\/p>\n<p>Det var en skuffet Ansgar Evensen som ble intervjuet av NRKs Ida Nys\u00e6ther Rasch etter l\u00f8pet:<\/p>\n<p>\u2013 Nei, jeg er ikke forn\u00f8yd. Det er ikke s\u00e5 mange av finaler, s\u00e5 kjempebra resultat, men jeg bruker opp alt ofr mye krefter i kvart- og semi.<\/p>\n<p>\u2013 Hvordan vurderer du ditt eget l\u00f8p?<\/p>\n<p>\u2013 Ikke godt nok. Jeg var ikke sterk da jeg kom til finalen, s\u00e5 jeg kan bare skylde p\u00e5 meg selv.<\/p>\n<p>\u2013 Hvordan ser du p\u00e5 muligheten for \u00e5 g\u00e5 denne distansen i OL?<\/p>\n<p><strong>\u2013 Jeg er i finalen fortsatt, s\u00e5 jeg f\u00f8ler jeg leverer en bra s\u00f8knad igjen. Men det er klart det er mange nordmenn foran meg fortsatt, det er det.<\/strong><\/p>\n<p>\u2013 Er du forn\u00f8yd med m\u00e5ten du disponerte kreftene dine p\u00e5 i dag?<\/p>\n<p>\u2013 Jeg holder i for lenge og det koster n\u00e5r det g\u00e5r alt man har i semifinalen. Da det var fire nordmenn i semifinale to s\u00e5 skj\u00f8nte jeg at her m\u00e5 jeg bare kline til. Jeg har v\u00e6rt i semifinale en og blitt nummer tre en del ganger f\u00f8r og ikke kommet til finale, s\u00e5 det gadd jeg ikke \u00e5 ha noe av i dag. Jeg er for s\u00e5 vidt forn\u00f8yd med det.<\/p>\n<p>NRKs langrennsekspert Golber sa f\u00f8lgende om 25-\u00e5ringen OL-sjanser:<\/p>\n<p><strong>\u2013 Ganske absurd \u00e5 si at man holder OL-d\u00f8ra p\u00e5 gl\u00f8tt n\u00e5r man har v\u00e6rt to ganger p\u00e5 pallen og i en finale i klassisk sprint, men det sier litt om situasjonen han st\u00e5r i. S\u00e5 er det feil mann som er p\u00e5 pallen for Ansgar sin del (Oskar Vike). Ansgar gj\u00f8r det bra, men han kjenner vel p\u00e5 at han legger igjen mye krefter. Det er en t\u00f8ff l\u00f8ype, s\u00e5 de bruker mye krefter underveis, jeg synes han gj\u00f8r sakene sine bra<\/strong><\/p>\n<p>Sprintsjef Arild Monsen ordla seg slik p\u00e5 sp\u00f8rsm\u00e5l p\u00e5 om OL-dr\u00f8mmen nettopp hadde blitt knust:<\/p>\n<p><strong>\u2013 Skal ikke si det, men det var ikke noe god s\u00f8knad, dessverre.<\/strong><\/p>\n<p>Kl\u00e6bo i hundre<\/p>\n<p>H\u00f8sflot Kl\u00e6bo kunne ingen gj\u00f8re noe med, men han ble hardt presset underveis av ungguttene Lars Heggen og Oskar Opstad Vike.<\/p>\n<p>\u2013 Dette 2025-\u00e5ret blir vanskelig \u00e5 toppe. Det er fantastisk, sa Kl\u00e6bo til NRK etter seieren.<\/p>\n<p>\u2013 Hva slags ord vil du bruke p\u00e5 \u00e5 sette ord p\u00e5 dette?<\/p>\n<p>\u2013 Det er vanskelig \u00e5 sette ord p\u00e5. Jeg har hele tiden fors\u00f8kt \u00e5 ta ett skirenn av gangen. Jeg har holdt p\u00e5 s\u00e5nn i snart 10 \u00e5r, sa han.<\/p>\n<p>Av de norske var det Oskar Opstad Vike som imponerte mest. Vestfoldingen ble til slutt nummer to.<\/p>\n<p><strong>\u2013 Oskar Vike er gledelig med at han kommer raskt tilbake, Ansgar leverer en ny finale igjen, s\u00e5 kommer Heggen og blander seg inn her i dag. Vi skal lande det etter hvert, men det er veldig mange om veldig f\u00e5 plasser, det kan jeg si, oppsummerte Monsen.<\/strong><\/p>\n<p><img decoding=\"async\"   src=\"data:image\/gif;base64,R0lGODlhAQABAIAAAAAAAP\/\/\/yH5BAEAAAAALAAAAAABAAEAAAIBRAA7\" loading=\"eager\" alt=\"en person med hatt (Bildebeskrivelsen er laget av en KI-tjeneste)\" title=\"Foto: Geir Olsen \/ NTB\"\/><\/p>\n<p class=\"\">IMPONERTE: Lars Heggen har tatt overgangen til seniorniv\u00e5et p\u00e5 imponerende vis.<\/p>\n<p>Foto: Geir Olsen \/ NTB<\/p>\n<p>Heggen gjorde ogs\u00e5 en solid figur p\u00e5 4.-plass.<\/p>\n<p><strong>\u2013 Han har vunnet det meste i junior-VM, tatt steget utrolig godt og det viser nok en gang at vi har l\u00f8pere som kommer underfra som bare stempler innp\u00e5 det niv\u00e5et. Det han viser her i dag, m\u00e5ten han svarte p\u00e5 da det virkelig ble g\u00e5tt fort, var mektig imponerende., kommenterte Fredrik Aukland.<\/strong><\/p>\n<p>PS: Norge har fire plasser til r\u00e5dighet i klassisksprinten under OL i Milano-Cortina. Det blir vanskelig \u00e5 komme utenom b\u00e5de H\u00f8stflo Kl\u00e6bo og Erik Valnes (nummer fem fredag) i det uttaket.<\/p>\n<p>Publisert<\/p>\n<p>05.12.2025, kl. 13.17<\/p>\n<p>Oppdatert<\/p>\n<p>05.12.2025, kl. 15.46<\/p>\n","protected":false},"excerpt":{"rendered":"Johannes H\u00f8sflot Kl\u00e6bo spurtet inn til seier nummer 100 i verdenscupen \u2013 men i kulissene i Gran\u00e5sen p\u00e5gikk&hellip;\n","protected":false},"author":2,"featured_media":105106,"comment_status":"","ping_status":"","sticky":false,"template":"","format":"standard","meta":{"footnotes":""},"categories":[59],"tags":[30,28,29,83,82],"class_list":{"0":"post-105130","1":"post","2":"type-post","3":"status-publish","4":"format-standard","5":"has-post-thumbnail","7":"category-sport","8":"tag-no","9":"tag-norge","10":"tag-norway","11":"tag-sport","12":"tag-sports"},"share_on_mastodon":{"url":"https:\/\/pubeurope.com\/@no\/115667655927225991","error":""},"_links":{"self":[{"href":"https:\/\/www.europesays.com\/no\/wp-json\/wp\/v2\/posts\/105130","targetHints":{"allow":["GET"]}}],"collection":[{"href":"https:\/\/www.europesays.com\/no\/wp-json\/wp\/v2\/posts"}],"about":[{"href":"https:\/\/www.europesays.com\/no\/wp-json\/wp\/v2\/types\/post"}],"author":[{"embeddable":true,"href":"https:\/\/www.europesays.com\/no\/wp-json\/wp\/v2\/users\/2"}],"replies":[{"embeddable":true,"href":"https:\/\/www.europesays.com\/no\/wp-json\/wp\/v2\/comments?post=105130"}],"version-history":[{"count":0,"href":"https:\/\/www.europesays.com\/no\/wp-json\/wp\/v2\/posts\/105130\/revisions"}],"wp:featuredmedia":[{"embeddable":true,"href":"https:\/\/www.europesays.com\/no\/wp-json\/wp\/v2\/media\/105106"}],"wp:attachment":[{"href":"https:\/\/www.europesays.com\/no\/wp-json\/wp\/v2\/media?parent=105130"}],"wp:term":[{"taxonomy":"category","embeddable":true,"href":"https:\/\/www.europesays.com\/no\/wp-json\/wp\/v2\/categories?post=105130"},{"taxonomy":"post_tag","embeddable":true,"href":"https:\/\/www.europesays.com\/no\/wp-json\/wp\/v2\/tags?post=105130"}],"curies":[{"name":"wp","href":"https:\/\/api.w.org\/{rel}","templated":true}]}}