{"id":105139,"date":"2025-12-05T15:31:46","date_gmt":"2025-12-05T15:31:46","guid":{"rendered":"https:\/\/www.europesays.com\/no\/105139\/"},"modified":"2025-12-05T15:31:46","modified_gmt":"2025-12-05T15:31:46","slug":"ordknapp-klaebo-avviser-ol-boikott","status":"publish","type":"post","link":"https:\/\/www.europesays.com\/no\/105139\/","title":{"rendered":"Ordknapp Kl\u00e6bo avviser OL-boikott"},"content":{"rendered":"<p>        Saken oppsummert<\/p>\n<ul lang=\"nb-NO\">\n<li>Johannes H\u00f8sflot Kl\u00e6bo kommenterte kort russernes retur til konkurranse. <\/li>\n<li>Kl\u00e6bo avviser muligheten for OL-boikott til tross for uenighet. <\/li>\n<li>Landslagstrener Eirik Myhr Nossum uttrykte skuffelse over beslutningen. <\/li>\n<li>Flere ut\u00f8vere, inkludert Erik Valnes, delte sin misn\u00f8ye med situasjonen.<\/li>\n<\/ul>\n<p class=\"italic ai-disclaimer\" data-lab-italic=\"italic\">Oppsummeringen er laget med kunstig intelligens (KI) fra OpenAI. Innholdet er kvalitetssikret av TV 2s journalister. <a target=\"_blank\" href=\"https:\/\/hjelp.tv2.no\/info\/artikkel\/slik-jobber-vi-med-ki-i-tv-2\" title=\"Les om hvordan vi jobber med KI\" rel=\"nofollow noopener\">Les om hvordan vi jobber med KI<\/a><\/p>\n<p>Tirsdagens <a href=\"https:\/\/www.tv2.no\/sport\/russernes-kontroversielle-retur-denne-gjengen-er-det-bare-a-glemme\/18209490\/\" rel=\"nofollow noopener\" target=\"_blank\">nyhet om at n\u00f8ytrale russiske ut\u00f8vere igjen kan konkurrere i skisporet<\/a> ble tema n\u00e5r Johannes H\u00f8sflot Kl\u00e6bo og de andre norske profilene m\u00f8tte pressen torsdag formiddag.\u00a0<\/p>\n<p>\u2013\u00a0Det er noe vi m\u00e5 forholde oss til. Jeg har ikke s\u00e5 mye mer \u00e5<br \/>\nsi om det, innledet Kl\u00e6bo.\u00a0<\/p>\n<p class=\"italic m-italic\" data-lab-italic=\"italic\">\u2013 Hvordan blir det \u00e5 konkurrere mot russerne igjen?<\/p>\n<p>\u2013\u00a0Det blir greit. Vi f\u00e5r se hvem som kommer, det har vi ikke<br \/>\nkontroll p\u00e5 enn\u00e5.<\/p>\n<p>Kl\u00e6bo har tidligere v\u00e6rt klar p\u00e5 at han mener Russland b\u00f8r st\u00e5 utenfor den internasjonale idretten s\u00e5 lenge krigen p\u00e5g\u00e5r. Konfrontert med at han virker mer ordknapp n\u00e5, responderer han:<\/p>\n<p>\u2013\u00a0Jeg st\u00e5r for det jeg har sagt. Jeg f\u00e5r ikke gjort noe med<br \/>\navgj\u00f8relsen som er tatt, den m\u00e5 vi forholde oss til. Det er ikke mer komplisert<br \/>\nenn det.<\/p>\n<p><a href=\"https:\/\/www.nrk.no\/sport\/klaebo-nei-til-russisk-ol-deltakelse_-__noe-ma-vi-gjore-for-a-fa-stopp-i-krigen-1.17597911\" rel=\"nofollow noopener\" target=\"_blank\">I et intervju tidligere i vinter<\/a>, sa Kl\u00e6bo at han ikke hadde tatt stilling til om det er aktuelt med OL-boikott om russerne skulle f\u00e5 delta \u2013 som den svenske profilen Linn Svahn har gjort.<\/p>\n<p>Han avkrefter n\u00e5 at det er aktuelt \u00e5 bli hjemme:<\/p>\n<p>\u2013 Jeg kommer ikke til \u00e5 boikotte. Jeg kommer til \u00e5 stille i OL om jeg er frisk og rask, sier han.<\/p>\n<p>\u2013 Det g\u00e5r inn det ene \u00f8ret og ut det andre<\/p>\n<p>Det vakte oppsikt da flere russiske skiledere i november gikk hardt ut mot Kl\u00e6bos st\u00f8tte til FIS-styret, som tidligere i vinter stemte for at russerne skulle forbli p\u00e5 sidelinjen.\u00a0<\/p>\n<p>\u2013\u00a0For meg er det helt bisart. Det er helt feil, rent menneskelig. S\u00e6rlig med tanke p\u00e5 at han for \u00f8yeblikket regnes som verdens sterkeste skil\u00f8per, <a href=\"https:\/\/www.nrk.no\/sport\/langrenn_-russiske-egor-sorin-langer-ut-mot-johannes-hosflot-klaebo-1.17642442\" rel=\"nofollow noopener\" target=\"_blank\">sa russernes landslagstrener Jegor Sorin til NRK<\/a>.<\/p>\n<p>P\u00e5 sp\u00f8rsm\u00e5l om hvordan det blir \u00e5 m\u00f8te Sorin igjen i n\u00e6r fremtid, virker Kl\u00e6bo mildt sagt ikke bekymret.<\/p>\n<p>\u2013\u00a0Det har ingenting \u00e5 si. Jeg traff ham i Livigno, han st\u00e5r<br \/>\nder, jeg gj\u00f8r mitt. Akkurat det tenker jeg absolutt ikke p\u00e5. Jeg har ikke f\u00e5tt<br \/>\nmed meg alt heller. Det g\u00e5r i s\u00e5 fall inn ene \u00f8ret og ut det andre. Jeg bryr<br \/>\nmeg veldig lite, sier han.<\/p>\n<p>Stav\u00e5s Skistad: \u2013 Ingen formening<\/p>\n<p>Kl\u00e6bo var ikke den eneste av de norske profilene som helst ikke ville bruke tid og energi p\u00e5 Russland.<\/p>\n<p>Kristine Stav\u00e5s Skistad hadde \u00abingen formening\u00bb og svarte \u00absamme for meg\u00bb p\u00e5 sp\u00f8rsm\u00e5l om hvor hvilket niv\u00e5 hun tror russerne n\u00e5 holder.<\/p>\n<p>At enkelte ut\u00f8vere distanserer seg fra problematikken, har TV 2-ekspert Mina Finstad Berg forst\u00e5else for.<\/p>\n<p>\u2013\u00a0Det er ikke s\u00e5 rart at ut\u00f8verne ikke g\u00e5r rett i strupen p\u00e5 CAS. N\u00e5r det ble l\u00f8fta ut av idrettens egne hender og gitt over til juristene i CAS, st\u00e5r de litt sjakk matt. Det \u00e5 da skjerme seg ved \u00e5 ikke uttale seg rett etter at avgj\u00f8relsen har falt, kan jeg faktisk forst\u00e5, sier hun.<\/p>\n<p>Landslagstrener Eirik Myhr Nossum er imidlertid klar p\u00e5 at han helst skulle sett at russerne fortsatt ble holdt utenfor.<\/p>\n<p>\u2013 Jeg er ikke overrasket, men skuffet. Jeg har hele tiden v\u00e6rt tydelig p\u00e5 hva<br \/>\nmin mening er om dette, men det er andre enn meg som bestemmer, sier han.<\/p>\n<p>Valnes: \u2013 Feigt<\/p>\n<p>Erik Valnes la heller ikke skjul p\u00e5 hva han tenkte om situasjonen.<\/p>\n<p>\u2013\u00a0Det f\u00f8les feigt at vi skal invitere dem tilbake uten at det<br \/>\nhar skjedd en \u00abskit\u00bb i Ukraina. Det er merkelig, sier han til TV 2.<\/p>\n<p>Han bekreftet at han var skuffet over beslutningen i CAS.<\/p>\n<p>Den svenske profilen Maja Dahlqvist deler Valnes&#8217; synspunkt.<\/p>\n<p>\u2013\u00a0Veldig merkelig. Det var en grunn til at de ikke var med<br \/>\nf\u00f8r, og den grunnen eksisterer jo fortsatt. S\u00e5 jeg synes bare at det er rart, sier hun til TV 2 i Gran\u00e5sen.<\/p>\n<p>Emil Iversen, som ogs\u00e5 skal konkurrere i Gran\u00e5sen i helgen, <a href=\"https:\/\/www.tv2.no\/sport\/iversen-om-russer-retur-burde-helst-vaert-fred-forst\/18347429\/\" rel=\"nofollow noopener\" target=\"_blank\">sa til TV 2 onsdag at det b\u00e5de er plusser og minuser ved at russerne n\u00e5 kan dukke opp i verdenscupsirkuset igjen<\/a>.<\/p>\n<p>Pluss: st\u00f8rre konkurranse og underholdning.<\/p>\n<p>Minus: krigen.\u00a0<\/p>\n<p>\u2013 Det blir spennende, men ogs\u00e5 rart og uvant. Krigen p\u00e5g\u00e5r fortsatt, s\u00e5 det vil alltid ligge der, selv om ut\u00f8verne naturligvis ikke har skyld i det. Men landet dreper jo uskyldige ukrainere hver dag. Men vi m\u00e5 fors\u00f8ke \u00e5 legge det til side og behandle de som f\u00e5r lov til \u00e5 g\u00e5 fint, sa Iversen onsdag.<\/p>\n","protected":false},"excerpt":{"rendered":"Saken oppsummert Johannes H\u00f8sflot Kl\u00e6bo kommenterte kort russernes retur til konkurranse. Kl\u00e6bo avviser muligheten for OL-boikott til tross&hellip;\n","protected":false},"author":2,"featured_media":105140,"comment_status":"","ping_status":"","sticky":false,"template":"","format":"standard","meta":{"footnotes":""},"categories":[59],"tags":[30,28,29,83,82],"class_list":{"0":"post-105139","1":"post","2":"type-post","3":"status-publish","4":"format-standard","5":"has-post-thumbnail","7":"category-sport","8":"tag-no","9":"tag-norge","10":"tag-norway","11":"tag-sport","12":"tag-sports"},"share_on_mastodon":{"url":"https:\/\/pubeurope.com\/@no\/115667687344481023","error":""},"_links":{"self":[{"href":"https:\/\/www.europesays.com\/no\/wp-json\/wp\/v2\/posts\/105139","targetHints":{"allow":["GET"]}}],"collection":[{"href":"https:\/\/www.europesays.com\/no\/wp-json\/wp\/v2\/posts"}],"about":[{"href":"https:\/\/www.europesays.com\/no\/wp-json\/wp\/v2\/types\/post"}],"author":[{"embeddable":true,"href":"https:\/\/www.europesays.com\/no\/wp-json\/wp\/v2\/users\/2"}],"replies":[{"embeddable":true,"href":"https:\/\/www.europesays.com\/no\/wp-json\/wp\/v2\/comments?post=105139"}],"version-history":[{"count":0,"href":"https:\/\/www.europesays.com\/no\/wp-json\/wp\/v2\/posts\/105139\/revisions"}],"wp:featuredmedia":[{"embeddable":true,"href":"https:\/\/www.europesays.com\/no\/wp-json\/wp\/v2\/media\/105140"}],"wp:attachment":[{"href":"https:\/\/www.europesays.com\/no\/wp-json\/wp\/v2\/media?parent=105139"}],"wp:term":[{"taxonomy":"category","embeddable":true,"href":"https:\/\/www.europesays.com\/no\/wp-json\/wp\/v2\/categories?post=105139"},{"taxonomy":"post_tag","embeddable":true,"href":"https:\/\/www.europesays.com\/no\/wp-json\/wp\/v2\/tags?post=105139"}],"curies":[{"name":"wp","href":"https:\/\/api.w.org\/{rel}","templated":true}]}}