{"id":105143,"date":"2025-12-05T15:36:11","date_gmt":"2025-12-05T15:36:11","guid":{"rendered":"https:\/\/www.europesays.com\/no\/105143\/"},"modified":"2025-12-05T15:36:11","modified_gmt":"2025-12-05T15:36:11","slug":"kommentar-verdens-styggeste-juletre","status":"publish","type":"post","link":"https:\/\/www.europesays.com\/no\/105143\/","title":{"rendered":"Kommentar: Verdens styggeste juletre?"},"content":{"rendered":"\n<p class=\"_paragraph_o9xde_4 _paragraph_xtcu6_10 layout-component text-serif-m layout-normal text-serif-m layout-padded\">Det var 21. november og to uker til den norske julegranen skulle tennes p\u00e5 Trafalgar Square.<\/p>\n<p class=\"_paragraph_o9xde_4 _paragraph_xtcu6_10 layout-component text-serif-m layout-normal text-serif-m layout-padded\">Jeg hadde bestemt meg for f\u00f8lge granen fra Nordmarka til London.<\/p>\n<p class=\"_paragraph_o9xde_4 _paragraph_xtcu6_10 layout-component text-serif-m layout-normal text-serif-m layout-padded\">Det var minus 7 grader og str\u00e5lende solskinn i skogen. Og snart skulle vi f\u00e5 se treet \u00abEver Oslo\u00bb.<\/p>\n<p class=\"_paragraph_o9xde_4 _paragraph_xtcu6_10 layout-component text-serif-m layout-normal text-serif-m layout-padded\">At Ever Oslo skulle ende opp med \u00e5 f\u00e5 hjelp fra politiet \u2013 og bli nasjonal nyhet den dagen, det visste jeg enn\u00e5 ikke. <\/p>\n<p class=\"_paragraph_o9xde_4 _paragraph_xtcu6_10 layout-component text-serif-m layout-normal text-serif-m layout-padded\">Det jeg visste var at Oslo hvert \u00e5r siden 1947 hadde sendt sin fineste gran til den britiske hovedstaden. <\/p>\n<p class=\"_paragraph_o9xde_4 _paragraph_xtcu6_10 layout-component text-serif-m layout-normal text-serif-m layout-padded\"><strong class=\"_strong_o9xde_25\">Enkelte hevder det norske juletreet er verdens mest ber\u00f8mte juletre. Deriblant London by. <\/strong><\/p>\n<p class=\"_paragraph_o9xde_4 _paragraph_xtcu6_10 layout-component text-serif-m layout-normal text-serif-m layout-padded\">All ber\u00f8mmelsen til tross, enkelte briter har latt det g\u00e5 sport i \u00e5 skjelle ut treet.<\/p>\n<p class=\"_paragraph_o9xde_4 _paragraph_xtcu6_10 layout-component text-serif-m layout-normal text-serif-m layout-padded\"><strong class=\"_strong_o9xde_25\">Det kan skyldes historiel\u00f8shet. <\/strong><\/p>\n<p class=\"_paragraph_o9xde_4 _paragraph_xtcu6_10 layout-component text-serif-m layout-normal text-serif-m layout-padded\">At de ikke vet at treet er en \u00e5rlig gave til London for den avgj\u00f8rende hjelpen nordmenn fikk under andres verdenskrig. <\/p>\n<p class=\"_paragraph_o9xde_4 _paragraph_xtcu6_10 layout-component text-serif-m layout-normal text-serif-m layout-padded\">I 1942 var det en motstandsmann som sendte en gran til den norske kongen som var i eksil i London. Kongen ga granen til byen. <\/p>\n<p class=\"_paragraph_o9xde_4 _paragraph_xtcu6_10 layout-component text-serif-m layout-normal text-serif-m layout-padded\">Og slik ble gaven etter hvert en tradisjon. <\/p>\n<p><img alt=\"EN TAKK: Det aller f\u00f8rste treet som ble sendt fra Norge til London.  Foto: The National Archives\" class=\"_image_qp4xg_65 layout-component layout-normal\" data-fullscreen- data-track-element-type=\"Article image fullscreen\" data-track-name=\"ImageFullscreen\" decoding=\"async\" loading=\"lazy\" height=\"450\" itemprop=\"image\"  src=\"https:\/\/www.europesays.com\/no\/wp-content\/uploads\/2025\/12\/b9f509aa-30ae-4ba6-a024-dd6827c512f1\"  style=\"object-position:0% 0%\" width=\"326\"\/>EN TAKK: Det aller f\u00f8rste treet som ble sendt fra Norge til London.  Foto: The National Archives<\/p>\n<p class=\"_paragraph_o9xde_4 _paragraph_xtcu6_10 layout-component text-serif-m layout-normal text-serif-m layout-padded\">Enten er ikke britene klar over det, eller s\u00e5 skyldes mobbingen den typiske britiske refleksen: <\/p>\n<p class=\"_paragraph_o9xde_4 _paragraph_xtcu6_10 layout-component text-serif-m layout-normal text-serif-m layout-padded\">\u00c5 svare p\u00e5 sentimentalitet med sarkasme, og en over 20 meter h\u00f8y takkegave med et \u00abde blir verre for hvert \u00e5r som g\u00e5r?\u00bb<\/p>\n<p class=\"_paragraph_o9xde_4 _paragraph_xtcu6_10 layout-component text-serif-m layout-normal text-serif-m layout-padded\">Et tre kan alts\u00e5 trigge mer f\u00f8lelser enn man skulle tro. <\/p>\n<p class=\"_paragraph_o9xde_4 _paragraph_xtcu6_10 layout-component text-serif-m layout-normal text-serif-m layout-padded\">Det l\u00e6rte jeg tidlig.<\/p>\n<p class=\"_paragraph_o9xde_4 _paragraph_xtcu6_10 layout-component text-serif-m layout-normal text-serif-m layout-padded\">Da jeg var liten fikk vi ikke ha juletre, helt til den dagen mine to yngste s\u00f8stre, begge i barnehagealder tok meg seg en sm\u00f8rkniv og gikk ut i vinterskumringen.<\/p>\n<p class=\"_paragraph_o9xde_4 _paragraph_xtcu6_10 layout-component text-serif-m layout-normal text-serif-m layout-padded\">Tre timer senere kom de inn hutrende og drassende p\u00e5 en busk de hadde klart \u00e5 skj\u00e6re l\u00f8s. <\/p>\n<p class=\"_paragraph_o9xde_4 _paragraph_xtcu6_10 layout-component text-serif-m layout-normal text-serif-m layout-padded\">S\u00e5 desperat ville vi ha et juletre. Og det ble v\u00e5rt f\u00f8rste juletre. <\/p>\n<p class=\"_paragraph_o9xde_4 _paragraph_xtcu6_10 layout-component text-serif-m layout-normal text-serif-m layout-padded\">Og n\u00e5 sto jeg der den iskalde novembermorgenen. <\/p>\n<p class=\"_paragraph_o9xde_4 _paragraph_xtcu6_10 layout-component text-serif-m layout-normal text-serif-m layout-padded\">Ever Oslo konkurrerte mot to andre kandidater og ble valgt av fagfolk og 2000 personer som stemte det frem p\u00e5 sosiale medier. <\/p>\n<p class=\"_paragraph_o9xde_4 _paragraph_xtcu6_10 layout-component text-serif-m layout-normal text-serif-m layout-padded\">Det hadde vokst seg stort i naturlige omgivelser. <\/p>\n<p class=\"_paragraph_o9xde_4 _paragraph_xtcu6_10 layout-component text-serif-m layout-normal text-serif-m layout-padded\">Dette var ekte vare, ikke noe dill dall.<\/p>\n<p class=\"_paragraph_o9xde_4 _paragraph_xtcu6_10 layout-component text-serif-m layout-normal text-serif-m layout-padded\">Typisk norsk.<\/p>\n<p class=\"_paragraph_o9xde_4 _paragraph_xtcu6_10 layout-component text-serif-m layout-normal text-serif-m layout-padded\">Og dette typisk norske treet skulle om noen minutter felles i en h\u00f8ytidelig seremoni med Oslos ordf\u00f8rer Anne Lindboe og Lord Mayor av Westminster Paul Dimoldenberg til stede.<\/p>\n<p class=\"_paragraph_o9xde_4 _paragraph_xtcu6_10 layout-component text-serif-m layout-normal text-serif-m layout-padded\">Vi kj\u00f8rte innover Nordmarka, forbi Maridalsvannet, lenger og lenger inn i skogen.<\/p>\n<p class=\"_paragraph_o9xde_4 _paragraph_xtcu6_10 layout-component text-serif-m layout-normal text-serif-m layout-padded\">Utenfor bussvinduet l\u00e5 det et tynt hvitt sl\u00f8r av nysn\u00f8 over landskapet, temperaturen hadde sunket til minus 10 grader. <\/p>\n<p class=\"_paragraph_o9xde_4 _paragraph_xtcu6_10 layout-component text-serif-m layout-normal text-serif-m layout-padded\"><strong class=\"_strong_o9xde_25\">Jeg var nerv\u00f8s p\u00e5 vegne av Ever Oslo. Det er ikke rart.<\/strong><\/p>\n<p class=\"_paragraph_o9xde_4 _paragraph_xtcu6_10 layout-component text-serif-m layout-normal text-serif-m layout-padded\">Britene <a href=\"https:\/\/www.dailymail.co.uk\/news\/article-14148867\/Trafalgar-Squares-Christmas-tree-mocked-dead-branches.html?ns_mchannel=rss&amp;ns_campaign=1490&amp;ito=social-twitter_mailonline\" class=\"_link_o9xde_39\" rel=\"nofollow noopener\" target=\"_blank\">har alts\u00e5 sagt<\/a> de mest uforskammede ting om de foreg\u00e5ende \u00e5rs juletr\u00e6r. <\/p>\n<p class=\"_paragraph_o9xde_4 _paragraph_xtcu6_10 layout-component text-serif-m layout-normal text-serif-m layout-padded\">I 2021 var det en som <a href=\"https:\/\/x.com\/HannahAlOthman\/status\/1465962912531599360?s=20\" class=\"_link_o9xde_39\" rel=\"nofollow\">skrev<\/a> p\u00e5 X (tidligere <a href=\"https:\/\/www.vg.no\/tag\/twitter?utm_source=vg-article&amp;utm_medium=auto-tagger&amp;utm_campaign=2pnQyy\" class=\"_link_o9xde_39\" rel=\"nofollow noopener\" target=\"_blank\">Twitter<\/a>): \u00abEr vi i krig med Norge n\u00e5?\u00bb S\u00e5 ille mente briten at treet var.<\/p>\n<p class=\"_paragraph_o9xde_4 _paragraph_xtcu6_10 layout-component text-serif-m layout-normal text-serif-m layout-padded\">I fjor ble julegranen sammenlignet med det bugnende og overpyntede juletreet i Rockefeller center i New York og gjort narr av den britiske journalisten Andrew Neil.<\/p>\n<p class=\"_paragraph_o9xde_4 _paragraph_xtcu6_10 layout-component text-serif-m layout-normal text-serif-m layout-padded\">En annen journalist, Sophie Corcoran, <a href=\"https:\/\/x.com\/sophielouisecc\/status\/1865833479893639199?s=20\" class=\"_link_o9xde_39\" rel=\"nofollow\">skrev:<\/a><\/p>\n<p class=\"_paragraph_o9xde_4 _paragraph_xtcu6_10 layout-component text-serif-m layout-normal text-serif-m layout-padded\">\u00abIngenting oppsummerer stemningen i Storbritannia bedre enn dette deprimerende, kaktuslignende juletreet\u00bb. <\/p>\n<p class=\"_paragraph_o9xde_4 _paragraph_xtcu6_10 layout-component text-serif-m layout-normal text-serif-m layout-padded\">S\u00e5 ille ble kritikken at treet m\u00e5tte ut og forsvare seg.<\/p>\n<p class=\"_paragraph_o9xde_4 _paragraph_xtcu6_10 layout-component text-serif-m layout-normal text-serif-m layout-padded\">Det har selvsagt egne offisielle kontoer i sosiale medier.<\/p>\n<p class=\"_paragraph_o9xde_4 _paragraph_xtcu6_10 layout-component text-serif-m layout-normal text-serif-m layout-padded\">P\u00e5 X heter kontoen @trafalgartree og har 6000 f\u00f8lgere, blant dem London-ordf\u00f8rer Sadiq Khan.<\/p>\n<p class=\"_paragraph_o9xde_4 _paragraph_xtcu6_10 layout-component text-serif-m layout-normal text-serif-m layout-padded\">\u00abHaters gonna hate \u2013 men jeg lar ingenting kaste skygge over glansen min\u00bb <a href=\"https:\/\/x.com\/trafalgartree\/status\/1866024362232406288?s=20\" class=\"_link_o9xde_39\" rel=\"nofollow\">skrev<\/a> den norske julegranen.<\/p>\n<p class=\"_paragraph_o9xde_4 _paragraph_xtcu6_10 layout-component text-serif-m layout-normal text-serif-m layout-padded\">Er det noe galt med britene, eller er det treet det er noe galt med? <\/p>\n<p class=\"_paragraph_o9xde_4 _paragraph_xtcu6_10 layout-component text-serif-m layout-normal text-serif-m layout-padded\"><strong class=\"_strong_o9xde_25\">Vi var fremme. Og der, der ruvet det omtrent 70 \u00e5r gamle Ever Oslo. <\/strong><\/p>\n<p class=\"_paragraph_o9xde_4 _paragraph_xtcu6_10 layout-component text-serif-m layout-normal text-serif-m layout-padded\">Det var frodig nok, h\u00f8y nok og majestetisk nok. <\/p>\n<p class=\"_paragraph_o9xde_4 _paragraph_xtcu6_10 layout-component text-serif-m layout-normal text-serif-m layout-padded\">Men kanskje ikke god nok for britene?<\/p>\n<p class=\"_paragraph_o9xde_4 _paragraph_xtcu6_10 layout-component text-serif-m layout-normal text-serif-m layout-padded\"><strong class=\"_strong_o9xde_25\">Jeg rakk knapt \u00e5 tenke ferdig tanken f\u00f8r jeg s\u00e5 en mann klatre i treet.<\/strong><\/p>\n<p class=\"_paragraph_o9xde_4 _paragraph_xtcu6_10 layout-component text-serif-m layout-normal text-serif-m layout-padded\">Sekunder senere skj\u00f8nte jeg at noe var galt. Mannen n\u00e6rmet seg toppen. Hjelpere sto p\u00e5 bakken.<\/p>\n<p class=\"_paragraph_o9xde_4 _paragraph_xtcu6_10 layout-component text-serif-m layout-normal text-serif-m layout-padded\"><strong class=\"_strong_o9xde_25\">Det var en milj\u00f8vernaksjon. Extinction Rebellion.<\/strong><\/p>\n<p><img alt=\"AKSJON: \u00a0Fellingen ble forsinket av aktivister fra Extinction Rebellion.  Foto: Jonas F\u00e6ste Laksekj\u00f8n \/ NTB\" class=\"_image_qp4xg_65 layout-component layout-normal\" data-fullscreen- data-track-element-type=\"Article image fullscreen\" data-track-name=\"ImageFullscreen\" decoding=\"async\" loading=\"lazy\" height=\"3403\" itemprop=\"image\"  src=\"https:\/\/www.europesays.com\/no\/wp-content\/uploads\/2025\/12\/746d66e1-9ce3-4a65-bc35-7ea45b9e0622\"  style=\"object-position:0% 0%\" width=\"2758\"\/>AKSJON: \u00a0Fellingen ble forsinket av aktivister fra Extinction Rebellion.  Foto: Jonas F\u00e6ste Laksekj\u00f8n \/ NTB<\/p>\n<p class=\"_paragraph_o9xde_4 _paragraph_xtcu6_10 layout-component text-serif-m layout-normal text-serif-m layout-padded\">Aktivisten sto der oppe i bitende kulde og ropte et budskap ingen nede p\u00e5 bakken helt h\u00f8rte.<\/p>\n<p class=\"_paragraph_o9xde_4 _paragraph_xtcu6_10 layout-component text-serif-m layout-normal text-serif-m layout-padded\">Det var til tider komisk. <\/p>\n<p class=\"_paragraph_o9xde_4 _paragraph_xtcu6_10 layout-component text-serif-m layout-normal text-serif-m layout-padded\">Men Ever Oslo hadde blitt breaking news.<\/p>\n<p class=\"_paragraph_o9xde_4 _paragraph_xtcu6_10 layout-component text-serif-m layout-normal text-serif-m layout-padded\">Plassen ved treet var n\u00e5 fylt med barn og voksne som alle fulgt med p\u00e5 dramatikken.<\/p>\n<p class=\"_paragraph_o9xde_4 _paragraph_xtcu6_10 layout-component text-serif-m layout-normal text-serif-m layout-padded\">Lindboe og Dimoldenberg tok det hele med humor. <\/p>\n<p class=\"_paragraph_o9xde_4 _paragraph_xtcu6_10 layout-component text-serif-m layout-normal text-serif-m layout-padded\">S\u00e6rlig briten, han var s\u00e5 henrykt over \u00e5 v\u00e6re til stede, og understreker betydningen av dette vennskapet mellom Oslo og London.<\/p>\n<p class=\"_paragraph_o9xde_4 _paragraph_xtcu6_10 layout-component text-serif-m layout-normal text-serif-m layout-padded\">Men det var Ever Oslo som var i begivenhetens sentrum. <\/p>\n<p class=\"_paragraph_o9xde_4 _paragraph_xtcu6_10 layout-component text-serif-m layout-normal text-serif-m layout-padded\">Det sier litt om treets betydning. <\/p>\n<p class=\"_paragraph_o9xde_4 _paragraph_xtcu6_10 layout-component text-serif-m layout-normal text-serif-m layout-padded\">En nasjonal skatt alts\u00e5.<\/p>\n<p class=\"_paragraph_o9xde_4 _paragraph_xtcu6_10 layout-component text-serif-m layout-normal text-serif-m layout-padded\">Men, h\u00f8rte jeg rett? At aktivisten truet med \u00e5 kutte av tretoppen?<\/p>\n<p><img alt=\"En demonstrant fra Extinction Rebellion intervjues under fellingen av \u00e5rets julegran til London. Milj\u00f8aktivister forsinket fellingen av julegrana som gis i gave til London hvert \u00e5r.  Foto: Jonas F\u00e6ste Laksekj\u00f8n \/ NTB\" class=\"_image_qp4xg_65 layout-component layout-normal\" data-fullscreen- data-track-element-type=\"Article image fullscreen\" data-track-name=\"ImageFullscreen\" decoding=\"async\" loading=\"lazy\" height=\"3959\" itemprop=\"image\"  src=\"https:\/\/www.europesays.com\/no\/wp-content\/uploads\/2025\/12\/542ed910-c995-4e98-adf4-b3731b1bacf9\"  style=\"object-position:0% 0%\" width=\"3549\"\/>En demonstrant fra Extinction Rebellion intervjues under fellingen av \u00e5rets julegran til London. Milj\u00f8aktivister forsinket fellingen av julegrana som gis i gave til London hvert \u00e5r.  Foto: Jonas F\u00e6ste Laksekj\u00f8n \/ NTB<\/p>\n<p class=\"_paragraph_o9xde_4 _paragraph_xtcu6_10 layout-component text-serif-m layout-normal text-serif-m layout-padded\">Ned falt dog ikke en tretopp, men en banner, som ble fors\u00f8kt rullet ut, men som viklet seg inn i treet. <\/p>\n<p class=\"_paragraph_o9xde_4 _paragraph_xtcu6_10 layout-component text-serif-m layout-normal text-serif-m layout-padded\">\u00abKeir Starmer Stop Rosebank Now\u00bb, sto det. De ville at den britiske statsministeren ikke skulle godkjenne \u00e5pning av et nytt oljefelt.<\/p>\n<p class=\"_paragraph_o9xde_4 _paragraph_xtcu6_10 layout-component text-serif-m layout-normal text-serif-m layout-padded\">Kort tid etter klatrer aktivisten ned og ble omringet av journalister.<\/p>\n<p class=\"_paragraph_o9xde_4 _paragraph_xtcu6_10 layout-component text-serif-m layout-normal text-serif-m layout-padded\">Var Ever Oslo glemt opp i all oppstyret?<\/p>\n<p class=\"_paragraph_o9xde_4 _paragraph_xtcu6_10 layout-component text-serif-m layout-normal text-serif-m layout-padded\">Nei, som alltid ble det pomp, prakt og h\u00f8ytid med barnekor og det hele. <\/p>\n<p class=\"_paragraph_o9xde_4 _paragraph_xtcu6_10 layout-component text-serif-m layout-normal text-serif-m layout-padded\">Treet falt aldri. <\/p>\n<p class=\"_paragraph_o9xde_4 _paragraph_xtcu6_10 layout-component text-serif-m layout-normal text-serif-m layout-padded\">Det ble saget over, festet til reimer og dinglet i luften, f\u00f8r det ble m\u00f8ysommelig lempet over p\u00e5 en lastebil. <\/p>\n<p class=\"_paragraph_o9xde_4 _paragraph_xtcu6_10 layout-component text-serif-m layout-normal text-serif-m layout-padded\"><strong class=\"_strong_o9xde_25\">Og s\u00e5 starter den \u00e6rverdige turen. <\/strong><\/p>\n<p class=\"_paragraph_o9xde_4 _paragraph_xtcu6_10 layout-component text-serif-m layout-normal text-serif-m layout-padded\">Fra Oslo, til Brevik og derfra over havet via G\u00f6teborg til Immingham i England, for s\u00e5 \u00e5 fraktes nesten 300 kilometer til Trafalgar Square.<\/p>\n<p><img alt=\"ET LITE STYKKE NORGE: \u00c5rets julegran som skal til London ble hugget i Grefsenkleiva. Tradisjonen med \u00e5 sende et juletre til London startet i 1947 og var opprinnelig en takk for hjelpen og st\u00f8tten Norge fikk under andre verdenskrig.  Foto: Thomas Fure \/ NTB\" class=\"_image_qp4xg_65 layout-component layout-normal\" data-fullscreen- data-track-element-type=\"Article image fullscreen\" data-track-name=\"ImageFullscreen\" decoding=\"async\" loading=\"lazy\" height=\"5808\" itemprop=\"image\"  src=\"https:\/\/www.europesays.com\/no\/wp-content\/uploads\/2025\/12\/4b15c643-ad94-456f-81b2-fe14d342ecde\"  style=\"object-position:0% 0%\" width=\"5546\"\/>ET LITE STYKKE NORGE: \u00c5rets julegran som skal til London ble hugget i Grefsenkleiva. Tradisjonen med \u00e5 sende et juletre til London startet i 1947 og var opprinnelig en takk for hjelpen og st\u00f8tten Norge fikk under andre verdenskrig.  Foto: Thomas Fure \/ NTB<\/p>\n<p class=\"_paragraph_o9xde_4 _paragraph_xtcu6_10 layout-component text-serif-m layout-normal text-serif-m layout-padded\">Og n\u00e5 har det g\u00e5tt to uker. Jeg st\u00e5r p\u00e5 Trafalgar Square, midt blant dobbeldeckere, duskregn og f\u00f8rjulskaos.<\/p>\n<p class=\"_paragraph_o9xde_4 _paragraph_xtcu6_10 layout-component text-serif-m layout-normal text-serif-m layout-padded\">Foran meg: Ever Oslo.<\/p>\n<p class=\"_paragraph_o9xde_4 _paragraph_xtcu6_10 layout-component text-serif-m layout-normal text-serif-m layout-padded\"><strong class=\"_strong_o9xde_25\">Det er kaldt og r\u00e5tt, slik bare britisk vinter kan v\u00e6re, men flere hundre \u2013 kanskje et par tusen \u2013 har likevel m\u00f8tt opp. Noen med kaffe, andre med paraply. <\/strong><\/p>\n<p class=\"_paragraph_o9xde_4 _paragraph_xtcu6_10 layout-component text-serif-m layout-normal text-serif-m layout-padded\">Det norske treet st\u00e5r hevet over dem, h\u00f8yt og litt ensomt, slik tr\u00e6r gj\u00f8r n\u00e5r de plutselig havner i en by som ikke er deres egen. <\/p>\n<p class=\"_paragraph_o9xde_4 _paragraph_xtcu6_10 layout-component text-serif-m layout-normal text-serif-m layout-padded\">Det er f\u00f8rst n\u00e5 jeg forst\u00e5r hvor sentralt dette treet er for London.<\/p>\n<p class=\"_paragraph_o9xde_4 _paragraph_xtcu6_10 layout-component text-serif-m layout-normal text-serif-m layout-padded\">Dette er ikke pynt. Det er tradisjon. Et fast innslag, like selvf\u00f8lgelig som S\u00f8lvguttene p\u00e5 NRK p\u00e5 julaften.<\/p>\n<p class=\"_paragraph_o9xde_4 _paragraph_xtcu6_10 layout-component text-serif-m layout-normal text-serif-m layout-padded\"><strong class=\"_strong_o9xde_25\">Jeg snakker med flere som st\u00e5r der mellom de fire l\u00f8vene i hvert sitt hj\u00f8rne av torget. <\/strong><\/p>\n<p class=\"_paragraph_o9xde_4 _paragraph_xtcu6_10 layout-component text-serif-m layout-normal text-serif-m layout-padded\">En sier at treet ikke er stygt, men heller ikke s\u00e5 pent. En annen sier at den er pjusk og lurer p\u00e5 om det kommer mer pynt. En tredje kaller det en \u00abtwig\u00bb, en busk. <\/p>\n<p class=\"_paragraph_o9xde_4 _paragraph_xtcu6_10 layout-component text-serif-m layout-normal text-serif-m layout-padded\">Og jeg tenker tilbake til busken mine s\u00f8stre skar l\u00f8s med en sm\u00f8rkniv for 40 \u00e5r siden. <\/p>\n<p class=\"_paragraph_o9xde_4 _paragraph_xtcu6_10 layout-component text-serif-m layout-normal text-serif-m layout-padded\"><strong class=\"_strong_o9xde_25\">Men s\u00e5 er det noen damer som syns det er fantastisk. Vakkert, rett og slett.<\/strong><\/p>\n<p class=\"_paragraph_o9xde_4 _paragraph_xtcu6_10 layout-component text-serif-m layout-normal text-serif-m layout-padded\">Og det er nettopp det: De som kjenner historien, ser noe annet enn de som kommenterer formen.<\/p>\n<p><img alt=\"SAMLET: Ordf\u00f8reren i Oslo, Anne Lindboe, ordf\u00f8reren i Westminster, Paul Dimoldenberg, og Londons borgermester, Sadiq Khan, deltar p\u00e5 arrangementet for tenningen av julelysene p\u00e5 Trafalgar Square i London.  Foto: Lucy North \/ Pa Photos \/ NTB\" class=\"_image_qp4xg_65 layout-component layout-normal\" data-fullscreen- data-track-element-type=\"Article image fullscreen\" data-track-name=\"ImageFullscreen\" decoding=\"async\" loading=\"lazy\" height=\"4000\" itemprop=\"image\"  src=\"https:\/\/www.europesays.com\/no\/wp-content\/uploads\/2025\/12\/4fa4037a-e475-44d8-ba78-f16f8361477b\"  style=\"object-position:43.175000000000004% 51.9375%\" width=\"6000\"\/>SAMLET: Ordf\u00f8reren i Oslo, Anne Lindboe, ordf\u00f8reren i Westminster, Paul Dimoldenberg, og Londons borgermester, Sadiq Khan, deltar p\u00e5 arrangementet for tenningen av julelysene p\u00e5 Trafalgar Square i London.  Foto: Lucy North \/ Pa Photos \/ NTB<\/p>\n<p class=\"_paragraph_o9xde_4 _paragraph_xtcu6_10 layout-component text-serif-m layout-normal text-serif-m layout-padded\">I VG tidligere i dag har jeg lest at <a href=\"https:\/\/www.vg.no\/nyheter\/i\/y51Lve\/norge-inngaar-forsvarsavtale-med-storbritannia\" data-track-element-type=\"Link\" data-track-id=\"link:y51Lve\" class=\"_link_o9xde_39\" rel=\"nofollow noopener\" target=\"_blank\">Norge skal f\u00e5 forsvarshjelp fra Storbritannia<\/a>. <\/p>\n<p class=\"_paragraph_o9xde_4 _paragraph_xtcu6_10 layout-component text-serif-m layout-normal text-serif-m layout-padded\">S\u00e5 kommer ordf\u00f8rere p\u00e5 scenen, der st\u00e5r ogs\u00e5 Londons ordf\u00f8rer Sadiq Khan. <\/p>\n<p class=\"_paragraph_o9xde_4 _paragraph_xtcu6_10 layout-component text-serif-m layout-normal text-serif-m layout-padded\">Han har sendt en beskjed til VG og bedt meg formidle det til det norske folk: <\/p>\n<p class=\"_paragraph_o9xde_4 _paragraph_xtcu6_10 layout-component text-serif-m layout-normal text-serif-m layout-padded\">\u00abP\u00e5 vegne av londonerne vil jeg takke Norge for det vakre treet og for v\u00e5rt fortsatte internasjonale vennskap\u00bb, skriver han.<\/p>\n<p class=\"_paragraph_o9xde_4 _paragraph_xtcu6_10 layout-component text-serif-m layout-normal text-serif-m layout-padded\">Fra talerstolen er det Dimoldenberg, med Anne Lindboe ved sin side, som gjentar samme budskap p\u00e5 fem ulike m\u00e5ter. <\/p>\n<p class=\"_paragraph_o9xde_4 _paragraph_xtcu6_10 layout-component text-serif-m layout-normal text-serif-m layout-padded\">Og s\u00e5 begynner nedtellingen.<\/p>\n<p class=\"_paragraph_o9xde_4 _paragraph_xtcu6_10 layout-component text-serif-m layout-normal text-serif-m layout-padded\">Tre. To. En.<\/p>\n<p class=\"_paragraph_o9xde_4 _paragraph_xtcu6_10 layout-component text-serif-m layout-normal text-serif-m layout-padded\">Ever Oslo tennes.<\/p>\n<p class=\"_paragraph_o9xde_4 _paragraph_xtcu6_10 layout-component text-serif-m layout-normal text-serif-m layout-padded\">Folk jubler. Mobilkameraer l\u00f8ftes.<\/p>\n<p class=\"_paragraph_o9xde_4 _paragraph_xtcu6_10 layout-component text-serif-m layout-normal text-serif-m layout-padded\"><strong class=\"_strong_o9xde_25\">Og plutselig st\u00e5r det norske treet i all sin verdighet og gl\u00f8der midt i London.<\/strong><\/p>\n<p class=\"_paragraph_o9xde_4 _paragraph_xtcu6_10 layout-component text-serif-m layout-normal text-serif-m layout-padded\">En bedre takk, i begge retninger, s\u00e6rlig p\u00e5 en dag som dette, er vanskelig \u00e5 forestille seg.<\/p>\n<p class=\"_paragraph_o9xde_4 _paragraph_xtcu6_10 layout-component text-serif-m layout-normal text-serif-m layout-padded\">Et tre kan ikke forsvare et land.<\/p>\n<p class=\"_paragraph_o9xde_4 _paragraph_xtcu6_10 layout-component text-serif-m layout-normal text-serif-m layout-padded\">Men det kan minne oss p\u00e5 hvorfor noen gj\u00f8r det.<\/p>\n<p>      Dette er en kommentar. Kommentaren gir uttrykk for skribentens holdning. <\/p>\n","protected":false},"excerpt":{"rendered":"Det var 21. november og to uker til den norske julegranen skulle tennes p\u00e5 Trafalgar Square. Jeg hadde&hellip;\n","protected":false},"author":2,"featured_media":105144,"comment_status":"","ping_status":"","sticky":false,"template":"","format":"standard","meta":{"footnotes":""},"categories":[10],"tags":[20,21,4835,24,25,15,13184,12117,22,23,863,13,30,12119,28,29,14,16,865,26,27,7518,103],"class_list":{"0":"post-105143","1":"post","2":"type-post","3":"status-publish","4":"format-standard","5":"has-post-thumbnail","7":"category-norge","8":"tag-breaking-news","9":"tag-breakingnews","10":"tag-england","11":"tag-featured-news","12":"tag-featurednews","13":"tag-headlines","14":"tag-hoytider","15":"tag-juletre","16":"tag-latest-news","17":"tag-latestnews","18":"tag-london","19":"tag-news","20":"tag-no","21":"tag-nordmarka","22":"tag-norge","23":"tag-norway","24":"tag-nyheter","25":"tag-overskrifter","26":"tag-storbritannia","27":"tag-top-stories","28":"tag-topstories","29":"tag-twitter","30":"tag-vgmeninger"},"share_on_mastodon":{"url":"https:\/\/pubeurope.com\/@no\/115667703436961066","error":""},"_links":{"self":[{"href":"https:\/\/www.europesays.com\/no\/wp-json\/wp\/v2\/posts\/105143","targetHints":{"allow":["GET"]}}],"collection":[{"href":"https:\/\/www.europesays.com\/no\/wp-json\/wp\/v2\/posts"}],"about":[{"href":"https:\/\/www.europesays.com\/no\/wp-json\/wp\/v2\/types\/post"}],"author":[{"embeddable":true,"href":"https:\/\/www.europesays.com\/no\/wp-json\/wp\/v2\/users\/2"}],"replies":[{"embeddable":true,"href":"https:\/\/www.europesays.com\/no\/wp-json\/wp\/v2\/comments?post=105143"}],"version-history":[{"count":0,"href":"https:\/\/www.europesays.com\/no\/wp-json\/wp\/v2\/posts\/105143\/revisions"}],"wp:featuredmedia":[{"embeddable":true,"href":"https:\/\/www.europesays.com\/no\/wp-json\/wp\/v2\/media\/105144"}],"wp:attachment":[{"href":"https:\/\/www.europesays.com\/no\/wp-json\/wp\/v2\/media?parent=105143"}],"wp:term":[{"taxonomy":"category","embeddable":true,"href":"https:\/\/www.europesays.com\/no\/wp-json\/wp\/v2\/categories?post=105143"},{"taxonomy":"post_tag","embeddable":true,"href":"https:\/\/www.europesays.com\/no\/wp-json\/wp\/v2\/tags?post=105143"}],"curies":[{"name":"wp","href":"https:\/\/api.w.org\/{rel}","templated":true}]}}