{"id":105153,"date":"2025-12-05T15:50:09","date_gmt":"2025-12-05T15:50:09","guid":{"rendered":"https:\/\/www.europesays.com\/no\/105153\/"},"modified":"2025-12-05T15:50:09","modified_gmt":"2025-12-05T15:50:09","slug":"sport-fotball-kjetil-knutsen-bekrefter-enig-om-ny-bodo-glimt-kontrakt","status":"publish","type":"post","link":"https:\/\/www.europesays.com\/no\/105153\/","title":{"rendered":"Sport, Fotball | Kjetil Knutsen bekrefter: Enig om ny Bod\u00f8\/Glimt-kontrakt"},"content":{"rendered":"\n<p>\u2013 Vi er enige. Jeg skal v\u00e6re s\u00e5 \u00e6rlig \u00e5 si at vi har ikke signert kontrakten. Men vi er enige, sier Kjetil Knutsen if\u00f8lge <a href=\"https:\/\/www.an.no\/kjetil-jubler-for-ny-stadion-og-kom-med-gladmelding-pa-direkten-vi-er-enige\/s\/5-4-2290077\" rel=\"Follow nofollow noopener\" target=\"_blank\">Avisa Nordland<\/a>. <\/p>\n<p>Vil ikke r\u00f8pe detaljer<\/p>\n<p>Arnabuen vil imidlertid ikke snakke om hvor lang den nye avtalen mellom partene er. <\/p>\n<p>\u2013 Nei, drit i det. Herregud. Det er helt uinteressant. Det kan v\u00e6re ti \u00e5r og det kan v\u00e6re to \u00e5r. For \u00e5 si det s\u00e5nn. S\u00e5 lenge det er riktig for Glimt. Det er derfor vi jobber her. Det er ikke lengden p\u00e5 kontrakten som betyr noe. <\/p>\n<p>\u2013 N\u00e5r det er noen andre som gj\u00f8r en bedre jobb enn meg, s\u00e5 m\u00e5 jeg bare komme meg vekk. Det er litt viktig. Det som er best for Glimt, sier Kjetil Knutsen videre til avisen. <\/p>\n<p>Har tatt Glimt til Champions League<\/p>\n<p>Treneren kom til Bod\u00f8\/Glimt f\u00f8r 2017-sesongen og fikk hovedansvaret i 2018. Bergenseren har hatt stor suksess med klubben de siste \u00e5rene. Denne sesongen har Knutsens menn blant annet spilt i Champions League.<\/p>\n<p>Glimt har blitt seriemester fire ganger under 57-\u00e5ringens ledelse, selv om det i 2025-sesongen endte med s\u00f8lv bak Viking. <\/p>\n<p>I 2024\/25-sesongen tok Knutsen ogs\u00e5 laget fra Nord-Norge helt til semifinalen i Europa League. <\/p>\n","protected":false},"excerpt":{"rendered":"\u2013 Vi er enige. Jeg skal v\u00e6re s\u00e5 \u00e6rlig \u00e5 si at vi har ikke signert kontrakten. Men&hellip;\n","protected":false},"author":2,"featured_media":105154,"comment_status":"","ping_status":"","sticky":false,"template":"","format":"standard","meta":{"footnotes":""},"categories":[59],"tags":[36,517,92,3309,30,28,29,83,82,1510],"class_list":{"0":"post-105153","1":"post","2":"type-post","3":"status-publish","4":"format-standard","5":"has-post-thumbnail","7":"category-sport","8":"tag-art","9":"tag-bodo-glimt","10":"tag-fotball","11":"tag-kjetil-knutsen","12":"tag-no","13":"tag-norge","14":"tag-norway","15":"tag-sport","16":"tag-sports","17":"tag-story"},"share_on_mastodon":{"url":"https:\/\/pubeurope.com\/@no\/115667758128274010","error":""},"_links":{"self":[{"href":"https:\/\/www.europesays.com\/no\/wp-json\/wp\/v2\/posts\/105153","targetHints":{"allow":["GET"]}}],"collection":[{"href":"https:\/\/www.europesays.com\/no\/wp-json\/wp\/v2\/posts"}],"about":[{"href":"https:\/\/www.europesays.com\/no\/wp-json\/wp\/v2\/types\/post"}],"author":[{"embeddable":true,"href":"https:\/\/www.europesays.com\/no\/wp-json\/wp\/v2\/users\/2"}],"replies":[{"embeddable":true,"href":"https:\/\/www.europesays.com\/no\/wp-json\/wp\/v2\/comments?post=105153"}],"version-history":[{"count":0,"href":"https:\/\/www.europesays.com\/no\/wp-json\/wp\/v2\/posts\/105153\/revisions"}],"wp:featuredmedia":[{"embeddable":true,"href":"https:\/\/www.europesays.com\/no\/wp-json\/wp\/v2\/media\/105154"}],"wp:attachment":[{"href":"https:\/\/www.europesays.com\/no\/wp-json\/wp\/v2\/media?parent=105153"}],"wp:term":[{"taxonomy":"category","embeddable":true,"href":"https:\/\/www.europesays.com\/no\/wp-json\/wp\/v2\/categories?post=105153"},{"taxonomy":"post_tag","embeddable":true,"href":"https:\/\/www.europesays.com\/no\/wp-json\/wp\/v2\/tags?post=105153"}],"curies":[{"name":"wp","href":"https:\/\/api.w.org\/{rel}","templated":true}]}}