{"id":105163,"date":"2025-12-05T16:14:25","date_gmt":"2025-12-05T16:14:25","guid":{"rendered":"https:\/\/www.europesays.com\/no\/105163\/"},"modified":"2025-12-05T16:14:25","modified_gmt":"2025-12-05T16:14:25","slug":"northug-haper-sverige-kommer-til-vm","status":"publish","type":"post","link":"https:\/\/www.europesays.com\/no\/105163\/","title":{"rendered":"Northug h\u00e5per Sverige kommer til VM"},"content":{"rendered":"<p>Fredag avgj\u00f8res det hvem Norge m\u00f8ter i gruppespillet i VM.<\/p>\n<p class=\"bold m-bold\" data-lab-font_weight=\"bold\"><a href=\"https:\/\/play.tv2.no\/serier\/fifa-fotball-vm-2026-trekning-9cdyjhfs\/sesong-2025\/episode-2?play=true\" rel=\"nofollow noopener\" target=\"_blank\">Trekningen ser du p\u00e5 TV 2 Play og TV 2 Direkte fra klokken 17.00.<\/a><\/p>\n<p>I den anledning har TV 2 spurt flere norske idrettsut\u00f8vere og profiler om hvem de h\u00e5per havner i Norges gruppe.<\/p>\n<p class=\"italic m-italic\" data-lab-italic=\"italic\">Nederst i saken kan du ogs\u00e5 velge dine \u00f8nskemotstandere!<\/p>\n<p>        <img class=\"image__img lazyload\" itemprop=\"image\" title=\"Foto: TV 2\" alt=\"GODE: Petter Northug tror Norge kan ta seg langt i VM. Foto: TV 2\" width=\"675\" height=\"432\" bad-src=\"https:\/\/www.europesays.com\/no\/wp-content\/uploads\/2025\/12\/18342613.webp\" fetchpriority=\"auto\" \/><\/p>\n<p>      GODE: Petter Northug tror Norge kan ta seg langt i VM.<br \/>\n         Foto: TV 2<\/p>\n<p>Petter Northug har selvf\u00f8lgelig et h\u00e5p om at Sverige kommer til VM og at Norge m\u00f8ter dem.<\/p>\n<p>Hvis ikke ser dr\u00f8mmegruppen hans slik ut: Mexico, \u00d8sterrike og Haiti.<\/p>\n<p>P\u00e5 sp\u00f8rsm\u00e5l om hvor langt han tror Norge kan n\u00e5, kommer svaret kjapt.<\/p>\n<p class=\"bold m-bold\" data-lab-font_weight=\"bold\">\u2013 Semifinale.<\/p>\n<p>        <img class=\"image__img lazyload\" itemprop=\"image\" title=\"Foto: Sveinung Kyte \/ TV 2\" alt=\"SEMIFINALE: Ingrid Landmark Tandrevold har stor tro p\u00e5 landslaget. Foto: Sveinung Kyte \/ TV 2\" width=\"675\" height=\"379\" bad-src=\"https:\/\/www.europesays.com\/no\/wp-content\/uploads\/2025\/12\/18342656.webp\" fetchpriority=\"auto\" \/><\/p>\n<p>      SEMIFINALE: Ingrid Landmark Tandrevold har stor tro p\u00e5 landslaget.<br \/>\n         Foto: Sveinung Kyte \/ TV 2<\/p>\n<p data-lab-font_weight=\"\">Skiskytterstjerne Ingrid Landmark Tandrevold tar utfordringen p\u00e5 strak arm, og lanserer sin dr\u00f8mmegruppe til fotball-VM.<\/p>\n<p>Argentina, Japan, Norge og Kapp Verde.<\/p>\n<p>\u2013 Det er en bra gruppe.<\/p>\n<p class=\"italic m-italic\" data-lab-italic=\"italic\">\u2013 Hvor langt kan Norge g\u00e5?<\/p>\n<p>\u2013 Alt er mulig. Jeg har egentlig veldig troen. Norge til semifinale! Du fikk det her f\u00f8rst!<\/p>\n<p>        <img class=\"image__img lazyload\" itemprop=\"image\" title=\"Foto: Erik Flaaris Johansen \/ NTB\" alt=\"LEGENDE: Kjetil Andr\u00e9 Aamodt regnes som en av tidenes beste alpinister. Foto: Erik Flaaris Johansen \/ NTB\" width=\"978\" height=\"551\" bad-src=\"https:\/\/www.europesays.com\/no\/wp-content\/uploads\/2025\/12\/18355887.webp\" fetchpriority=\"auto\" \/><\/p>\n<p>      LEGENDE: Kjetil Andr\u00e9 Aamodt regnes som en av tidenes beste alpinister.<br \/>\n         Foto: Erik Flaaris Johansen \/ NTB<\/p>\n<p>Fire ganger olympiamester og Liverpool-supporter\u00a0Kjetil Andr\u00e9 Aamodt\u00a0h\u00e5per p\u00e5 disse tre motstanderne:<\/p>\n<p>Canada, Australia og New Zealand.<\/p>\n<p>Noe som er mulig ettersom Australia regnes som et lag fra Asia i Fifas turneringer.<\/p>\n<p>Han har ogs\u00e5 tro p\u00e5 at det er en gruppe Norge kommer til \u00e5 ta seg videre fra.\u00a0<\/p>\n<p class=\"italic m-italic\" data-lab-italic=\"italic\">\u2013 Hvor langt tror du Norge g\u00e5r?<\/p>\n<p>\u2013 Kvarten! Svarer Aamodt.<\/p>\n<p>        <img class=\"image__img lazyload\" itemprop=\"image\" title=\"Foto: Stian Lysberg Solum \/ NTB\" alt=\"BRING IT ON! Harald \u00d8stberg Amundsen ser frem til neste sommer. Foto: Stian Lysberg Solum \/ NTB\" width=\"675\" height=\"419\" bad-src=\"https:\/\/www.europesays.com\/no\/wp-content\/uploads\/2025\/12\/1764951259_423_18350429.webp\" fetchpriority=\"auto\" \/><\/p>\n<p>      BRING IT ON! Harald \u00d8stberg Amundsen ser frem til neste sommer.<br \/>\n         Foto: Stian Lysberg Solum \/ NTB<\/p>\n<p>Harald \u00d8stberg Amundsen\u00a0ble f\u00f8dt noen m\u00e5neder etter at Norge var med i VM i 1998, n\u00e5 gleder han seg til sommeren for \u00e5 se landslaget i VM for f\u00f8rste gang.<\/p>\n<p>Langrennsstjernen frykter ingen neste sommer.<\/p>\n<p>\u2013 Akkurat n\u00e5 er jeg ikke redd for noen motstandere for Norges del. Vi s\u00e5 mot Italia at alt er mulig. Hva med Brasil eller Argentina, og kanskje Kapp Verde og Danmark, om de klarer \u00e5 ta seg videre fra omspillet, sier \u00d8stberg Amundsen til NTB.<\/p>\n<p>        <img class=\"image__img lazyload\" itemprop=\"image\" title=\"Foto: Ludvig Thunman \/ BILDBYR\u00c5N\" alt=\"ERFARING: Ingrid Syrstad Engen er vant til \u00e5 delta i mesterskap for Norge. Foto: Ludvig Thunman \/ BILDBYR\u00c5N\" width=\"675\" height=\"379\" bad-src=\"https:\/\/www.europesays.com\/no\/wp-content\/uploads\/2025\/12\/18342755.webp\" fetchpriority=\"auto\" \/><\/p>\n<p>      ERFARING: Ingrid Syrstad Engen er vant til \u00e5 delta i mesterskap for Norge.<br \/>\n         Foto: Ludvig Thunman \/ BILDBYR\u00c5N<\/p>\n<p>Ingrid Syrstad Engen\u00a0h\u00e5per ogs\u00e5 at hun f\u00e5r se Lionel Messi og Erling Braut Haaland p\u00e5 samme bane neste sommer.<\/p>\n<p>\u2013 Det hadde v\u00e6rt litt kult med Argentina &#8230;<\/p>\n<p>Syrstad Engens dr\u00f8mmegruppe: Argentina, Japan og Ghana.<\/p>\n<p>Hun er usikker p\u00e5 hvor langt det norske landslaget tar seg.<\/p>\n<p>\u2013 Det er vanskelig \u00e5 si, men jeg h\u00e5per de kommer s\u00e5 langt som mulig. Det blir t\u00f8ffe kamper uansett hvem de m\u00f8ter, men jeg h\u00e5per jo det blir noen kule kamper, sier tr\u00f8nderen.<\/p>\n<p>        <img class=\"image__img lazyload\" itemprop=\"image\" title=\"Foto: H\u00e5vard Sjursen \/ TV 2\" alt=\"BRASIL: Kjetil Jansrud er ikke i tvil om hvem han vil Norge skal m\u00f8te i VM. Foto: H\u00e5vard Sjursen \/ TV 2\" width=\"978\" height=\"551\" bad-src=\"https:\/\/www.europesays.com\/no\/wp-content\/uploads\/2025\/12\/18355986.webp\" fetchpriority=\"auto\" \/><\/p>\n<p>      BRASIL: Kjetil Jansrud er ikke i tvil om hvem han vil Norge skal m\u00f8te i VM.<br \/>\n         Foto: H\u00e5vard Sjursen \/ TV 2<\/p>\n<p>Kjetil Jansrud dr\u00f8mmer om en reprise av VM i 1998. Han ser gjerne Norge ta en ny skalp mot Brasil!<\/p>\n<p>\u2013 Lett eller vanskelig? Min mening er at det m\u00e5 v\u00e6re g\u00f8y \u00e5 f\u00e5 bryne seg p\u00e5 de store nasjonene, men ogs\u00e5 motstandere som kan gi underholdende kamper, sier gullvinneren fra OL.<\/p>\n<p>Brasil, Japan og Curacao.<\/p>\n<p>\u2013 H\u00e5pet d\u00f8r sist! Kvartfinale er det jo g\u00f8y \u00e5 dr\u00f8mme om, men det er nok mest realistisk med 16-delsfinale, sier Jansrud.<\/p>\n<p>        <img class=\"image__img lazyload\" itemprop=\"image\" title=\"Foto: Ingrid Wollberg \/ TV 2\" alt=\"HEIA NORGE: Vilde B\u00f8e Risa tror en kamp mot Argentina hadde v\u00e6rt kult. Foto: Ingrid Wollberg \/ TV 2\" width=\"978\" height=\"551\" bad-src=\"https:\/\/www.europesays.com\/no\/wp-content\/uploads\/2025\/12\/18342687.webp\" fetchpriority=\"auto\" \/><\/p>\n<p>      HEIA NORGE: Vilde B\u00f8e Risa tror en kamp mot Argentina hadde v\u00e6rt kult.<br \/>\n         Foto: Ingrid Wollberg \/ TV 2<\/p>\n<p>Landslagsspiller\u00a0Vilde B\u00f8e Risa\u00a0h\u00e5per Norge slipper \u00e5 spille i h\u00f8yden som venter i Mexico.<\/p>\n<p>I Mexico City skal det spilles 2200 meter over havet, mens det i Guadalajara skal spilles 1600 meter over havet.<\/p>\n<p>\u2013 Kanskje man vil ha et sterkt lag som kan vinne gruppen, for s\u00e5 \u00e5 satse p\u00e5 \u00e5 bli toer? Det er kanskje litt risikabelt, men Argentina hadde v\u00e6rt kult.\u00a0<\/p>\n<p>Etter \u00e5 ha tenkt noen sekunder plukker B\u00f8e Risa ut f\u00f8lgende gruppe: Argentina, Australia og Kapp Verde.<\/p>\n<p>\u2013 De har hatt en veldig god kvalik, det har v\u00e6rt g\u00f8y \u00e5 se p\u00e5 dem. Det ser jo ut som om at de kan vinne mot nesten hvem som helst n\u00e5. Klarer de \u00e5 ta med seg den selvtilliten, s\u00e5 har de absolutt mulighet til \u00e5 bite fra seg. Jeg tror folk frykter dem litt, de er en skummel motstander og det er jo litt deilig \u00e5 kjenne p\u00e5, sier B\u00f8e Risa.<\/p>\n<p>        <img class=\"image__img lazyload\" itemprop=\"image\" title=\"Foto: Aksel Berg Sandin \/ TV 2\" alt=\"H\u00c5PER P\u00c5 DEBUTANT: Harald Frey h\u00e5per Norge trekker Kapp Verde. Foto: Aksel Berg Sandin \/ TV 2\" width=\"978\" height=\"551\" bad-src=\"https:\/\/www.europesays.com\/no\/wp-content\/uploads\/2025\/12\/18346684.webp\" fetchpriority=\"auto\" \/><\/p>\n<p>      H\u00c5PER P\u00c5 DEBUTANT: Harald Frey h\u00e5per Norge trekker Kapp Verde.<br \/>\n         Foto: Aksel Berg Sandin \/ TV 2<\/p>\n<p>Norges beste basketballspiller\u00a0Harald Frey\u00a0gleder seg stort til neste sommer.<\/p>\n<p>\u2013 Jeg skal faktisk til USA i juli! Jeg h\u00e5per Norge trekker en gruppe hvor sjansene til \u00e5 g\u00e5 videre er gode, sier han og lister opp:<\/p>\n<p>Mexico, Japan og Kapp Verde.<\/p>\n<p>\u2013 Jeg har kjempetro p\u00e5 det norske laget, og de spiller jo s\u00e5 bra som hvem som helst i verden om dagen. Turneringer som VM er jo alltid vanskelig, og det \u00e5 peake i riktig tid er viktig. Med den stallen vi har n\u00e5, s\u00e5 tenker jeg at vi g\u00e5r videre fra gruppespillet og i sluttspillet kan alt skje. Med litt hell kan vi n\u00e5 langt. Kvartfinale? Semifinale? Jeg har veldig troen, sier Frey.<\/p>\n<p>        <img class=\"image__img lazyload\" itemprop=\"image\" title=\"Foto: Vegard Gr\u00f8tt \/ BILDBYR\u00c5N\" alt=\"EM-HELT: Signe Gaupset var en av Norges st\u00f8rste stjerner under EM i sommer. Foto: Vegard Gr\u00f8tt \/ BILDBYR\u00c5N\" width=\"675\" height=\"412\" bad-src=\"https:\/\/www.europesays.com\/no\/wp-content\/uploads\/2025\/12\/18342822.webp\" fetchpriority=\"auto\" \/><\/p>\n<p>      EM-HELT: Signe Gaupset var en av Norges st\u00f8rste stjerner under EM i sommer.<br \/>\n         Foto: Vegard Gr\u00f8tt \/ BILDBYR\u00c5N<\/p>\n<p>Signe Gaupset h\u00e5per Norge havner i gruppe med en av vertsnasjonene.<\/p>\n<p>\u2013 Det hadde jo v\u00e6rt veldig kult med USA, sier Gaupset og lister opp f\u00f8lgende gruppe:<\/p>\n<p>Usa, Kroatia og New Zealand.<\/p>\n<p>\u2013 Det skal v\u00e6re mulig \u00e5 sl\u00e5 Kroatia. Jeg tror det er en solid gruppe hvor Norge kan gj\u00f8re det bra.<\/p>\n<p>I likhet med store deler av befolkningen skal 20-\u00e5ringen f\u00e5 oppleve herrelandslaget i et mesterskap for f\u00f8rste gang.<\/p>\n<p>\u2013 Jeg har troen p\u00e5 dem. Det blir spennende og kult \u00e5 se dem i et mesterskap, det har jeg aldri opplevd f\u00f8r, sier Gaupset.<\/p>\n<p>Hvem h\u00e5per du g\u00e5r videre?<\/p>\n<p>Her kan du selv velge ett lag fra hver av pottene Norge skal trekke motstandere fra:<\/p>\n","protected":false},"excerpt":{"rendered":"Fredag avgj\u00f8res det hvem Norge m\u00f8ter i gruppespillet i VM. Trekningen ser du p\u00e5 TV 2 Play og&hellip;\n","protected":false},"author":2,"featured_media":105164,"comment_status":"","ping_status":"","sticky":false,"template":"","format":"standard","meta":{"footnotes":""},"categories":[59],"tags":[30,28,29,83,82],"class_list":{"0":"post-105163","1":"post","2":"type-post","3":"status-publish","4":"format-standard","5":"has-post-thumbnail","7":"category-sport","8":"tag-no","9":"tag-norge","10":"tag-norway","11":"tag-sport","12":"tag-sports"},"share_on_mastodon":{"url":"https:\/\/pubeurope.com\/@no\/115667852496796593","error":""},"_links":{"self":[{"href":"https:\/\/www.europesays.com\/no\/wp-json\/wp\/v2\/posts\/105163","targetHints":{"allow":["GET"]}}],"collection":[{"href":"https:\/\/www.europesays.com\/no\/wp-json\/wp\/v2\/posts"}],"about":[{"href":"https:\/\/www.europesays.com\/no\/wp-json\/wp\/v2\/types\/post"}],"author":[{"embeddable":true,"href":"https:\/\/www.europesays.com\/no\/wp-json\/wp\/v2\/users\/2"}],"replies":[{"embeddable":true,"href":"https:\/\/www.europesays.com\/no\/wp-json\/wp\/v2\/comments?post=105163"}],"version-history":[{"count":0,"href":"https:\/\/www.europesays.com\/no\/wp-json\/wp\/v2\/posts\/105163\/revisions"}],"wp:featuredmedia":[{"embeddable":true,"href":"https:\/\/www.europesays.com\/no\/wp-json\/wp\/v2\/media\/105164"}],"wp:attachment":[{"href":"https:\/\/www.europesays.com\/no\/wp-json\/wp\/v2\/media?parent=105163"}],"wp:term":[{"taxonomy":"category","embeddable":true,"href":"https:\/\/www.europesays.com\/no\/wp-json\/wp\/v2\/categories?post=105163"},{"taxonomy":"post_tag","embeddable":true,"href":"https:\/\/www.europesays.com\/no\/wp-json\/wp\/v2\/tags?post=105163"}],"curies":[{"name":"wp","href":"https:\/\/api.w.org\/{rel}","templated":true}]}}