{"id":105167,"date":"2025-12-05T16:17:11","date_gmt":"2025-12-05T16:17:11","guid":{"rendered":"https:\/\/www.europesays.com\/no\/105167\/"},"modified":"2025-12-05T16:17:11","modified_gmt":"2025-12-05T16:17:11","slug":"wall-street-stiger-etter-inflasjonstall-e24-2","status":"publish","type":"post","link":"https:\/\/www.europesays.com\/no\/105167\/","title":{"rendered":"Wall Street stiger etter inflasjonstall \u2013 E24"},"content":{"rendered":"<p class=\"fullWidthDesktop hyperion-css-71ztg2\" data-test-tag=\"lead-text\">Nordea tror p\u00e5 julerally, men advarer samtidig om \u00f8kt usikkerhet. <\/p>\n<p><img decoding=\"async\" class=\"image-asset hyperion-css-u06ts1\" data-test-tag=\"image-asset\" src=\"https:\/\/www.europesays.com\/no\/wp-content\/uploads\/2025\/12\/eaa09c95-000e-424d-aa90-72c1494202bc.jpeg\"  alt=\"\"  loading=\"eager\" fetchpriority=\"high\" style=\"aspect-ratio:1900 \/ 1267\"\/> Foto: Richard Drew \/ AP \/ NTBPublisert: <\/p>\n<p>For mindre enn 2 timer siden<\/p>\n<p>Oppdatert for mindre enn 30 minutter siden<\/p>\n<ul class=\"hyperion-css-pte5x0\">\n<li aria-label=\"link\" class=\"narrow-button hyperion-css-1sz7d3n\">Kopier lenke<\/li>\n<li aria-label=\"link\" class=\"wide-button hyperion-css-1sz7d3n\">Kopier lenke<\/li>\n<li aria-label=\"facebook\" class=\"narrow-button hyperion-css-1sz7d3n\">Del p\u00e5 Facebook<\/li>\n<li aria-label=\"facebook\" class=\"wide-button hyperion-css-1sz7d3n\">Del p\u00e5 Facebook<\/li>\n<li aria-label=\"email\" class=\"narrow-button hyperion-css-1sz7d3n\">Del med e-post<\/li>\n<li aria-label=\"email\" class=\"wide-button hyperion-css-1sz7d3n\">Del med e-post<\/li>\n<\/ul>\n<p class=\"hyperion-css-1lemvax\">Bevegelsene var beskjedne fra start mens markedet ventet p\u00e5 ferske \u00f8konomiske data. <\/p>\n<p class=\"hyperion-css-1lemvax\">Det amerikanske handelsdepartementet publiserte \u00e9n time etter b\u00f8rs\u00e5pning forsinkede september-data for prisveksten i USA. PCE-inflasjonen er m\u00e5ltallet som Federal Reserve er mest opptatt av. <\/p>\n<p class=\"hyperion-css-1lemvax\">Dataene ble forsinket p\u00e5 grunn av den rekordlange nedstengningen av statsapparatet. Disse gir Fed et siste bilde p\u00e5 inflasjonen f\u00f8r neste ukes rentebeslutning. <\/p>\n<p><a data-test-tag=\"teaser-small:link-internal\" href=\"https:\/\/e24.no\/boers-og-finans\/i\/16kn0l\/hvilke-aksjer-blir-aarets-nyttaarsraketter\" class=\"imagePosition-top inline hyperion-css-6238vu\" rel=\"nofollow noopener\" target=\"\" aria-label=\"Hvilke aksjer blir \u00e5rets nytt\u00e5rsraketter?\"><\/p>\n<p>Les p\u00e5 E24+<\/p>\n<p>Hvilke aksjer blir \u00e5rets nytt\u00e5rsraketter?<\/p>\n<p><\/a><\/p>\n<p class=\"hyperion-css-1lemvax\"><a data-test-tag=\"internal-link\" href=\"https:\/\/e24.no\/boers-og-finans\/i\/d4dw7o\/wall-street-stiger-svakt-foer-inflasjonstall\" class=\"hyperion-css-1rezu2g\" rel=\"nofollow noopener\" target=\"\" aria-label=\"Prisveksten endte p\u00e5 2,8 prosent, akkurat som ventet.\">Prisveksten endte p\u00e5 2,8 prosent, akkurat som ventet.<\/a> De toneangivende indeksene stiger noe videre: <\/p>\n<ul class=\"hyperion-css-pkq1ci\" data-test-tag=\"list\">\n<li class=\"hyperion-css-12h2ush\">S&amp;P 500 er opp 0,5 prosent<\/li>\n<li class=\"hyperion-css-12h2ush\">Dow Jones stiger 0,5 prosent<\/li>\n<li class=\"hyperion-css-12h2ush\">Nasdaq Composite \u00f8ker 0,8 prosent<\/li>\n<\/ul>\n<p>Kamp om Warner Bros<\/p>\n<p class=\"hyperion-css-1lemvax\">F\u00f8r b\u00f8rs\u00e5pning ble det kjent at <a data-test-tag=\"internal-link\" href=\"https:\/\/e24.no\/boers-og-finans\/i\/Rjbgr2\/netflix-kjoeper-warner-bros-for-827-milliarder-dollar\" class=\"hyperion-css-1rezu2g\" rel=\"nofollow noopener\" target=\"\" aria-label=\"Netflix har inng\u00e5tt en megadeal om \u00e5 kj\u00f8pe Warner Bros\">Netflix har inng\u00e5tt en megadeal om \u00e5 kj\u00f8pe Warner Bros<\/a>. Kj\u00f8pesummen ligger p\u00e5 82,7 milliarder dollar, tilsvarerende rundt 835 milliarder norske kroner.<\/p>\n<p class=\"hyperion-css-1lemvax\">Netflix-aksjen \u00e5pnet ned nesten fem prosent fredag, men er etter en times handel tiln\u00e6rmet flat.<\/p>\n<p class=\"hyperion-css-1lemvax\">Amerikanske medier skriver at det er satt i gang en offensiv fra konkurrenten Paramount for \u00e5 stanse avtalen. Paramount har selv gjort gjentatte fors\u00f8k p\u00e5 \u00e5 kj\u00f8pe Warner Bros, men har f\u00e5tt tre bud avsl\u00e5tt, if\u00f8lge <a aria-label=\"CNBC\" class=\"default hyperion-css-1rezu2g\" href=\"https:\/\/www.cnbc.com\/2025\/10\/22\/wbd-rejected-three-paramount-offers-sources.html\" rel=\"noopener nofollow noreferrer\" data-test-tag=\"external-link\" target=\"_blank\">CNBC<\/a>.  <\/p>\n<p class=\"hyperion-css-1lemvax\"><a aria-label=\"Wall Street Journal\" class=\"default hyperion-css-1rezu2g\" href=\"https:\/\/www.wsj.com\/business\/media\/paramount-raises-concerns-about-netflixs-bid-for-warner-bros-discovery-1ef9a8c5?mod=author_content_page_1_pos_2\" rel=\"noopener nofollow noreferrer\" data-test-tag=\"external-link\" target=\"_blank\">Wall Street Journal<\/a> skriver torsdag at Paramount har skrevet et brev til Warner Bros\u2019 advokater med p\u00e5stand om at kj\u00f8pet aldri vil g\u00e5 gjennom. Sammensl\u00e5ingen m\u00e5 godkjennes av regulatoriske myndigheter. <\/p>\n<p class=\"hyperion-css-1lemvax\">If\u00f8lge <a aria-label=\"The New York Post\" class=\"default hyperion-css-1rezu2g\" href=\"https:\/\/nypost.com\/2025\/12\/04\/media\/paramount-skydances-david-ellison-meets-with-trump-officials-as-netflix-makes-highest-bid-for-wbd-sources\/\" rel=\"noopener nofollow noreferrer\" data-test-tag=\"external-link\" target=\"_blank\">The New York Post<\/a> har Paramount-sjef David Ellison ogs\u00e5 tatt kontakt med representanter i Trump-administrasjonen. Ellison og Trump har et n\u00e6rt forhold, if\u00f8lge CNBC. <\/p>\n<p class=\"hyperion-css-1lemvax\">Paramount-aksjen faller over 6 prosent p\u00e5 b\u00f8rs. <\/p>\n<p><a data-test-tag=\"teaser-small:link-internal\" href=\"https:\/\/e24.no\/boers-og-finans\/i\/XMlvpo\/investtech-analyse-tre-aksjer-du-maa-selge-naa\" class=\"imagePosition-top inline hyperion-css-6238vu\" rel=\"nofollow noopener\" target=\"\" aria-label=\"Investtech-analyse: Tre aksjer du m\u00e5 selge n\u00e5\"><\/p>\n<p>Les p\u00e5 E24+<\/p>\n<p>Investtech-analyse: Tre aksjer du m\u00e5 selge n\u00e5<\/p>\n<p><\/a>Nordea-advarsel<\/p>\n<p class=\"hyperion-css-1lemvax\">Etter en turbulent start p\u00e5 november, har markedet funnet tilbake til optimismen den siste tiden. <\/p>\n<p class=\"hyperion-css-1lemvax\">Investorer b\u00f8r imidlertid ikke bli for trygge, advarer Nordea i en ny rapport. <\/p>\n<p class=\"hyperion-css-1lemvax\">\u2013 Markedsrystelsen er bak oss og aksjer er p\u00e5 vei mot et julerally, men forh\u00f8yet stress i finansmarkedene og usikkerhet rundt Trumps valg av Fed-sjef tyder p\u00e5 at m\u00e5nedene fremover kan bli mye mer turbulente enn investorer forventer, skriver strateg Philip Maldia Madsen. <\/p>\n<p class=\"hyperion-css-1lemvax\">Nordea peker p\u00e5 at rentemarkedene n\u00e5 priser inn 92 prosent sannsynlighet for at den amerikanske sentralbanken Fed kutter renten med 0,25 prosentpoeng neste uke.<\/p>\n<p class=\"hyperion-css-1lemvax\">Men det som bekymrer banken mest, er usikkerheten rundt hvem Donald Trump vil utnevne som ny Fed-sjef. Flere navn sirkulerer, men Kevin Hassett regnes som favoritt.<\/p>\n<p class=\"hyperion-css-1lemvax\">\u2013 Noen investorer bekymrer seg for at utnevnelsen av Hassett vil kompromittere Feds uavhengighet og f\u00f8re til en mer politisk drevet pengepolitikk, skriver Madsen.<\/p>\n<p class=\"hyperion-css-1lemvax\">Denne usikkerheten kan i seg selv v\u00e6re nok til \u00e5 svekke investortillit og svekke dollaren, if\u00f8lge strategen.<\/p>\n","protected":false},"excerpt":{"rendered":"Nordea tror p\u00e5 julerally, men advarer samtidig om \u00f8kt usikkerhet. Foto: Richard Drew \/ AP \/ NTBPublisert: For&hellip;\n","protected":false},"author":2,"featured_media":105132,"comment_status":"","ping_status":"","sticky":false,"template":"","format":"standard","meta":{"footnotes":""},"categories":[56],"tags":[60,61,62,30,28,29],"class_list":{"0":"post-105167","1":"post","2":"type-post","3":"status-publish","4":"format-standard","5":"has-post-thumbnail","7":"category-naeringsliv","8":"tag-business","9":"tag-economy","10":"tag-naeringsliv","11":"tag-no","12":"tag-norge","13":"tag-norway"},"share_on_mastodon":{"url":"https:\/\/pubeurope.com\/@no\/115667864476471839","error":""},"_links":{"self":[{"href":"https:\/\/www.europesays.com\/no\/wp-json\/wp\/v2\/posts\/105167","targetHints":{"allow":["GET"]}}],"collection":[{"href":"https:\/\/www.europesays.com\/no\/wp-json\/wp\/v2\/posts"}],"about":[{"href":"https:\/\/www.europesays.com\/no\/wp-json\/wp\/v2\/types\/post"}],"author":[{"embeddable":true,"href":"https:\/\/www.europesays.com\/no\/wp-json\/wp\/v2\/users\/2"}],"replies":[{"embeddable":true,"href":"https:\/\/www.europesays.com\/no\/wp-json\/wp\/v2\/comments?post=105167"}],"version-history":[{"count":0,"href":"https:\/\/www.europesays.com\/no\/wp-json\/wp\/v2\/posts\/105167\/revisions"}],"wp:featuredmedia":[{"embeddable":true,"href":"https:\/\/www.europesays.com\/no\/wp-json\/wp\/v2\/media\/105132"}],"wp:attachment":[{"href":"https:\/\/www.europesays.com\/no\/wp-json\/wp\/v2\/media?parent=105167"}],"wp:term":[{"taxonomy":"category","embeddable":true,"href":"https:\/\/www.europesays.com\/no\/wp-json\/wp\/v2\/categories?post=105167"},{"taxonomy":"post_tag","embeddable":true,"href":"https:\/\/www.europesays.com\/no\/wp-json\/wp\/v2\/tags?post=105167"}],"curies":[{"name":"wp","href":"https:\/\/api.w.org\/{rel}","templated":true}]}}