{"id":105177,"date":"2025-12-05T16:28:21","date_gmt":"2025-12-05T16:28:21","guid":{"rendered":"https:\/\/www.europesays.com\/no\/105177\/"},"modified":"2025-12-05T16:28:21","modified_gmt":"2025-12-05T16:28:21","slug":"fredagens-rykter-5","status":"publish","type":"post","link":"https:\/\/www.europesays.com\/no\/105177\/","title":{"rendered":"Fredagens rykter"},"content":{"rendered":"<p>LES OGS\u00c5: <a href=\"https:\/\/www.united.no\/nyheter\/sondagens-rykter\/1405196\" target=\"_blank\" rel=\"nofollow noopener\">Forrige ukes rykter<\/a><\/p>\n<p>Fredag 5. desember<\/p>\n<p>16.20: Troverdige <a href=\"https:\/\/www.nytimes.com\/athletic\/6864742\/2025\/12\/05\/kobbie-mainoo-manchester-united-transfer-loan-january\/?source=twitteruk\" target=\"_blank\" rel=\"nofollow noopener\">The Athletic<\/a> skriver (igjen) at Kobbie Mainoo er klar for et utl\u00e5n vekk fra United i januar. Midtbanespilleren \u00f8nsker seg helst et utl\u00e5n utenlands, men if\u00f8lge artikkelen vil United se an situasjonen til etter at Afrika-mesterskapet er ferdig midt i januar, f\u00f8r de tar en avgj\u00f8relse. Dette fordi klubben mister Mbeumo, Amad og Mazraoui dit. Dette betyr i s\u00e5 fall at Mainoo tidligst er aktuell for et utl\u00e5n fra og med andre halvdel av januar-vinduet.<\/p>\n<p>10.47: Kanskje ikke den mest spennende rykteoppdateringen siden alt allerede tyder p\u00e5 at han blir United-spiller s\u00e5 snart han blir 18 \u00e5r, men Rich Fay skriver i <a href=\"https:\/\/www.manchesterworld.uk\/sport\/football\/manchester-united\/photo-midfielder-spotted-at-old-trafford-last-night-ahead-of-signing-for-manchester-united-5430680\" target=\"_blank\" rel=\"nofollow noopener\">Manchester World<\/a> at colombianske Cristian Orozco har v\u00e6rt til stede p\u00e5 b\u00e5de U21-lagets kamp mot Anderlecht og A-lagets kamp mot West Ham denne uka.<\/p>\n<p>Orozco har lagt ut b\u00e5de bilder og videoer p\u00e5 sin <a href=\"https:\/\/www.instagram.com\/camilo.orozco06\/\" target=\"_blank\" rel=\"nofollow noopener\">Instagram<\/a>-historie fra West Ham-kampen.\u00a0<\/p>\n<p>Han skal v\u00e6re i Manchester for \u00e5 fullf\u00f8re den kommende overgangen, som potensielt ikke blir annonsert offisielt f\u00f8r i juli.<\/p>\n<p>Vi skrev nylig litt mer i dybden om Orozco-overgangen <a href=\"https:\/\/www.united.no\/nyheter\/signerer-kontrakten-i-lopet-av-de-neste-dagene\/1405867\" rel=\"nofollow noopener\" target=\"_blank\">her<\/a>.<\/p>\n<p>Torsdag 4. desember<\/p>\n<p>08.08: Mandag omtalte vi ryktene om at United f\u00f8lger med p\u00e5 utviklingen til Eintracht Frankfurts Nathaniel Brown, og n\u00e5 melder ogs\u00e5 den tyske storavisen <a href=\"https:\/\/www.bild.de\/sport\/fussball\/eintracht-frankfurt-muss-kroesche-diesen-dfb-star-verkaufen-692ff42d285ba4a14dcf1acb\" target=\"_blank\" rel=\"nofollow noopener\">Bild <\/a>at United er med i jakten p\u00e5 den tyske backen.<\/p>\n<p>22 \u00e5r gamle Brown er en vingback som er sv\u00e6rt offensiv i stilen og prestasjonene i Tyskland har gjort ham til en ettertraktet mann. Florian Plettenberg meldte om Uniteds interesse tidligere denne uken, og Bild skriver n\u00e5 at United er, sammen med blant andre Real Madrid og Arsenal, blant beilerne. Frankfurt \u00f8nsker imidlertid ikke \u00e5 selge, i hvert fall ikke i januar.\u00a0<\/p>\n<p>Onsdag 3. desember<\/p>\n<p>15.37: Utl\u00e5nte Harry Amass har h\u00f8stet mye ros og gjort sine saker bra p\u00e5 l\u00e5n i Championship-klubben Sheffield Wednesday, men det er ikke sikkert de f\u00e5r beholde ham. Det skriver <a href=\"https:\/\/www.bbc.com\/sport\/football\/articles\/c1w93q9e92yo\" target=\"_blank\" rel=\"nofollow noopener\">BBC<\/a>.\u00a0<\/p>\n<p>L\u00e5neavtalen utl\u00f8per i utgangspunktet i januar, men det p\u00e5g\u00e5r diskusjoner i United om hvor han skal tilbringe andre halvdel av sesongen. Sheffield Wednesday \u00f8nsker \u00e5 beholde ham, men er if\u00f8lge United-journalist Simon Stone klar over at interessen for Amass er stor og at det er usikker om de f\u00e5r beholde ham.\u00a0<\/p>\n<p>08.08: United-speidere skal ha v\u00e6rt p\u00e5 plass i Hellas for \u00e5 se n\u00e6rmere p\u00e5 Olympiacos-spilleren Christos Mouzakitis forrige uke. Det melder <a href=\"https:\/\/www.dailymail.co.uk\/sport\/football\/article-15345263\/Man-United-staff-Christmas-party-Greek-wonderkid-Harry-Maguire-Casemiro-contracts.html\" target=\"_blank\" rel=\"nofollow noopener\">Daily Mails<\/a> United-journalister Chris Wheeler og Nathan Salt.\u00a0<\/p>\n<p>Da var den 18 \u00e5r gamle midtbanespilleren i aksjon i Champions League mot Real Madrid, en kamp Olympiacos tapte 3-4. Etter kampen fikk han ros av Real Madrid-trener Xabi Alonso, og United skal v\u00e6re langt fra eneste beiler: Real Madrid skal v\u00e6re interesserte, Chelsea hadde speidere p\u00e5 plass samtidig som United og Arsenal f\u00f8lger ogs\u00e5 n\u00f8ye med.\u00a0<\/p>\n<p>Mouzakitis ble mandag stemt frem som fansens favoritt i Golden Boy Web-k\u00e5ringen.\u00a0<\/p>\n<p>Tirsdag 2. desember<\/p>\n<p class=\"font-weight-bold m-font-weight-bold\" data-lab-font_weight=\"font-weight-bold\">18.30: Harry Maguires\u00a0kontrakt utl\u00f8per snart, etter at klubben utl\u00f8ste hans ett\u00e5rsklausul forrige vinter.\u00a0<a href=\"https:\/\/www.nytimes.com\/athletic\/6852550\/2025\/12\/02\/manchester-united-transfer-latest-january-summer-2026\/\" target=\"_blank\" rel=\"nofollow noopener\">Laurie Whitwell <\/a>fra The Athletic melder at midtstopperen kan snakke med utenlandske klubber fra januar, men at United planlegger \u00e5 vente til senere i sesongen med \u00e5 holde samtaler om en eventuell ny kontrakt.\u00a0<\/p>\n<p>13.09: Mark Ogden i <a href=\"https:\/\/www.espn.co.uk\/football\/story\/_\/id\/47167055\/premier-league-january-transfer-needs-liverpool-arsenal-manchester-united-manchester-city\" target=\"_blank\" rel=\"nofollow noopener\">ESPN<\/a> har, som s\u00e5 mange andre, skrevet litt om Uniteds midtbanejakt denne tirsdagen. If\u00f8lge United-journalisten kan det bli aktuelt for United \u00e5 g\u00e5 for et av sine fremste midtbanem\u00e5l i sommer dersom ledelsen klarer \u00e5 finne midler til det.\u00a0<\/p>\n<p>Ogden skriver at Stuttgarts\u00a0Angelo Stiller, per n\u00e5, fremst\u00e5r som et billigere og mer tilgjengelig alternativ enn de andre, som vi har skrevet litt mer om i denne saken:\u00a0<\/p>\n<p>        <a itemprop=\"url\" class=\"\" href=\"https:\/\/www.united.no\/nyheter\/joao-gomes-ryktene-stemmer-ikke\/1406555\" data-k5a-url=\"https:\/\/www.united.no\/a\/1406555\" rel=\"nofollow noopener\" target=\"_blank\"><\/p>\n<p>\nTHE ATHLETIC:\n<\/p>\n<p>            &#8211; Joao Gomes-ryktene stemmer ikke<\/p>\n<p>        <\/a><\/p>\n<p>08.12: Det er en sjanse for at Conor Gallagher kan forlate Atl\u00e9tico Madrid i januar. Det melder Fabrizio Romano i en episode av <a href=\"https:\/\/www.youtube.com\/watch?v=1F6PyytPGpY&amp;t=464s\" target=\"_blank\" rel=\"nofollow noopener\">Here We Go-podkasten<\/a>. United fors\u00f8kte \u00e5 hente engelskmannen p\u00e5 l\u00e5n p\u00e5 tampen av sommervinduet, men Atl\u00e9tico Madrid ville ikke la ham g\u00e5 p\u00e5 l\u00e5n.\u00a0<\/p>\n<p>Det kan fort v\u00e6re tilfellet i januar ogs\u00e5, men Romano sier at det kanskje er mer realistisk med en permanent overgang. Hvorvidt United vil g\u00e5 for Gallagher gjenst\u00e5r \u00e5 se, men Romano sier han er en \u00e5 f\u00f8lge med p\u00e5 i januar. Atl\u00e9tico Madrid kan komme til \u00e5 kreve rundt 30 millioner euro for den tidligere Chelsea-spilleren.\u00a0<\/p>\n<p>Mandag 1. desember<\/p>\n<p class=\"italic m-italic\" data-lab-italic=\"italic\">N\u00e5 er det \u00e9n m\u00e5ned igjen til januarvinduet \u00e5pner!\u00a0<\/p>\n<p>18.40:\u00a0Nathaniel Brown er i ferd med \u00e5 bli et av de heteste navnene p\u00e5 overgangsmarkedet f\u00f8r sommeren og Manchester United f\u00f8lger, if\u00f8lge tyske<a href=\"https:\/\/x.com\/Plettigoal\/status\/1995540919416692795\" target=\"_blank\" rel=\"nofollow\"> Florian Plettenberg<\/a>, utviklingen sv\u00e6rt tett.<\/p>\n<p>Den 22 \u00e5r gamle venstrebacken, som ogs\u00e5 har f\u00e5tt sitt gjennombrudd p\u00e5 det tyske landslaget, har f\u00e5tt fart p\u00e5 ryktem\u00f8lla etter at Real Madrid sendte speidere for \u00e5 se ham i aksjon mot b\u00e5de K\u00f6ln og Atalanta. Barcelona har ogs\u00e5 meldt sin interesse.<\/p>\n<p> If\u00f8lge klubbens sportsdirekt\u00f8r Markus Kr\u00f6sche kommer Frankfurt til \u00e5 kreve mellom 60 og 70 millioner euro for backen <\/p>\n<p>08.14: Napolis st\u00f8rste avis Il Mattino hevder, gjengitt av <a href=\"https:\/\/sportwitness.co.uk\/expected-to-arrive-manchester-united-negotiating-outdoor-transfer-wanted-for-january-1st\/\" target=\"_blank\" rel=\"nofollow noopener\">Sport Witness<\/a>, at Napoli fortsatt \u00f8nsker \u00e5 hente Kobbie Mainoo og at den regjerende Serie A-mesteren h\u00e5per \u00e5 f\u00e5 ham inn s\u00e5 tidlig som mulig i januar.\u00a0<\/p>\n<p>Il Mattino g\u00e5r s\u00e5 langt som \u00e5 hevde at det er en\u00a0\u00abforventning om at Mainoo kommer\u00bb og det hevdes ogs\u00e5 at Napoli er i samtaler med United. Det skal, if\u00f8lge avisen, v\u00e6re snakk om en l\u00e5neavtale uten noen kj\u00f8psopsjoner.\u00a0<\/p>\n<p><script async src=\"\/\/www.instagram.com\/embed.js\"><\/script><\/p>\n","protected":false},"excerpt":{"rendered":"LES OGS\u00c5: Forrige ukes rykter Fredag 5. desember 16.20: Troverdige The Athletic skriver (igjen) at Kobbie Mainoo er&hellip;\n","protected":false},"author":2,"featured_media":105178,"comment_status":"","ping_status":"","sticky":false,"template":"","format":"standard","meta":{"footnotes":""},"categories":[59],"tags":[30,28,29,83,82],"class_list":{"0":"post-105177","1":"post","2":"type-post","3":"status-publish","4":"format-standard","5":"has-post-thumbnail","7":"category-sport","8":"tag-no","9":"tag-norge","10":"tag-norway","11":"tag-sport","12":"tag-sports"},"share_on_mastodon":{"url":"https:\/\/pubeurope.com\/@no\/115667907588721821","error":""},"_links":{"self":[{"href":"https:\/\/www.europesays.com\/no\/wp-json\/wp\/v2\/posts\/105177","targetHints":{"allow":["GET"]}}],"collection":[{"href":"https:\/\/www.europesays.com\/no\/wp-json\/wp\/v2\/posts"}],"about":[{"href":"https:\/\/www.europesays.com\/no\/wp-json\/wp\/v2\/types\/post"}],"author":[{"embeddable":true,"href":"https:\/\/www.europesays.com\/no\/wp-json\/wp\/v2\/users\/2"}],"replies":[{"embeddable":true,"href":"https:\/\/www.europesays.com\/no\/wp-json\/wp\/v2\/comments?post=105177"}],"version-history":[{"count":0,"href":"https:\/\/www.europesays.com\/no\/wp-json\/wp\/v2\/posts\/105177\/revisions"}],"wp:featuredmedia":[{"embeddable":true,"href":"https:\/\/www.europesays.com\/no\/wp-json\/wp\/v2\/media\/105178"}],"wp:attachment":[{"href":"https:\/\/www.europesays.com\/no\/wp-json\/wp\/v2\/media?parent=105177"}],"wp:term":[{"taxonomy":"category","embeddable":true,"href":"https:\/\/www.europesays.com\/no\/wp-json\/wp\/v2\/categories?post=105177"},{"taxonomy":"post_tag","embeddable":true,"href":"https:\/\/www.europesays.com\/no\/wp-json\/wp\/v2\/tags?post=105177"}],"curies":[{"name":"wp","href":"https:\/\/api.w.org\/{rel}","templated":true}]}}