{"id":105179,"date":"2025-12-05T16:31:40","date_gmt":"2025-12-05T16:31:40","guid":{"rendered":"https:\/\/www.europesays.com\/no\/105179\/"},"modified":"2025-12-05T16:31:40","modified_gmt":"2025-12-05T16:31:40","slug":"voldsomt-prisloft-det-har-steget-veldig-fort","status":"publish","type":"post","link":"https:\/\/www.europesays.com\/no\/105179\/","title":{"rendered":"Voldsomt prisl\u00f8ft: \u2013 Det har steget veldig fort"},"content":{"rendered":"<p><strong>Mye fisk bys ut for salg, men ettersp\u00f8rselen strammer inn markedet.<\/strong><\/p>\n<p>Forrige fredag kunne <a href=\"https:\/\/ilaks.no\/na-begynner-julerushet-hopp-i-lakseprisen\/\" rel=\"nofollow noopener\" target=\"_blank\">iLaks rapportere at julerushet hadde begynt,<\/a> med et prishopp p\u00e5 4-5 kroner. I dag fortsetter prisoppgangen \u2013 med et vesentlig st\u00f8rre l\u00f8ft.<\/p>\n<p>\u2013 Prisen har steget noen kroner denne uken. Folk pr\u00f8ver \u00e5 jage prisen opp noe voldsomt, men det st\u00e5r igjen noe fisk fra denne uken som er solgt, sier en trader.<\/p>\n<p>\u2013 Noen kunder sier de ikke kan kj\u00f8pe p\u00e5 disse prisene. Foredlingsindustrien i Norge roer kraftig ned for det er ikke \u201cprodfisk\u201d \u00e5 f\u00e5 tak i. De m\u00e5 bruke \u201csup\u201d, og det har de ikke r\u00e5d til, sier han til iLaks. <\/p>\n<p>iLaks henter hver fredag etter lunsj inn spotpriser for laks. Dette er fisk som skal leveres den f\u00f8lgende uke. Her kontakter vi flere ledd i verdikjeden, herunder oppdrettere, eksport\u00f8rer og import\u00f8rer. Vi har alltid minst fem uavhengige kilder, selv om ikke alle kildene n\u00f8dvendigvis vises p\u00e5 trykk. Vi varierer hvilke kilder vi bruker, og bruker ikke de samme kildene hver gang.<\/p>\n<p><strong>Nerv\u00f8st<\/strong><br \/>Han viser til f\u00f8lgende priser for fisk som skal leveres den kommende uke:<\/p>\n<ul>\n<li>2-3 kg 83 kroner<\/li>\n<li>3-4 kg 90-91 kroner<\/li>\n<li>4-5 kg 92-93 kroner. Noen snakker enda en krone eller to opp.<\/li>\n<\/ul>\n<p>Det betyr en prisoppgang p\u00e5 henimot ti kroner i l\u00f8pet av den siste uken.<\/p>\n<p>\u2013 Det har steget veldig fort. Industrien er skeptisk, men det er de jo alltid. Noen snakker om fem kroner h\u00f8yere. Det er nerv\u00f8st ute vil jeg si. N\u00e5r det g\u00e5r s\u00e5 mye p\u00e5 kort tid, vil ikke markedet sette seg, sier han videre.<\/p>\n<p>Det er f\u00f8rste gang noen sinne at lakseprisen g\u00e5r over 90 kroner inn i uke 49. Oppgangen skjer p\u00e5 h\u00f8ye volumer, som seg h\u00f8r og b\u00f8r inn mot den nest siste fulle handleuken f\u00f8r jul.<\/p>\n<p><img fetchpriority=\"high\" decoding=\"async\" class=\"wp-image-235499 size-full aligncenter\" src=\"https:\/\/www.europesays.com\/no\/wp-content\/uploads\/2025\/12\/G7Z-lBMWMAAVpV7.png\" alt=\"\" width=\"931\" height=\"664\"\/><\/p>\n<p><strong>Mye p\u00e5 kort tid<\/strong><br \/>\u2013 Vi er p\u00e5 90-tallet p\u00e5 kj\u00f8p, ja, sier en innkj\u00f8per, som kjenner seg igjen p\u00e5 et prisniv\u00e5 mellom 90 og 94 kroner.<\/p>\n<p>\u2013 Det er det markedet vil ha, men om vi f\u00e5r kj\u00f8pt p\u00e5 det, vet jeg ikke. Det er ganske mye fisk og ganske mye oppgang p\u00e5 to uker. Vi skal v\u00e6re litt forsiktig med \u00e5 g\u00e5 mer enn det markedet betaler i dag. Alle som driver med foredling de bl\u00f8r p\u00e5 disse prisene.<\/p>\n<p>Samtlige kilder bekrefter et saftig prisl\u00f8ft fra forrige fredag.<\/p>\n<p>\u2013 Vi har 90, 92 og 93 kroner i innkj\u00f8p. Det er kj\u00f8pt p\u00e5 det. Det er en solid oppgang. Vi havner mellom 90 og 95 kroner p\u00e5 alt. Neste uke g\u00e5r helst bra, det er uken etter som blir siste uke i forhold til hvordan r\u00f8ddagene treffer, sier en eksport\u00f8r.<\/p>\n<p>\u2013 Vi har ikke kj\u00f8pt noen enda, men satser p\u00e5 at vi kan handle p\u00e5 det niv\u00e5et. Jeg h\u00f8rer at forventningene fra oppdretterne er skyh\u00f8ye, men vi f\u00e5r nok moderere oss \u2013 for selv om dette gjerne blir den beste uken p\u00e5 denne siden av jul, er det ogs\u00e5 relativt mye fisk som skal slaktes, sier en annen eksport\u00f8r.<\/p>\n<p><strong>100 kroner?<\/strong><br \/>Mange oppdrettere forventer enda h\u00f8yere priser.<\/p>\n<p>\u2013 N\u00e5 vet jeg ikke hvem du snakker med, men det er sikkert de som snakker om 100 kroner ogs\u00e5. Men det er ikke reelt.<\/p>\n<p>\u2013 Jeg h\u00f8rer litt h\u00f8yere. Noen snakker om 100 kroner i Oslo. Vi har ikke solgt noe enda, sier en oppdretter.<\/p>\n<p>Noen har n\u00e5dd det magiske 100-merket.<\/p>\n<p>\u2013 Vi har n\u00e5dd det. Det ene er et ASC-salg og ett salg uten. Det var 5-6. Men akkurat n\u00e5 er det sm\u00e5 prisforskjeller mellom st\u00f8rrelsene, sier en annen oppdretter.<\/p>\n<p>\u2013 F\u00f8r det var det 95-98 kroner. N\u00e5r det g\u00e5r s\u00e5 fort opp, s\u00e5 h\u00f8yt, er nok 93 eller 95 like riktig som 100 kroner.<\/p>\n<p>Han er likevel overrasket over det h\u00f8ye prisniv\u00e5et.<\/p>\n<p>\u2013 Jeg hadde ikke dr\u00f8mt om priser langt inn p\u00e5 90-tallet i uke 49. Snart er det kun\u00a0ferskmarkedet (til jul). De kan ikke bygge noe lager, det de m\u00e5 ha m\u00e5 de ta der og da.\u00a0Biologien i Norge er veldig bra. Du ser snittvektene \u2013 vi bader i storfisk, sier han forn\u00f8yd.<\/p>\n","protected":false},"excerpt":{"rendered":"Mye fisk bys ut for salg, men ettersp\u00f8rselen strammer inn markedet. Forrige fredag kunne iLaks rapportere at julerushet&hellip;\n","protected":false},"author":2,"featured_media":105180,"comment_status":"","ping_status":"","sticky":false,"template":"","format":"standard","meta":{"footnotes":""},"categories":[56],"tags":[60,61,62,30,28,29],"class_list":{"0":"post-105179","1":"post","2":"type-post","3":"status-publish","4":"format-standard","5":"has-post-thumbnail","7":"category-naeringsliv","8":"tag-business","9":"tag-economy","10":"tag-naeringsliv","11":"tag-no","12":"tag-norge","13":"tag-norway"},"share_on_mastodon":{"url":"https:\/\/pubeurope.com\/@no\/115667920123408465","error":""},"_links":{"self":[{"href":"https:\/\/www.europesays.com\/no\/wp-json\/wp\/v2\/posts\/105179","targetHints":{"allow":["GET"]}}],"collection":[{"href":"https:\/\/www.europesays.com\/no\/wp-json\/wp\/v2\/posts"}],"about":[{"href":"https:\/\/www.europesays.com\/no\/wp-json\/wp\/v2\/types\/post"}],"author":[{"embeddable":true,"href":"https:\/\/www.europesays.com\/no\/wp-json\/wp\/v2\/users\/2"}],"replies":[{"embeddable":true,"href":"https:\/\/www.europesays.com\/no\/wp-json\/wp\/v2\/comments?post=105179"}],"version-history":[{"count":0,"href":"https:\/\/www.europesays.com\/no\/wp-json\/wp\/v2\/posts\/105179\/revisions"}],"wp:featuredmedia":[{"embeddable":true,"href":"https:\/\/www.europesays.com\/no\/wp-json\/wp\/v2\/media\/105180"}],"wp:attachment":[{"href":"https:\/\/www.europesays.com\/no\/wp-json\/wp\/v2\/media?parent=105179"}],"wp:term":[{"taxonomy":"category","embeddable":true,"href":"https:\/\/www.europesays.com\/no\/wp-json\/wp\/v2\/categories?post=105179"},{"taxonomy":"post_tag","embeddable":true,"href":"https:\/\/www.europesays.com\/no\/wp-json\/wp\/v2\/tags?post=105179"}],"curies":[{"name":"wp","href":"https:\/\/api.w.org\/{rel}","templated":true}]}}