{"id":105181,"date":"2025-12-05T16:32:15","date_gmt":"2025-12-05T16:32:15","guid":{"rendered":"https:\/\/www.europesays.com\/no\/105181\/"},"modified":"2025-12-05T16:32:15","modified_gmt":"2025-12-05T16:32:15","slug":"dansk-filmtrobbel-for-donald-trump","status":"publish","type":"post","link":"https:\/\/www.europesays.com\/no\/105181\/","title":{"rendered":"Dansk filmtr\u00f8bbel for Donald Trump"},"content":{"rendered":"<p> Det amerikanske innenriksdepartementet Homeland Security har delt en scene fra den danske filmen \u00abEt glass til\u00bb <a href=\"https:\/\/x.com\/DHSgov\/status\/1996308928603259352\" target=\"_blank\" rel=\"nofollow\">p\u00e5 X<\/a>.\u00a0<\/p>\n<p>N\u00e5 krever filmselskapet Zentropa at videoen fjernes. Det skriver<a href=\"https:\/\/nyheder.tv2.dk\/samfund\/2025-12-05-zentropa-kraever-video-med-mads-mikkelsen-fjernet-fra-trump-kanal\" target=\"_blank\" style=\"letter-spacing: 0.01em;\" rel=\"nofollow noopener\">\u00a0danske TV 2.<\/a><\/p>\n<p>Brukte ikonisk scene<\/p>\n<p>I videoen ser vi en av de mest kjente scenene fra filmen, hvor skuespiller Mads Mikkelsen danser, hopper, sl\u00e5r hjul og bader i champagne. Homeland Security delte dette som svar p\u00e5 et innlegg fra sjefen for det amerikanske grensepolitiet, Greg Bovino.\u00a0<\/p>\n<p>        <img class=\"image__img lazyload\" itemprop=\"image\" title=\"Foto: AP \/ NTB\" alt=\"KJENT SCENE: Det er en video fra denne avslutningsscenen som blir brukt. Foto: AP \/ NTB\" width=\"978\" height=\"548\" bad-src=\"https:\/\/www.europesays.com\/no\/wp-content\/uploads\/2025\/12\/13967558.webp\" fetchpriority=\"auto\" \/><\/p>\n<p>      KJENT SCENE: Det er en video fra denne avslutningsscenen som blir brukt.<br \/>\n         Foto: AP \/ NTB<\/p>\n<p>Bovino sendte en \u00abadvarsel til illegale immigranter\u00bb og delte samtidig en video av grensepoliti som smiler og viser peace-tegn f\u00f8r de anholder flere personer.<\/p>\n<p>        <img class=\"image__img lazyload\" itemprop=\"image\" title=\"Foto: Jordan Strauss \/ Invision \/ AP \/ NTB\" alt=\"SKUESPILLER: Mads Mikkelsen. Foto: Jordan Strauss \/ Invision \/ AP \/ NTB\" width=\"978\" height=\"656\" bad-src=\"https:\/\/www.europesays.com\/no\/wp-content\/uploads\/2025\/12\/11022330.webp\" fetchpriority=\"auto\" \/><\/p>\n<p>      SKUESPILLER: Mads Mikkelsen.<br \/>\n         Foto: Jordan Strauss \/ Invision \/ AP \/ NTB<\/p>\n<p class=\"bold m-bold\" data-lab-font_weight=\"bold\">\u2013 Vi kommer til \u00e5 anholde dere\u2026 Forst\u00e5r dere det? skrev Bovino i innlegget. <\/p>\n<p>Ikke bedt om tillatelse\u00a0<\/p>\n<p>Det amerikanske departementet varsler at den danske verdensstjernen kan bli fast innslag p\u00e5 deres sosiale medier fremover.<\/p>\n<p>    <a class=\"article__link\" data-ga-active-label=\"\" data-ga-active-label-animation=\"\" href=\"https:\/\/www.tv2.no\/underholdning\/sydney-sweeney-om-trump-stotte-surrealistisk\/18256912\/\" rel=\"nofollow noopener\" target=\"_blank\"><\/p>\n<p>    <img class=\"image__img lazyload\" itemprop=\"image\" title=\"\" alt=\"\" width=\"978\" height=\"411\" bad-src=\"https:\/\/www.europesays.com\/no\/wp-content\/uploads\/2025\/12\/18256920.webp\" fetchpriority=\"auto\" \/><\/p>\n<p>\n            Sydney Sweeney om Trump-st\u00f8tte: \u2013 Surrealistisk\n        <\/p>\n<p>    <\/a><\/p>\n<p>\u2013 Vi fortsetter med Mads-innlegg til stemningen blir bedre, skriver de i en kommentar til sitt eget innlegg.\u00a0<\/p>\n<p>Zentropa opplyser til\u00a0<a href=\"https:\/\/nyheder.tv2.dk\/samfund\/2025-12-05-zentropa-kraever-video-med-mads-mikkelsen-fjernet-fra-trump-kanal\" target=\"_blank\" style=\"letter-spacing: 0.01em; font-family: &quot;TV 2 Text&quot;, Arial, sans-serif; font-size: 16px; font-weight: 300;\" rel=\"nofollow noopener\">TV 2<\/a>\u00a0at de f\u00f8rst ble kjent med videoen fredag. Filmselskapet understreker at Homeland Security ikke har bedt om tillatelse til \u00e5 bruke klippet.<\/p>\n<p class=\"bold m-bold\" data-lab-font_weight=\"bold\">\u2013 Zentropa er ikke blitt kontaktet f\u00f8r bruken, og vi tar kontakt med dem for \u00e5 f\u00e5 videoen fjernet igjen, sier filmselskapet.<\/p>\n<p>\u2013 Ond og ekkel\u00a0<\/p>\n<p>De amerikanske immigrasjonsmyndighetene (ICE) har under Trump-administrasjonen flere ganger havnet i konflikt med kunstnere som ikke har gitt tillatelse til bruk av deres verk.\u00a0<\/p>\n<p>    <a class=\"article__link\" data-ga-active-label=\"\" data-ga-active-label-animation=\"\" href=\"https:\/\/www.tv2.no\/nyheter\/innenriks\/redd-etter-trumps-soppel-kommentar-dypt-uverdig\/18351145\/\" rel=\"nofollow noopener\" target=\"_blank\"><\/p>\n<p>    <img class=\"image__img lazyload\" itemprop=\"image\" title=\"\" alt=\"\" width=\"978\" height=\"411\" bad-src=\"https:\/\/www.europesays.com\/no\/wp-content\/uploads\/2025\/12\/18351158.webp\" fetchpriority=\"auto\" \/><\/p>\n<p>\n            Redd etter Trumps s\u00f8ppel-kommentar: \u2013 Dypt uverdig\n        <\/p>\n<p>    <\/a><\/p>\n<p>Nylig\u00a0<a href=\"https:\/\/www.tv2.no\/direkte\/jpybz\/siste-nytt\/692f33985661849262e72d39\/popstjerne-med-klar-beskjed-til-det-hvite-hus\" target=\"_blank\" rel=\"nofollow noopener\">skjedde dette med superstjernen Sabrina Carpenter<\/a>. Det hvite hus delte 1. desember en video hvor ICE tilsynelatende anholder illegale immigranter, med Carpenters hitsang \u00abJuno\u00bb som bakgrunnsmusikk.<\/p>\n<p class=\"bold m-bold\" data-lab-font_weight=\"bold\"> \u2013 Denne videoen er ond og motbydelig. Involver aldri meg eller musikken min for \u00e5 tjene deres umenneskelige agenda, skrev Sabrina Carpenter p\u00e5\u00a0<a href=\"https:\/\/x.com\/SabrinaAnnLynn\/status\/1995876972405420114?s=20\" rel=\"nofollow\">X<\/a>. <\/p>\n<p>    <a class=\"article__link\" data-ga-active-label=\"\" data-ga-active-label-animation=\"\" href=\"https:\/\/www.tv2.no\/underholdning\/droppet-familiemedlemmer-helt-sinnssyke-svar\/18274361\/\" rel=\"nofollow noopener\" target=\"_blank\"><\/p>\n<p>    <img class=\"image__img lazyload\" itemprop=\"image\" title=\"\" alt=\"\" width=\"978\" height=\"411\" bad-src=\"https:\/\/www.europesays.com\/no\/wp-content\/uploads\/2025\/12\/18274462.webp\" fetchpriority=\"auto\" \/><\/p>\n<p>\n            Droppet familiemedlemmer: \u2013 Helt sinnssyke svar\n        <\/p>\n<p>    <\/a><\/p>\n<p>I september fikk Trump-administrasjonen ogs\u00e5 <a href=\"https:\/\/www.tv2.no\/direkte\/jpybz\/siste-nytt\/68d68625f7875bc2beeca3e4\/pokemon-ut-mot-amerikanske-immigrasjonsmyndigheter\" target=\"_blank\" rel=\"nofollow noopener\">problemer med Pok\u00e9mon Company International.<\/a> Homeland Security hadde delt en video med anholdelser hvor Pok\u00e9mon-seriens introsang spiller i bakgrunnen. Der synges det \u00abgotta catch &#8217;em all\u00bb mens man ser immigranter bli lagt i h\u00e5ndjern.\u00a0<\/p>\n<p>Pok\u00e9mon-selskapet har klaget til Homeland Security, men videoen er fortsatt ikke fjernet.<\/p>\n<p>Verken Mads Mikkelsen eller \u00abDruk\u00bb-regiss\u00f8r Thomas Vinterberg har kommentert saken forel\u00f8pig.<\/p>\n","protected":false},"excerpt":{"rendered":"Det amerikanske innenriksdepartementet Homeland Security har delt en scene fra den danske filmen \u00abEt glass til\u00bb p\u00e5 X.\u00a0&hellip;\n","protected":false},"author":2,"featured_media":105182,"comment_status":"","ping_status":"","sticky":false,"template":"","format":"standard","meta":{"footnotes":""},"categories":[12],"tags":[20,21,24,25,15,22,23,13,30,28,29,14,16,26,27,42,43,44,45],"class_list":{"0":"post-105181","1":"post","2":"type-post","3":"status-publish","4":"format-standard","5":"has-post-thumbnail","7":"category-verden","8":"tag-breaking-news","9":"tag-breakingnews","10":"tag-featured-news","11":"tag-featurednews","12":"tag-headlines","13":"tag-latest-news","14":"tag-latestnews","15":"tag-news","16":"tag-no","17":"tag-norge","18":"tag-norway","19":"tag-nyheter","20":"tag-overskrifter","21":"tag-top-stories","22":"tag-topstories","23":"tag-verden","24":"tag-world","25":"tag-world-news","26":"tag-worldnews"},"share_on_mastodon":{"url":"https:\/\/pubeurope.com\/@no\/115667923560787737","error":""},"_links":{"self":[{"href":"https:\/\/www.europesays.com\/no\/wp-json\/wp\/v2\/posts\/105181","targetHints":{"allow":["GET"]}}],"collection":[{"href":"https:\/\/www.europesays.com\/no\/wp-json\/wp\/v2\/posts"}],"about":[{"href":"https:\/\/www.europesays.com\/no\/wp-json\/wp\/v2\/types\/post"}],"author":[{"embeddable":true,"href":"https:\/\/www.europesays.com\/no\/wp-json\/wp\/v2\/users\/2"}],"replies":[{"embeddable":true,"href":"https:\/\/www.europesays.com\/no\/wp-json\/wp\/v2\/comments?post=105181"}],"version-history":[{"count":0,"href":"https:\/\/www.europesays.com\/no\/wp-json\/wp\/v2\/posts\/105181\/revisions"}],"wp:featuredmedia":[{"embeddable":true,"href":"https:\/\/www.europesays.com\/no\/wp-json\/wp\/v2\/media\/105182"}],"wp:attachment":[{"href":"https:\/\/www.europesays.com\/no\/wp-json\/wp\/v2\/media?parent=105181"}],"wp:term":[{"taxonomy":"category","embeddable":true,"href":"https:\/\/www.europesays.com\/no\/wp-json\/wp\/v2\/categories?post=105181"},{"taxonomy":"post_tag","embeddable":true,"href":"https:\/\/www.europesays.com\/no\/wp-json\/wp\/v2\/tags?post=105181"}],"curies":[{"name":"wp","href":"https:\/\/api.w.org\/{rel}","templated":true}]}}