{"id":105183,"date":"2025-12-05T16:33:11","date_gmt":"2025-12-05T16:33:11","guid":{"rendered":"https:\/\/www.europesays.com\/no\/105183\/"},"modified":"2025-12-05T16:33:11","modified_gmt":"2025-12-05T16:33:11","slug":"dodt-marked-e24","status":"publish","type":"post","link":"https:\/\/www.europesays.com\/no\/105183\/","title":{"rendered":"\u2013 D\u00f8dt marked \u2013 E24"},"content":{"rendered":"<p class=\"fullWidthDesktop hyperion-css-71ztg2\" data-test-tag=\"lead-text\">R\u00f8roshytta AS hadde ni ansatte og n\u00e6r \u00e5tte millioner i gjeld. \u2013 Ikke nok aktivitet til \u00e5 drive videre, sier bostyrer.<\/p>\n<p><img decoding=\"async\" class=\"image-asset hyperion-css-u06ts1\" data-test-tag=\"image-asset\" src=\"https:\/\/www.europesays.com\/no\/wp-content\/uploads\/2025\/12\/ec23617b-a603-40d9-a81b-258cd4db5e7d\"  alt=\"R\u00f8roshytta opplevde manglende salg og oppdragsmengde. Bildet er fra en av R\u00f8roshyttas visningshytter p\u00e5 Os.\"  loading=\"eager\" fetchpriority=\"high\" style=\"aspect-ratio:1900 \/ 1268\"\/>R\u00f8roshytta opplevde manglende salg og oppdragsmengde. Bildet er fra en av R\u00f8roshyttas visningshytter p\u00e5 Os. Foto: R\u00f8roshyttaPublisert: <\/p>\n<p>For mindre enn 40 minutter siden<\/p>\n<p>Oppdatert n\u00e5 nettopp<\/p>\n<p>Kortversjonen<\/p>\n<ul class=\"hyperion-css-pkq1ci\" data-test-tag=\"list\">\n<li class=\"hyperion-css-12h2ush\">Hyttebyggeren R\u00f8roshytta AS er blitt erkl\u00e6rt konkurs med 7,8 millioner i gjeld.<\/li>\n<li class=\"hyperion-css-12h2ush\">Manglende aktivitet og et d\u00f8dt marked bidro til konkursen, if\u00f8lge bostyrer Nils H\u00e5kon Risberg.<\/li>\n<li class=\"hyperion-css-12h2ush\">Ni ansatte mister jobben.<\/li>\n<\/ul>\n<p class=\"hyperion-css-10lbhat\">Oppsummeringen er laget av AI-verkt\u00f8yet ChatGPT og kvalitetssikret av E24s journalister<\/p>\n<p>Vis mer <\/p>\n<ul class=\"hyperion-css-pte5x0\">\n<li aria-label=\"link\" class=\"narrow-button hyperion-css-1sz7d3n\">Kopier lenke<\/li>\n<li aria-label=\"link\" class=\"wide-button hyperion-css-1sz7d3n\">Kopier lenke<\/li>\n<li aria-label=\"facebook\" class=\"narrow-button hyperion-css-1sz7d3n\">Del p\u00e5 Facebook<\/li>\n<li aria-label=\"facebook\" class=\"wide-button hyperion-css-1sz7d3n\">Del p\u00e5 Facebook<\/li>\n<li aria-label=\"email\" class=\"narrow-button hyperion-css-1sz7d3n\">Del med e-post<\/li>\n<li aria-label=\"email\" class=\"wide-button hyperion-css-1sz7d3n\">Del med e-post<\/li>\n<\/ul>\n<p class=\"hyperion-css-1lemvax\">I 2024 hadde firmaet 30,8 millioner kroner i omsetning og et resultat f\u00f8r skatt p\u00e5 en dr\u00f8y million.<\/p>\n<p class=\"hyperion-css-1lemvax\">N\u00e5 er virksomheten innstilt i R\u00f8roshytta AS. Selskapet er erkl\u00e6rt konkurs i Tr\u00f8ndelag tingrett etter begj\u00e6ring fra styret, 62 \u00e5r etter at de f\u00f8rste hyttene ble bygget.<\/p>\n<p class=\"hyperion-css-1lemvax\">\u00abBetalingsvanskene er ikke av forbig\u00e5ende art, slik at selskapet er illikvidillikvidSelskapet har ikke penger til \u00e5 betale regningene n\u00e5r de forfaller.. Det fremg\u00e5r at gjelden er st\u00f8rre enn verdien av eiendelene og selskapet er insuffisientinsuffisientSelskapets gjeld er h\u00f8yere enn verdiene i selskapet.\u00bb, skriver Tr\u00f8ndelag tingrett i en kjennelse.<\/p>\n<p class=\"hyperion-css-1lemvax\">R\u00f8roshytta leverte laftede t\u00f8mmerhytter, basert p\u00e5 tradisjonelle byggemetoder.<\/p>\n<p><a data-test-tag=\"teaser-small:link-internal\" href=\"https:\/\/e24.no\/karriere-og-ledelse\/i\/wr6W1L\/stor-oversikt-dette-tjente-de-2000-best-betalte-legene-i-2024\" class=\"imagePosition-top inline hyperion-css-6238vu\" rel=\"nofollow noopener\" target=\"\" aria-label=\"Stor oversikt: Dette tjente de 2.000 best betalte legene i 2024\"><\/p>\n<p>Les p\u00e5 E24+<\/p>\n<p>Stor oversikt: Dette tjente de 2.000 best betalte legene i 2024<\/p>\n<p><\/a>\u2013 Manglende salg<\/p>\n<p class=\"hyperion-css-1lemvax\">Konkursen har ogs\u00e5 v\u00e6rt omtalt av <a aria-label=\"Arbeidets Rett\" class=\"default hyperion-css-1rezu2g\" href=\"https:\/\/www.retten.no\/roroshytta-er-konkurs\/s\/5-44-1074679\" rel=\"noopener nofollow noreferrer\" data-test-tag=\"external-link\" target=\"_blank\">Arbeidets Rett<\/a>.<\/p>\n<p class=\"hyperion-css-1lemvax\"><strong>\u2013 \u00c5rsaken til konkursen er manglende salg og oppdragsmengde, sier styreleder J\u00f8rgen L\u00f8e i R\u00f8roshytta AS til avisen.<\/strong><\/p>\n<p class=\"hyperion-css-1lemvax\">\u00abBygg- og anleggsbransjen er i en sv\u00e6rt krevende markedssituasjon. Bedriften har satt inn en rekke tiltak som f\u00f8lge av svikt i omsetning, b\u00e5de kostnadskutt, nedbemanning og omstrukturering\u00bb, skriver R\u00f8roshytta i en pressemelding.<\/p>\n<p class=\"hyperion-css-1lemvax\">\u00abSelskapet har jobbet med en strukturell omorganisering p\u00e5 eiersiden og kapitalutvidelse helt frem til det siste, uten \u00e5 komme i m\u00e5l med l\u00f8sning i tide\u00bb, legger selskapet til.<\/p>\n<p class=\"hyperion-css-1lemvax\">\u2013 Det er en trist dag og en tung beslutning. V\u00e5re tanker g\u00e5r f\u00f8rst og fremst til alle som ber\u00f8res av dette, v\u00e5re kunder, ansatte, leverand\u00f8rer og samarbeidspartnere, sier L\u00f8e if\u00f8lge pressemeldingen.<\/p>\n<p><a data-test-tag=\"teaser-small:link-internal\" href=\"https:\/\/e24.no\/karriere-og-ledelse\/i\/3pkQAP\/stor-oversikt-dette-tjente-656-partnere-i-ey-pwc-kpmg-deloitte-og-bdo-i-2024\" class=\"imagePosition-top inline hyperion-css-6238vu\" rel=\"nofollow noopener\" target=\"\" aria-label=\"Stor oversikt: Dette tjente 656 partnere i EY, PwC, KPMG, Deloitte og BDO i 2024\"><\/p>\n<p>Les p\u00e5 E24+<\/p>\n<p>Stor oversikt: Dette tjente 656 partnere i EY, PwC, KPMG, Deloitte og BDO i 2024<\/p>\n<p><\/a>Startet i 1963<\/p>\n<p class=\"hyperion-css-1lemvax\">R\u00f8roshyttas aktivitet har r\u00f8tter tilbake til 1963 da R\u00f8ros Skogforvaltning begynte \u00e5 produsere laftede t\u00f8mmerhytter p\u00e5 Gj\u00f8svika Sagbruk. Navnet R\u00f8roshytta ble tatt i bruk noen \u00e5r senere.<\/p>\n<p class=\"hyperion-css-1lemvax\">R\u00f8ros Skogforvaltning ble nedlagt i 1988. R\u00f8roshytta ble drevet videre av private eiere, og firmaet R\u00f8roshytta ble stiftet i 1993.<\/p>\n<p><a data-test-tag=\"teaser-small:link-internal\" href=\"https:\/\/e24.no\/norsk-oekonomi\/i\/j0942q\/stortinget-bekymret-konkursboelgen-burde-skremme-regjeringen\" class=\"imagePosition-top inline hyperion-css-6238vu\" rel=\"nofollow noopener\" target=\"\" aria-label=\"Stortinget bekymret: \u2013 Konkursb\u00f8lgen burde skremme regjeringen\"><\/p>\n<p>Les ogs\u00e5<\/p>\n<p>Stortinget bekymret: \u2013 Konkursb\u00f8lgen burde skremme regjeringen<\/p>\n<p><\/a><\/p>\n<p class=\"hyperion-css-1lemvax\">E24 har i det siste omtalt flere konkurser blant andre hyttebyggere, som <a data-test-tag=\"internal-link\" href=\"https:\/\/e24.no\/naeringsliv\/i\/73EqjW\/hytteutbygger-konkurs-skylder-millioner\" class=\"hyperion-css-1rezu2g\" rel=\"nofollow noopener\" target=\"\" aria-label=\"Krohn Premium Gruppen\">Krohn Premium Gruppen<\/a> (som har <a data-test-tag=\"internal-link\" href=\"https:\/\/e24.no\/naeringsliv\/i\/93gbqr\/hytteutbygger-tilbake-etter-konkurs\" class=\"hyperion-css-1rezu2g\" rel=\"nofollow noopener\" target=\"\" aria-label=\"startet opp igjen\">startet opp igjen<\/a> under nytt navn), <a data-test-tag=\"internal-link\" href=\"https:\/\/e24.no\/naeringsliv\/i\/GyoV74\/hallingdal-hyttebygger-konkurs-et-bilde-paa-rikets-tilstand\" class=\"hyperion-css-1rezu2g\" rel=\"nofollow noopener\" target=\"\" aria-label=\"Endeli Entrepren\u00f8r\">Endeli Entrepren\u00f8r<\/a>, <a data-test-tag=\"internal-link\" href=\"https:\/\/e24.no\/naeringsliv\/i\/73MVJV\/nytt-offer-for-hytte-kollapsen-konkurs-etter-over-130-aar\" class=\"hyperion-css-1rezu2g\" rel=\"nofollow noopener\" target=\"\" aria-label=\"J. &amp; K. Johnsen\">J. &amp; K. Johnsen<\/a> og <a data-test-tag=\"internal-link\" href=\"https:\/\/e24.no\/naeringsliv\/i\/KMKalM\/konkurs-for-entreprenoer-50-mister-jobben\" class=\"hyperion-css-1rezu2g\" rel=\"nofollow noopener\" target=\"\" aria-label=\"Kinneberg\">Kinneberg<\/a>.<\/p>\n<p class=\"hyperion-css-1lemvax\">Situasjonen i byggen\u00e6ringen har ogs\u00e5 bidratt til at flere entrepren\u00f8rer og byggefirmaer <a data-test-tag=\"internal-link\" href=\"https:\/\/e24.no\/norsk-oekonomi\/i\/pBgegj\/byggeselskap-konkurs-tilnaermet-full-stopp-i-markedet\" class=\"hyperion-css-1rezu2g\" rel=\"nofollow noopener\" target=\"\" aria-label=\"har g\u00e5tt konkurs\">har g\u00e5tt konkurs<\/a> den siste tiden.<\/p>\n<p><img decoding=\"async\" class=\"image-asset hyperion-css-h2m18h\" data-test-tag=\"image-asset\" src=\"https:\/\/www.europesays.com\/no\/wp-content\/uploads\/2025\/12\/796f086f-25cb-4f64-a332-ebe0e7d23d47\"  alt=\"Partner Nils Ha\u030akon Risberg i advokatfirmaet Simonsen Vogt Wiig er bostyrer for R\u00f8roshytta AS.\"  loading=\"eager\" fetchpriority=\"high\" style=\"aspect-ratio:519 \/ 691\"\/>Partner Nils Ha\u030akon Risberg i advokatfirmaet Simonsen Vogt Wiig er bostyrer for R\u00f8roshytta AS. Foto: Simonsen Vogt Wiig\u2013 D\u00f8dt marked<\/p>\n<p class=\"hyperion-css-1lemvax\">Bostyrer for konkursboet etter R\u00f8roshytta AS er Nils H\u00e5kon Risberg i advokatfirmaet Simonsen Vogt Wiig.<\/p>\n<p class=\"hyperion-css-1lemvax\">\u2013 Jeg har begynt \u00e5 orientere meg om situasjonen. Det har kommet en oppbudsbegj\u00e6ring fra selskapets styre. Jeg har bare s\u00e5 vidt startet arbeidet, sier han.<\/p>\n<p class=\"hyperion-css-1lemvax\"><strong>\u2013 Det er et d\u00f8dt marked, s\u00e5 vidt jeg forst\u00e5r. Selskapet viser til markedssituasjonen. De hadde ikke nok aktivitet til \u00e5 drive videre, sier Risberg.<\/strong><\/p>\n<p><a data-test-tag=\"teaser-small:link-internal\" href=\"https:\/\/e24.no\/norsk-oekonomi\/i\/yELen2\/konkursras-i-eiendom-ringvirkningene-blir-stadig-tydeligere\" class=\"imagePosition-top inline hyperion-css-6238vu\" rel=\"nofollow noopener\" target=\"\" aria-label=\"Konkursras i eiendom: \u2013 Ringvirkningene blir stadig tydeligere\"><\/p>\n<p>Les ogs\u00e5<\/p>\n<p>Konkursras i eiendom: \u2013 Ringvirkningene blir stadig tydeligere<\/p>\n<p><\/a>Ni ansatte mister jobben<\/p>\n<p class=\"hyperion-css-1lemvax\">\u2013 Det er ni ansatte som er ber\u00f8rt, hva skjer med dem?<\/p>\n<p class=\"hyperion-css-1lemvax\">\u2013 De blir oppsagt av boet. S\u00e5 f\u00e5r man se om det er noen som er interesserte i \u00e5 kj\u00f8pe innmaten for \u00e5 starte opp virksomhet. De ansatte vil f\u00e5 bistand til \u00e5 h\u00e5ndtere sine l\u00f8nnskrav gjennom l\u00f8nnsgarantiordningen, sier bostyreren.<\/p>\n<p class=\"hyperion-css-1lemvax\">If\u00f8lge Tr\u00f8ndelag tingrett har styret i R\u00f8roshytta opplyst at den samlede gjelden er p\u00e5 7,8 millioner kroner.<\/p>\n<p class=\"hyperion-css-1lemvax\"> \u2013 Verdiene i boet er oppgitt til om lag syv millioner kroner. Det er pant i det meste av aktiva. N\u00e5 skal vi se hva vi kan f\u00e5 realisert, sier Risberg.<\/p>\n","protected":false},"excerpt":{"rendered":"R\u00f8roshytta AS hadde ni ansatte og n\u00e6r \u00e5tte millioner i gjeld. \u2013 Ikke nok aktivitet til \u00e5 drive&hellip;\n","protected":false},"author":2,"featured_media":105184,"comment_status":"","ping_status":"","sticky":false,"template":"","format":"standard","meta":{"footnotes":""},"categories":[10],"tags":[20,21,24,25,15,22,23,13,30,28,29,14,16,26,27],"class_list":{"0":"post-105183","1":"post","2":"type-post","3":"status-publish","4":"format-standard","5":"has-post-thumbnail","7":"category-norge","8":"tag-breaking-news","9":"tag-breakingnews","10":"tag-featured-news","11":"tag-featurednews","12":"tag-headlines","13":"tag-latest-news","14":"tag-latestnews","15":"tag-news","16":"tag-no","17":"tag-norge","18":"tag-norway","19":"tag-nyheter","20":"tag-overskrifter","21":"tag-top-stories","22":"tag-topstories"},"share_on_mastodon":{"url":"https:\/\/pubeurope.com\/@no\/115667927501353410","error":""},"_links":{"self":[{"href":"https:\/\/www.europesays.com\/no\/wp-json\/wp\/v2\/posts\/105183","targetHints":{"allow":["GET"]}}],"collection":[{"href":"https:\/\/www.europesays.com\/no\/wp-json\/wp\/v2\/posts"}],"about":[{"href":"https:\/\/www.europesays.com\/no\/wp-json\/wp\/v2\/types\/post"}],"author":[{"embeddable":true,"href":"https:\/\/www.europesays.com\/no\/wp-json\/wp\/v2\/users\/2"}],"replies":[{"embeddable":true,"href":"https:\/\/www.europesays.com\/no\/wp-json\/wp\/v2\/comments?post=105183"}],"version-history":[{"count":0,"href":"https:\/\/www.europesays.com\/no\/wp-json\/wp\/v2\/posts\/105183\/revisions"}],"wp:featuredmedia":[{"embeddable":true,"href":"https:\/\/www.europesays.com\/no\/wp-json\/wp\/v2\/media\/105184"}],"wp:attachment":[{"href":"https:\/\/www.europesays.com\/no\/wp-json\/wp\/v2\/media?parent=105183"}],"wp:term":[{"taxonomy":"category","embeddable":true,"href":"https:\/\/www.europesays.com\/no\/wp-json\/wp\/v2\/categories?post=105183"},{"taxonomy":"post_tag","embeddable":true,"href":"https:\/\/www.europesays.com\/no\/wp-json\/wp\/v2\/tags?post=105183"}],"curies":[{"name":"wp","href":"https:\/\/api.w.org\/{rel}","templated":true}]}}