{"id":105187,"date":"2025-12-05T16:38:12","date_gmt":"2025-12-05T16:38:12","guid":{"rendered":"https:\/\/www.europesays.com\/no\/105187\/"},"modified":"2025-12-05T16:38:12","modified_gmt":"2025-12-05T16:38:12","slug":"usa-inflasjonen-kom-pa-28-prosent-i-september-e24","status":"publish","type":"post","link":"https:\/\/www.europesays.com\/no\/105187\/","title":{"rendered":"USA-inflasjonen kom p\u00e5 2,8 prosent i september \u2013 E24"},"content":{"rendered":"<p class=\"fullWidthDesktop hyperion-css-71ztg2\" data-test-tag=\"lead-text\">Nedstengingen i USA har forsinket tallene \u2013 som endte akkurat som ventet. <\/p>\n<p><img decoding=\"async\" class=\"image-asset hyperion-css-u06ts1\" data-test-tag=\"image-asset\" src=\"https:\/\/www.europesays.com\/no\/wp-content\/uploads\/2025\/12\/3b0cad3d-8d55-4d3a-8735-8620cf9f1bdb\"  alt=\"F\u00f8rjulshandelen er i gang i USA. Her fra et kj\u00f8pesenter i New Jersey p\u00e5 Black Friday i slutten av november.\"  loading=\"eager\" fetchpriority=\"high\" style=\"aspect-ratio:1900 \/ 1267\"\/>F\u00f8rjulshandelen er i gang i USA. Her fra et kj\u00f8pesenter i New Jersey p\u00e5 Black Friday i slutten av november. Foto: EDUARDO MUNOZ ALVAREZ \/ AFP \/ NTBPublisert: Publisert: <\/p>\n<p>For mindre enn 40 minutter siden<\/p>\n<ul class=\"hyperion-css-pte5x0\">\n<li aria-label=\"link\" class=\"narrow-button hyperion-css-1sz7d3n\">Kopier lenke<\/li>\n<li aria-label=\"link\" class=\"wide-button hyperion-css-1sz7d3n\">Kopier lenke<\/li>\n<li aria-label=\"facebook\" class=\"narrow-button hyperion-css-1sz7d3n\">Del p\u00e5 Facebook<\/li>\n<li aria-label=\"facebook\" class=\"wide-button hyperion-css-1sz7d3n\">Del p\u00e5 Facebook<\/li>\n<li aria-label=\"email\" class=\"narrow-button hyperion-css-1sz7d3n\">Del med e-post<\/li>\n<li aria-label=\"email\" class=\"wide-button hyperion-css-1sz7d3n\">Del med e-post<\/li>\n<\/ul>\n<p class=\"hyperion-css-1lemvax\">Saken oppdateres.<\/p>\n<p class=\"hyperion-css-1lemvax\">Prisveksten i USA l\u00e5 p\u00e5 2,8 prosent i september. Det viser ferske PCE-tall fra Bureau of Economic Analysis.<\/p>\n<p class=\"hyperion-css-1lemvax\">Kjerneinflasjonen, som ser bort fra mat- og energipriser, l\u00e5 ogs\u00e5 p\u00e5 2,8 prosent i september.<\/p>\n<p class=\"hyperion-css-1lemvax\">Det var akkurat som analytikerne hadde ventet p\u00e5 forh\u00e5nd.<\/p>\n<p class=\"hyperion-css-1lemvax\">M\u00e5neden f\u00f8r, i august, l\u00e5 totalinflasjonen p\u00e5 2,7 prosent og kjerneinflasjonen p\u00e5 2,9 prosent.<\/p>\n<p><a data-test-tag=\"teaser-small:link-internal\" href=\"https:\/\/e24.no\/naeringsliv\/i\/43jWAo\/dette-tjente-forvalterne-i-2024\" class=\"imagePosition-top inline hyperion-css-6238vu\" rel=\"nofollow noopener\" target=\"\" aria-label=\"Dette tjente forvalterne i 2024\"><\/p>\n<p>Les p\u00e5 E24+<\/p>\n<p>Dette tjente forvalterne i 2024<\/p>\n<p><\/a><\/p>\n<p class=\"hyperion-css-1lemvax\">PCEPCEPersonal consumption expenditures-indeksen ser p\u00e5 utviklingen til verdien av varer og tjenester som kj\u00f8pes av, eller p\u00e5 vegne av, personer som bor i USA.-inflasjonen er en av to sentrale m\u00e5ter man m\u00e5ler priveksten i USA. Den andre er <a data-test-tag=\"internal-link\" href=\"https:\/\/e24.no\/internasjonal-oekonomi\/i\/qPzVQm\/prisveksten-i-usa-oekte-til-3-prosent-i-september\" class=\"hyperion-css-1rezu2g\" rel=\"nofollow noopener\" target=\"\" aria-label=\"konsumprisindeksen (KPI)\">konsumprisindeksen (KPI)<\/a>. USAs sentralbank er mest opptatt av PCE.<\/p>\n<p>Forsinket<\/p>\n<p class=\"hyperion-css-1lemvax\">Inflasjonstallene er mer bakoverskuende enn vanlig.<\/p>\n<p class=\"hyperion-css-1lemvax\">Nedstengingen i USA gj\u00f8r at tallslippet er forsinket. Normalt ville disse september-tallene kommet i slutten av oktober.<\/p>\n<p><img decoding=\"async\" class=\"image-asset hyperion-css-u06ts1\" data-test-tag=\"image-asset\" src=\"https:\/\/www.europesays.com\/no\/wp-content\/uploads\/2025\/12\/a9a69e51-9e61-46de-a4af-9800271fcfbe\"  alt=\"Black Friday-shopping p\u00e5 det store kj\u00f8pesenteret Mall of America i Minnesota.\"  loading=\"eager\" fetchpriority=\"high\" style=\"aspect-ratio:1900 \/ 1266\"\/>Black Friday-shopping p\u00e5 det store kj\u00f8pesenteret Mall of America i Minnesota. Foto: Adam Bettcher \/ AP \/ NTB<\/p>\n<p class=\"hyperion-css-1lemvax\">Mye av det f\u00f8derale statsapparatet var nedstengt i oktober og starten av november, og statistikkbyr\u00e5ene har hverken publisert eller samlet inn statistikk.<\/p>\n<p class=\"hyperion-css-1lemvax\">Nedstengingen har gjort at USAs sentralbank har f\u00e5tt f\u00e6rre n\u00f8kkeltall enn vanlig f\u00f8r rentem\u00f8tet neste uke. Flere tallslipp for oktober er blitt avlyst p\u00e5 grunn av nedstengingen.<\/p>\n<p>Ligger an til rentekutt<\/p>\n<p class=\"hyperion-css-1lemvax\">\u00c5rets siste rentebeslutning fra USAs sentralbank (Federal Reserve) kommer onsdag 10. desember.<\/p>\n<p class=\"hyperion-css-1lemvax\">Troen p\u00e5 rentekutt har svingt de siste m\u00e5nedene, men de siste par ukene har det blitt tydelig at markedet og \u00f8konomene venter at renten settes ned p\u00e5 dette m\u00f8tet.<\/p>\n<p class=\"hyperion-css-1lemvax\">Det prises inn nesten 90 prosent sjanse for kutt i forkant av dagens inflasjonstall, og det er bred enighet blant \u00f8konomene.<\/p>\n<p class=\"hyperion-css-1lemvax\">I tillegg til prisveksten, er sentralbanken opptatt av utviklingen i arbeidsmarkedet og \u00f8konomien generelt.<\/p>\n<p class=\"hyperion-css-1lemvax\">Troen p\u00e5 rentekutt \u00f8kte br\u00e5tt etter at sentralbanktopp John C. Williams i november uttalte at han ser\u00a0<a aria-label=\"rom for videre rentekutt p\u00e5 kort sikt\" class=\"default hyperion-css-1rezu2g\" href=\"https:\/\/e24.no\/bors\/nyheter?pinnedEntry=302643\" rel=\"noopener nofollow\" data-test-tag=\"external-link\" target=\"_blank\">rom for videre rentekutt p\u00e5 kort sikt<\/a>. Williams trakk frem at arbeidsmarkedet gradvis har kj\u00f8lt seg ned. Vurderingen hans var at nedsiderisiskoen for sysselsettingen har \u00f8kt noe, mens oppsiderisikoen for prisveksten har avtatt.<\/p>\n","protected":false},"excerpt":{"rendered":"Nedstengingen i USA har forsinket tallene \u2013 som endte akkurat som ventet. F\u00f8rjulshandelen er i gang i USA.&hellip;\n","protected":false},"author":2,"featured_media":105188,"comment_status":"","ping_status":"","sticky":false,"template":"","format":"standard","meta":{"footnotes":""},"categories":[56],"tags":[60,61,62,30,28,29],"class_list":{"0":"post-105187","1":"post","2":"type-post","3":"status-publish","4":"format-standard","5":"has-post-thumbnail","7":"category-naeringsliv","8":"tag-business","9":"tag-economy","10":"tag-naeringsliv","11":"tag-no","12":"tag-norge","13":"tag-norway"},"share_on_mastodon":{"url":"https:\/\/pubeurope.com\/@no\/115667947167728936","error":""},"_links":{"self":[{"href":"https:\/\/www.europesays.com\/no\/wp-json\/wp\/v2\/posts\/105187","targetHints":{"allow":["GET"]}}],"collection":[{"href":"https:\/\/www.europesays.com\/no\/wp-json\/wp\/v2\/posts"}],"about":[{"href":"https:\/\/www.europesays.com\/no\/wp-json\/wp\/v2\/types\/post"}],"author":[{"embeddable":true,"href":"https:\/\/www.europesays.com\/no\/wp-json\/wp\/v2\/users\/2"}],"replies":[{"embeddable":true,"href":"https:\/\/www.europesays.com\/no\/wp-json\/wp\/v2\/comments?post=105187"}],"version-history":[{"count":0,"href":"https:\/\/www.europesays.com\/no\/wp-json\/wp\/v2\/posts\/105187\/revisions"}],"wp:featuredmedia":[{"embeddable":true,"href":"https:\/\/www.europesays.com\/no\/wp-json\/wp\/v2\/media\/105188"}],"wp:attachment":[{"href":"https:\/\/www.europesays.com\/no\/wp-json\/wp\/v2\/media?parent=105187"}],"wp:term":[{"taxonomy":"category","embeddable":true,"href":"https:\/\/www.europesays.com\/no\/wp-json\/wp\/v2\/categories?post=105187"},{"taxonomy":"post_tag","embeddable":true,"href":"https:\/\/www.europesays.com\/no\/wp-json\/wp\/v2\/tags?post=105187"}],"curies":[{"name":"wp","href":"https:\/\/api.w.org\/{rel}","templated":true}]}}