{"id":105189,"date":"2025-12-05T16:40:08","date_gmt":"2025-12-05T16:40:08","guid":{"rendered":"https:\/\/www.europesays.com\/no\/105189\/"},"modified":"2025-12-05T16:40:08","modified_gmt":"2025-12-05T16:40:08","slug":"ras-i-tafjord-nrk-more-og-romsdal-lokale-nyheter-tv-og-radio","status":"publish","type":"post","link":"https:\/\/www.europesays.com\/no\/105189\/","title":{"rendered":"Ras i Tafjord \u2013 NRK M\u00f8re og Romsdal \u2013 Lokale nyheter, TV og radio"},"content":{"rendered":"<p>Operasjonsleder i politiet, Jan Arild Austnes, bekrefter til NRK at de fikk inn melding om et ras i Tafjord torsdag kveld.<\/p>\n<p>Det var <a href=\"https:\/\/www.smp.no\/nyheter\/i\/0pEQnM\/stort-ras-i-tafjord\" ec-id=\"https:\/\/www.smp.no\/nyheter\/i\/0pEQnM\/stort-ras-i-tafjord\" ec-name=\"Sunnm\u00f8rsposten\" rel=\"nofollow noopener\" target=\"_blank\">Sunnm\u00f8rsposten<\/a> som skrev om hendelsen, som f\u00f8rst ble kjent fredag.<\/p>\n<p>\u2013 Det er ingen personskade i forbindelse med dette, sier operasjonsleder i politiet, Jan Arild Austnes.<\/p>\n<p><img decoding=\"async\"   src=\"data:image\/gif;base64,R0lGODlhAQABAIAAAAAAAP\/\/\/yH5BAEAAAAALAAAAAABAAEAAAIBRAA7\" loading=\"eager\" alt=\"Stein p\u00e5 campingvogn\" title=\"Foto: Privat\"\/><\/p>\n<p>Foto: Privat<\/p>\n<p>En campingplass i Tafjord er ber\u00f8rt. If\u00f8lge politiet er kommunen varslet, og de skal ogs\u00e5 ha hatt dialog med grunneier. <\/p>\n<p>\u2013 Det er blitt satt opp sperringer i omr\u00e5det i p\u00e5vente av at NVE skal komme og unders\u00f8ke omr\u00e5det, opplyser Austnes.<\/p>\n<p>Spikertelt knust<\/p>\n<p>Joel Hallseth ved Tafjord Camping, sier at raset har gjort store skader p\u00e5 campingplassen.<\/p>\n<p>\u2013 En campingvogn og et spikertelt er knust. Det ligger ogs\u00e5 steiner mellom de andre spikerteltene, sier Hallseth.<\/p>\n<p>Raset har if\u00f8lge han g\u00e5tt i \u00f8vre del av campingplassen inntil fjellet.<\/p>\n<p>Campingplassen er stengt for sesongen, s\u00e5 det er ingen gjester der.<\/p>\n<p><img decoding=\"async\"   src=\"data:image\/gif;base64,R0lGODlhAQABAIAAAAAAAP\/\/\/yH5BAEAAAAALAAAAAABAAEAAAIBRAA7\" loading=\"eager\" alt=\"Stein p\u00e5 campingplass\" title=\"Foto: Alf Inge Tafjord\"\/><\/p>\n<p class=\"\">Heldigvis var det ingen gjester p\u00e5 campingplassen.<\/p>\n<p>Foto: Alf Inge Tafjord<\/p>\n<p>Daglig leder for campingplassen, Steinar Valdersnes, sier han fikk vite om raset via bestyrer p\u00e5 stedet. Da stengte de veien opp til campingplassen.<\/p>\n<p>\u2013 Folk f\u00e5r per n\u00e5 ikke oppholde seg i omr\u00e5det. Det er fysisk stengt, sier Valdersnes.<\/p>\n<p>Omr\u00e5det som n\u00e5 er avstengt har plass til 35 campingvogner.<\/p>\n<p>Han sier at det er spesielt en campingvogn som har f\u00e5tt store skader, og at to andre har f\u00e5tt mindre skader.<\/p>\n<p>\u2013 Hva tenker du om at noe slikt kan skje?<\/p>\n<p>\u2013 Det er ikke noe stas det. Det er veldig leit egentlig. <\/p>\n<p><img decoding=\"async\"   src=\"data:image\/gif;base64,R0lGODlhAQABAIAAAAAAAP\/\/\/yH5BAEAAAAALAAAAAABAAEAAAIBRAA7\" loading=\"eager\" alt=\"Ras.\" title=\"Foto: Privat\"\/><\/p>\n<p class=\"\">Det er store \u00f8deleggelser.<\/p>\n<p>Foto: Privat<\/p>\n<p>Kommunen har hatt folk p\u00e5 stedet<\/p>\n<p>Valdersnes har n\u00e5 ikke per n\u00e5 detaljer for hva som skjer videre. Han sier at de venter p\u00e5 \u00e5 h\u00f8re hva NVE sier. <\/p>\n<p>Ordf\u00f8rer i Fjord, Therese Jemteg\u00e5rd Moen, bekrefter at kommunen fikk inn meldinger torsdag kveld om at det hadde g\u00e5tt et ras i omr\u00e5det. <\/p>\n<p>\u2013 Omr\u00e5det er privat, men vi har hatt folk p\u00e5 stedet i dag for \u00e5 se p\u00e5 omfanget, sier hun. <\/p>\n<p>Hun legger til at de har v\u00e6rt i kontakt med b\u00e5de politi og NVE. <\/p>\n<p>\u2013 Vi konsentrerer oss om \u00e5 f\u00f8lge om \u00e5 f\u00f8lge opp med NVE, s\u00e5 er det campingplasseieren som f\u00f8lger opp de som eier campingvognene som er skadet.<\/p>\n<p><strong>Hun opplyser ogs\u00e5 at det har g\u00e5tt ras i omr\u00e5det f\u00f8r.<\/strong><\/p>\n<p>\u2013 S\u00e5 n\u00e5 avventer vi at NVE skal avgj\u00f8re om det er fare for nye ras. Omr\u00e5det kommer til \u00e5 v\u00e6re avstengt inntil videre.<\/p>\n<p>Publisert<\/p>\n<p>05.12.2025, kl. 15.02<\/p>\n<p>Oppdatert<\/p>\n<p>05.12.2025, kl. 16.39<\/p>\n","protected":false},"excerpt":{"rendered":"Operasjonsleder i politiet, Jan Arild Austnes, bekrefter til NRK at de fikk inn melding om et ras i&hellip;\n","protected":false},"author":2,"featured_media":105190,"comment_status":"","ping_status":"","sticky":false,"template":"","format":"standard","meta":{"footnotes":""},"categories":[10],"tags":[20,21,24,25,15,22,23,13,30,28,29,14,16,26,27],"class_list":{"0":"post-105189","1":"post","2":"type-post","3":"status-publish","4":"format-standard","5":"has-post-thumbnail","7":"category-norge","8":"tag-breaking-news","9":"tag-breakingnews","10":"tag-featured-news","11":"tag-featurednews","12":"tag-headlines","13":"tag-latest-news","14":"tag-latestnews","15":"tag-news","16":"tag-no","17":"tag-norge","18":"tag-norway","19":"tag-nyheter","20":"tag-overskrifter","21":"tag-top-stories","22":"tag-topstories"},"share_on_mastodon":{"url":"https:\/\/pubeurope.com\/@no\/115667954811920659","error":""},"_links":{"self":[{"href":"https:\/\/www.europesays.com\/no\/wp-json\/wp\/v2\/posts\/105189","targetHints":{"allow":["GET"]}}],"collection":[{"href":"https:\/\/www.europesays.com\/no\/wp-json\/wp\/v2\/posts"}],"about":[{"href":"https:\/\/www.europesays.com\/no\/wp-json\/wp\/v2\/types\/post"}],"author":[{"embeddable":true,"href":"https:\/\/www.europesays.com\/no\/wp-json\/wp\/v2\/users\/2"}],"replies":[{"embeddable":true,"href":"https:\/\/www.europesays.com\/no\/wp-json\/wp\/v2\/comments?post=105189"}],"version-history":[{"count":0,"href":"https:\/\/www.europesays.com\/no\/wp-json\/wp\/v2\/posts\/105189\/revisions"}],"wp:featuredmedia":[{"embeddable":true,"href":"https:\/\/www.europesays.com\/no\/wp-json\/wp\/v2\/media\/105190"}],"wp:attachment":[{"href":"https:\/\/www.europesays.com\/no\/wp-json\/wp\/v2\/media?parent=105189"}],"wp:term":[{"taxonomy":"category","embeddable":true,"href":"https:\/\/www.europesays.com\/no\/wp-json\/wp\/v2\/categories?post=105189"},{"taxonomy":"post_tag","embeddable":true,"href":"https:\/\/www.europesays.com\/no\/wp-json\/wp\/v2\/tags?post=105189"}],"curies":[{"name":"wp","href":"https:\/\/api.w.org\/{rel}","templated":true}]}}