{"id":105193,"date":"2025-12-05T16:45:08","date_gmt":"2025-12-05T16:45:08","guid":{"rendered":"https:\/\/www.europesays.com\/no\/105193\/"},"modified":"2025-12-05T16:45:08","modified_gmt":"2025-12-05T16:45:08","slug":"naeringsliv-verdal-nho-sjefen-advarer-norske-bedrifter-kutter-investeringer","status":"publish","type":"post","link":"https:\/\/www.europesays.com\/no\/105193\/","title":{"rendered":"N\u00e6ringsliv, Verdal | NHO-sjefen advarer \u2013 norske bedrifter kutter investeringer"},"content":{"rendered":"<p>      FORVITRER: \u2013 N\u00e5r bedriftene velger \u00e5 ikke investere blir l\u00f8nnsomhet, produktivitet og effektivitet lavere. Dermed vil virksomheter over tid forvitre. Det gir grunn til bekymring, mener NHO-sjef Ole Erik Almlid, som bes\u00f8kte Tine sitt anlegg p\u00e5 Verdal fredag. Her orienterer assisterende anleggs-sjef Ingrid B\u00f8e Sletten om produksjonen sammen med Marte Gr\u00f8tan, som er direkt\u00f8r for strategi, teknologi og investeringer i Tine. .<br \/>\n      Foto: Erlend Malmo\n    <\/p>\n","protected":false},"excerpt":{"rendered":"FORVITRER: \u2013 N\u00e5r bedriftene velger \u00e5 ikke investere blir l\u00f8nnsomhet, produktivitet og effektivitet lavere. Dermed vil virksomheter over&hellip;\n","protected":false},"author":2,"featured_media":105194,"comment_status":"","ping_status":"","sticky":false,"template":"","format":"standard","meta":{"footnotes":""},"categories":[56],"tags":[60,61,62,30,28,29],"class_list":{"0":"post-105193","1":"post","2":"type-post","3":"status-publish","4":"format-standard","5":"has-post-thumbnail","7":"category-naeringsliv","8":"tag-business","9":"tag-economy","10":"tag-naeringsliv","11":"tag-no","12":"tag-norge","13":"tag-norway"},"share_on_mastodon":{"url":"https:\/\/pubeurope.com\/@no\/115667974686964477","error":""},"_links":{"self":[{"href":"https:\/\/www.europesays.com\/no\/wp-json\/wp\/v2\/posts\/105193","targetHints":{"allow":["GET"]}}],"collection":[{"href":"https:\/\/www.europesays.com\/no\/wp-json\/wp\/v2\/posts"}],"about":[{"href":"https:\/\/www.europesays.com\/no\/wp-json\/wp\/v2\/types\/post"}],"author":[{"embeddable":true,"href":"https:\/\/www.europesays.com\/no\/wp-json\/wp\/v2\/users\/2"}],"replies":[{"embeddable":true,"href":"https:\/\/www.europesays.com\/no\/wp-json\/wp\/v2\/comments?post=105193"}],"version-history":[{"count":0,"href":"https:\/\/www.europesays.com\/no\/wp-json\/wp\/v2\/posts\/105193\/revisions"}],"wp:featuredmedia":[{"embeddable":true,"href":"https:\/\/www.europesays.com\/no\/wp-json\/wp\/v2\/media\/105194"}],"wp:attachment":[{"href":"https:\/\/www.europesays.com\/no\/wp-json\/wp\/v2\/media?parent=105193"}],"wp:term":[{"taxonomy":"category","embeddable":true,"href":"https:\/\/www.europesays.com\/no\/wp-json\/wp\/v2\/categories?post=105193"},{"taxonomy":"post_tag","embeddable":true,"href":"https:\/\/www.europesays.com\/no\/wp-json\/wp\/v2\/tags?post=105193"}],"curies":[{"name":"wp","href":"https:\/\/api.w.org\/{rel}","templated":true}]}}