{"id":105195,"date":"2025-12-05T16:46:12","date_gmt":"2025-12-05T16:46:12","guid":{"rendered":"https:\/\/www.europesays.com\/no\/105195\/"},"modified":"2025-12-05T16:46:12","modified_gmt":"2025-12-05T16:46:12","slug":"norskforhandlet-fredsavtale-i-colombia","status":"publish","type":"post","link":"https:\/\/www.europesays.com\/no\/105195\/","title":{"rendered":"&#8211; Norskforhandlet fredsavtale i Colombia"},"content":{"rendered":"<p class=\"kicker \" style=\"\">Colombia:<\/p>\n<p>  Norge og Qatar har v\u00e6rt i spissen for en fredsavtale mellom Colombia og landets st\u00f8rste, v\u00e6pnede gruppe, if\u00f8lge Andreas Kravik, statssekret\u00e6r i Utenriksdepartementet.\u00a0<\/p>\n<p>\n    LANGVARIG KONFLIKT: En kolombiansk soldat st\u00e5r foran en grafitti av den st\u00f8rste v\u00e6pnede paramilit\u00e6regruppa EGC (ogs\u00e5 kjent som AGC eller Gulf-klanen) i Colombia. Med Norges hjelp, undertegner myndighetene n\u00e5 en rammeavtale med EGC, som skal avv\u00e6pnes. Foto: AFP \/ NTB\n  <\/p>\n<p>Statssekret\u00e6r Andreas Kravik og norske diplomater er i Doha, i Qatar, for \u00e5 offentliggj\u00f8re en fredsavtale mellom Colombia og landets st\u00f8rste, v\u00e6pnede gruppe EGC.\u00a0<\/p>\n<p>Den kolombianske gruppa EGC, kjent som\u00a0<a href=\"https:\/\/english.elpais.com\/international\/2023-01-05\/a-whos-who-of-the-illegal-armed-groups-in-colombias-latest-ceasefire.html\" rel=\"nofollow noopener\" target=\"_blank\">Gulf-klanen<\/a>\u00a0eller Gaitanista Army of Colombia, beskrives gjerne som Colombias st\u00f8rste illegale, v\u00e6pnede gruppe. Den opererer mest i de nordlige og nordvestlige omr\u00e5dene av landet.<\/p>\n<p>&#8211; Gruppa kontrollerer flere steder i landet, og setter lokalbefolkningen i en ekstremt vanskelig situasjon, der de blir avsondret fra resten av samfunnet. For landets myndigheter har situasjonen v\u00e6rt uholdbar, da de ikke har hatt kontroll p\u00e5 eget territorium, sier Kravik til Dagbladet.<\/p>\n<p>          <img loading=\"lazy\" decoding=\"async\" src=\"https:\/\/www.europesays.com\/no\/wp-content\/uploads\/2025\/12\/83945774.webp\" width=\"686\" height=\"474\" title=\"FORN\u00d8YDE: Disse offentliggjorde at en fredsavtale mellom Colombia og landets v\u00e6pnede gruppe EGC er p\u00e5 vei: Abimael Coneo Martinez (politisk nestleder i EGC), statssekret\u00e6r Andreas Kravik, Qatars AlKhulaifi, sveitsiske Tim Enderlin, Alberto Ucelay fra Spania og Alvaro Jimenes, som er delegasjonsleder for den kolombianske regjeringen. Foto: UD\" alt=\"\" class=\"\" style=\"--aspect-ratio-image: 1.45; \"\/><\/p>\n<p>\n          FORN\u00d8YDE: Disse offentliggjorde at en fredsavtale mellom Colombia og landets v\u00e6pnede gruppe EGC er p\u00e5 vei: Abimael Coneo Martinez (politisk nestleder i EGC), statssekret\u00e6r Andreas Kravik, Qatars AlKhulaifi, sveitsiske Tim Enderlin, Alberto Ucelay fra Spania og Alvaro Jimenes, som er delegasjonsleder for den kolombianske regjeringen. Foto: UD\n      <\/p>\n<p>&#8211; Vil la seg avv\u00e6pne\t<\/p>\n<p>Avtalen som fredag ettermiddag offentliggj\u00f8res fra Doha i Qatar er forel\u00f8pig ikke en full fredsavtale, men en rammeavtale mellom EGC og myndighetene. Den er forhandlet fram med hjelp fra Norge og Qatar, i tillegg til Spania og Sveits.\u00a0<\/p>\n<p>&#8211; Den g\u00e5r ut p\u00e5 at gruppen vil la seg avv\u00e6pne, med sikte p\u00e5 \u00e5 bli reintegrert i samfunnet. Gruppas medlemmer vil f\u00e5 visse juridisielle garanter, samtidig som kolombianske myndigheter understreker at de vil straffeforf\u00f8lge personer som har gjort ulovlig kriminalitet, sier Kravik.<\/p>\n<p>          <img loading=\"lazy\" decoding=\"async\" src=\"https:\/\/www.europesays.com\/no\/wp-content\/uploads\/2025\/12\/83945816.webp\" width=\"686\" height=\"460\" title=\"NARKOTIKABANDE: EGC-militisen er kjent for sin utstrakte narkotikavirksomhet, og omtales som Colombias mafia. N\u00e5 vil de bli reintegrert i samfunnet. Foto: AP \/ NTB\" alt=\"\" class=\"\" style=\"--aspect-ratio-image: 1.49; \"\/><\/p>\n<p>\n          NARKOTIKABANDE: EGC-militisen er kjent for sin utstrakte narkotikavirksomhet, og omtales som Colombias mafia. N\u00e5 vil de bli reintegrert i samfunnet. Foto: AP \/ NTB\n      <\/p>\n<p>EGC er alts\u00e5 den st\u00f8rste oppr\u00f8rsgruppa i Colombia som er v\u00e6pnet. Gruppa blir ofte sett p\u00e5 som landets mafia. Gruppa antas \u00e5 ha et sted mellom 8000 til 15 000 bev\u00e6pnede medlemmer. I tillegg til narkotikavirksomhet, skal de ogs\u00e5 v\u00e6re involvert i ulovlig gruvedrift og annen kriminell virksomhet.\u00a0<\/p>\n<p>&#8211; Det er viktig \u00e5 understreke at dette er en rammeavtale mellom myndighetene og EGC, med en tidsplan. Man vil begynne i det sm\u00e5, i tre kommuner som styres av EGC, if\u00f8lge Kravik og legger til:<\/p>\n<p>&#8211; Poenget er \u00e5 bygge tillit mellom partene, og \u00e5 lage et overordnet rammeverk. S\u00e5 vil det bli nye forhandlingsrunder p\u00e5 ny\u00e5ret. Kanskje i Oslo eller i Sveits.<\/p>\n<p>    <a itemprop=\"url\" href=\"https:\/\/www.dagbladet.no\/nyheter\/drapene-som-truer-freden\/65395174\" rel=\"nofollow noopener\" target=\"_blank\"><\/p>\n<p>      <img loading=\"lazy\" decoding=\"async\" src=\"https:\/\/www.europesays.com\/no\/wp-content\/uploads\/2025\/12\/65627270.webp\" width=\"980\" height=\"441\" title=\"Drapene som truer freden\" alt=\"\" class=\"lazyload\" style=\"--aspect-ratio-image: 2.22; \"\/><\/p>\n<p>        Drapene som truer freden<\/p>\n<p>    <\/a><\/p>\n<p>&#8211; Kontroversielt\t<\/p>\n<p>I 2016 fikk Colombias president Juan Manuel Santos Nobels fredspris for innsatsen for \u00e5 avslutte landets over 50 \u00e5r lange borgerkrig med\u00a0<a href=\"https:\/\/www.google.com\/search?q=FARC-geriljaen&amp;rlz=1C1GCEA_enNO1188NO1188&amp;oq=nobels+fredspris+de+santos+colombia&amp;gs_lcrp=EgZjaHJvbWUyBggAEEUYOTIHCAEQIRigATIHCAIQIRigATIHCAMQIRiPAtIBCDg0MzBqMGo3qAIAsAIA&amp;sourceid=chrome&amp;ie=UTF-8&amp;mstk=AUtExfBNNQSWjIzWg0c71V793oyuu752ZQHW4EyqemFiCe-NXErcUoKFEXDOQhgvLBXtDB0lJhKi8jRcd0u0CGU9RIEOlecKB6ZMOXCRy39cU2bkD4ABEwnX-zfXxRVKx9lOpx71mKXv34rh3AHhDQba0aS2Q-lDBhEjxXtXh1ReadTrxqU&amp;csui=3&amp;ved=2ahUKEwit7rLF2qaRAxVIQ_EDHWYnLX4QgK4QegQIARAC\" rel=\"nofollow noopener\" target=\"_blank\">FARC-geriljaen<\/a>, en konflikt som hadde kostet hundretusener av liv og fordrevet millioner.\u00a0<\/p>\n<p>N\u00e5 kan det v\u00e6re EGC som st\u00e5r for tur.<\/p>\n<p>&#8211; Enkelte vil se p\u00e5 dette som kontroversielt. Mange frykter at medlemmene skal f\u00e5 amnesti. Men den kommer etter en erkjennelse fra kolombianske myndigheter om at konflikten ikke kan l\u00f8ses med v\u00e6pnet konflikt, men en diplomatisk l\u00f8sning, sier Kravik.<\/p>\n<p>Norge har hatt kontakt med kolombianske myndigheter og den v\u00e6pnede gruppa i flere \u00e5r.<\/p>\n<p>&#8211; Tidligere president Santos pr\u00f8vde ogs\u00e5, men kom ikke i m\u00e5l. Dette er alts\u00e5 ingen endelig avtale, men et rammeverk. Partene her omtaler den som viktig historisk, sier Kravik.<\/p>\n<p>    <a itemprop=\"url\" href=\"https:\/\/www.dagbladet.no\/kultur\/colombia-far-fred-men-enna-ikke-fra-drap\/65388472\" rel=\"nofollow noopener\" target=\"_blank\"><\/p>\n<p>      <img loading=\"lazy\" decoding=\"async\" src=\"https:\/\/www.europesays.com\/no\/wp-content\/uploads\/2025\/12\/65388488.webp\" width=\"147\" height=\"98\" title=\"Colombia f\u00e5r fred, men enn\u00e5 ikke fra drap\" alt=\"\" class=\"lazyload\" style=\"--aspect-ratio-image: 1.50; \"\/><\/p>\n<p>        Colombia f\u00e5r fred, men enn\u00e5 ikke fra drap<\/p>\n<p>    <\/a><\/p>\n","protected":false},"excerpt":{"rendered":"Colombia: Norge og Qatar har v\u00e6rt i spissen for en fredsavtale mellom Colombia og landets st\u00f8rste, v\u00e6pnede gruppe,&hellip;\n","protected":false},"author":2,"featured_media":105196,"comment_status":"","ping_status":"","sticky":false,"template":"","format":"standard","meta":{"footnotes":""},"categories":[12],"tags":[20,21,2823,24,25,15,22,23,13,30,28,29,14,16,26,27,412,42,43,44,45],"class_list":{"0":"post-105195","1":"post","2":"type-post","3":"status-publish","4":"format-standard","5":"has-post-thumbnail","7":"category-verden","8":"tag-breaking-news","9":"tag-breakingnews","10":"tag-colombia","11":"tag-featured-news","12":"tag-featurednews","13":"tag-headlines","14":"tag-latest-news","15":"tag-latestnews","16":"tag-news","17":"tag-no","18":"tag-norge","19":"tag-norway","20":"tag-nyheter","21":"tag-overskrifter","22":"tag-top-stories","23":"tag-topstories","24":"tag-utenriks","25":"tag-verden","26":"tag-world","27":"tag-world-news","28":"tag-worldnews"},"share_on_mastodon":{"url":"https:\/\/pubeurope.com\/@no\/115667978733618999","error":""},"_links":{"self":[{"href":"https:\/\/www.europesays.com\/no\/wp-json\/wp\/v2\/posts\/105195","targetHints":{"allow":["GET"]}}],"collection":[{"href":"https:\/\/www.europesays.com\/no\/wp-json\/wp\/v2\/posts"}],"about":[{"href":"https:\/\/www.europesays.com\/no\/wp-json\/wp\/v2\/types\/post"}],"author":[{"embeddable":true,"href":"https:\/\/www.europesays.com\/no\/wp-json\/wp\/v2\/users\/2"}],"replies":[{"embeddable":true,"href":"https:\/\/www.europesays.com\/no\/wp-json\/wp\/v2\/comments?post=105195"}],"version-history":[{"count":0,"href":"https:\/\/www.europesays.com\/no\/wp-json\/wp\/v2\/posts\/105195\/revisions"}],"wp:featuredmedia":[{"embeddable":true,"href":"https:\/\/www.europesays.com\/no\/wp-json\/wp\/v2\/media\/105196"}],"wp:attachment":[{"href":"https:\/\/www.europesays.com\/no\/wp-json\/wp\/v2\/media?parent=105195"}],"wp:term":[{"taxonomy":"category","embeddable":true,"href":"https:\/\/www.europesays.com\/no\/wp-json\/wp\/v2\/categories?post=105195"},{"taxonomy":"post_tag","embeddable":true,"href":"https:\/\/www.europesays.com\/no\/wp-json\/wp\/v2\/tags?post=105195"}],"curies":[{"name":"wp","href":"https:\/\/api.w.org\/{rel}","templated":true}]}}