{"id":105197,"date":"2025-12-05T16:47:14","date_gmt":"2025-12-05T16:47:14","guid":{"rendered":"https:\/\/www.europesays.com\/no\/105197\/"},"modified":"2025-12-05T16:47:14","modified_gmt":"2025-12-05T16:47:14","slug":"stjalne-blodprover-har-kommet-til-rette","status":"publish","type":"post","link":"https:\/\/www.europesays.com\/no\/105197\/","title":{"rendered":"Stj\u00e5lne blodpr\u00f8ver har kommet til rette"},"content":{"rendered":"\n<p class=\"_lead_o9xde_2 _lead_xtcu6_50 layout-component text-serif-m layout-normal text-serif-l layout-component layout-wide layout-padded _wide_17hqh_1 layout-padded\">Rundt 50 pasienter kan ha blitt ber\u00f8rt av det mystiske tyveriet. <\/p>\n<p><img alt=\"Ullev\u00e5l sykehus er del av Oslo universitetssykehus (OUS), som denne uken ble rammet av et blodpr\u00f8ve-tyveri.  Foto: Lise \u00c5serud \/ NTB\" class=\"_image_qp4xg_65 layout-component layout-wide\" data-fullscreen- data-track-element-type=\"Article image fullscreen\" data-track-name=\"ImageFullscreen\" fetchpriority=\"high\" decoding=\"sync\" loading=\"eager\" height=\"4000\" itemprop=\"image\"  src=\"https:\/\/www.europesays.com\/no\/wp-content\/uploads\/2025\/12\/b7bcde43-4109-49e2-98eb-0b07ad16543d\"  style=\"object-position:0% 0%\" width=\"6000\"\/>Ullev\u00e5l sykehus er del av Oslo universitetssykehus (OUS), som denne uken ble rammet av et blodpr\u00f8ve-tyveri.  Foto: Lise \u00c5serud \/ NTB<\/p>\n<ul aria-hidden=\"true\" class=\"_images_ntbth_112\">\n<li><a class=\"_link_ntbth_117\" href=\"https:\/\/www.vg.no\/forfatter\/ingrid-bjoerndal-farestvedt\" style=\"z-index:2\" title=\"Ingrid Bj\u00f8rndal Farestvedt\" rel=\"nofollow noopener\" target=\"_blank\"><img alt=\"Bilde av Ingrid Bj\u00f8rndal Farestvedt\" class=\"_image_ntbth_93\" fetchpriority=\"low\" loading=\"lazy\" decoding=\"async\" itemprop=\"image\"  src=\"https:\/\/www.europesays.com\/no\/wp-content\/uploads\/2025\/12\/1764953232_726_0ca626e9-b4bd-4417-836d-161b53cb789f\"  width=\"480\"\/><\/a><\/li>\n<li><a class=\"_link_ntbth_117\" href=\"https:\/\/www.vg.no\/forfatter\/ntb\" style=\"z-index:1\" title=\"NTB\" rel=\"nofollow noopener\" target=\"_blank\"><img alt=\"Bilde av NTB\" class=\"_image_ntbth_93\" fetchpriority=\"low\" loading=\"lazy\" decoding=\"async\" itemprop=\"image\"  src=\"https:\/\/www.europesays.com\/no\/wp-content\/uploads\/2025\/12\/1764953232_617_c33980b0-5d07-4027-84a1-813f90a7c8d6\"  width=\"480\"\/><\/a><\/li>\n<\/ul>\n<p> Oppdatert fredag 5. desember kl. 13:29     <\/p>\n<p class=\"_paragraph_o9xde_4 _paragraph_xtcu6_10 layout-component text-serif-m layout-normal text-serif-m layout-padded\">Det var torsdag <a href=\"https:\/\/www.vg.no\/nyheter\/i\/m06BLl\/blodproever-stjaalet-fra-budbil-alvorlig\" data-track-element-type=\"Link\" data-track-id=\"link:m06BLl\" class=\"_link_o9xde_39\" rel=\"nofollow noopener\" target=\"_blank\">flere blodpr\u00f8ver ble stj\u00e5let<\/a> fra en budbil p\u00e5 vei fra F\u00fcrst medisinske laboratorium til Oslo universitetssykehus (OUS).<\/p>\n<p class=\"_paragraph_o9xde_4 _paragraph_xtcu6_10 layout-component text-serif-m layout-normal text-serif-m layout-padded\"><strong class=\"_strong_o9xde_25\">Fredag er blodet sporet opp, men omstendighetene rundt tyveriet er fortsatt uklare.<\/strong><\/p>\n<p class=\"_paragraph_o9xde_4 _paragraph_xtcu6_10 layout-component text-serif-m layout-normal text-serif-m layout-padded\">\u2013 Vi er glade for at pr\u00f8vene n\u00e5 har kommet til rette, skriver klinikkleder Andreas Matussek i en epost til NTB.<\/p>\n<p>   <img decoding=\"async\" alt=\"Tips oss illustrasjon\" src=\"https:\/\/www.europesays.com\/no\/wp-content\/uploads\/2025\/10\/pssst-small.webp.webp\"\/>    <\/p>\n<p class=\"title-serif-s\">Har du tips?<\/p>\n<p class=\"text-sans-m\">Send oss informasjon, bilder eller video.<\/p>\n<p>  <a href=\"https:\/\/www.vg.no\/tips-oss\" rel=\"nofollow noopener\" target=\"_blank\"> Tips oss <\/a>   <\/p>\n<p class=\"_paragraph_o9xde_4 _paragraph_xtcu6_10 layout-component text-serif-m layout-normal text-serif-m layout-padded\">OUS antar rundt 50 pasienter <a href=\"https:\/\/www.vg.no\/nyheter\/i\/m06BLl\/blodproever-stjaalet-fra-budbil-alvorlig\" data-track-element-type=\"Link\" data-track-id=\"link:m06BLl\" class=\"_link_o9xde_39\" rel=\"nofollow noopener\" target=\"_blank\">er ber\u00f8rt<\/a>. N\u00e5 unders\u00f8ker de om blodet fortsatt kan analyseres:<\/p>\n<p class=\"_paragraph_o9xde_4 _paragraph_xtcu6_10 layout-component text-serif-m layout-normal text-serif-m layout-padded\">\u2013 Dersom pr\u00f8vene skulle vise seg \u00e5 v\u00e6re \u00f8delagt, vil laboratoriet kontakte rekvirentenrekvirentenEn person eller enhet som bestiller eller foreskriver en medisinsk test eller behandling., som deretter f\u00f8lger opp de ber\u00f8rte pasientene. Vi beklager det inntrufne, skriver Matussek videre.<\/p>\n<p class=\"_paragraph_o9xde_4 _paragraph_xtcu6_10 layout-component text-serif-m layout-normal text-serif-m layout-padded\">Tyveriet er politianmeldt. Torsdag var VG i kontakt med b\u00e5de F\u00fcrst og Bring, som begge viste videre til sykehuset og politiet.<\/p>\n","protected":false},"excerpt":{"rendered":"Rundt 50 pasienter kan ha blitt ber\u00f8rt av det mystiske tyveriet. Ullev\u00e5l sykehus er del av Oslo universitetssykehus&hellip;\n","protected":false},"author":2,"featured_media":105198,"comment_status":"","ping_status":"","sticky":false,"template":"","format":"standard","meta":{"footnotes":""},"categories":[10],"tags":[11263,20,21,24,25,15,22,23,13,30,28,29,14,4580,16,26,27],"class_list":{"0":"post-105197","1":"post","2":"type-post","3":"status-publish","4":"format-standard","5":"has-post-thumbnail","7":"category-norge","8":"tag-blodprover","9":"tag-breaking-news","10":"tag-breakingnews","11":"tag-featured-news","12":"tag-featurednews","13":"tag-headlines","14":"tag-latest-news","15":"tag-latestnews","16":"tag-news","17":"tag-no","18":"tag-norge","19":"tag-norway","20":"tag-nyheter","21":"tag-oslo-universitetssykehus-ous","22":"tag-overskrifter","23":"tag-top-stories","24":"tag-topstories"},"share_on_mastodon":{"url":"https:\/\/pubeurope.com\/@no\/115667982385755457","error":""},"_links":{"self":[{"href":"https:\/\/www.europesays.com\/no\/wp-json\/wp\/v2\/posts\/105197","targetHints":{"allow":["GET"]}}],"collection":[{"href":"https:\/\/www.europesays.com\/no\/wp-json\/wp\/v2\/posts"}],"about":[{"href":"https:\/\/www.europesays.com\/no\/wp-json\/wp\/v2\/types\/post"}],"author":[{"embeddable":true,"href":"https:\/\/www.europesays.com\/no\/wp-json\/wp\/v2\/users\/2"}],"replies":[{"embeddable":true,"href":"https:\/\/www.europesays.com\/no\/wp-json\/wp\/v2\/comments?post=105197"}],"version-history":[{"count":0,"href":"https:\/\/www.europesays.com\/no\/wp-json\/wp\/v2\/posts\/105197\/revisions"}],"wp:featuredmedia":[{"embeddable":true,"href":"https:\/\/www.europesays.com\/no\/wp-json\/wp\/v2\/media\/105198"}],"wp:attachment":[{"href":"https:\/\/www.europesays.com\/no\/wp-json\/wp\/v2\/media?parent=105197"}],"wp:term":[{"taxonomy":"category","embeddable":true,"href":"https:\/\/www.europesays.com\/no\/wp-json\/wp\/v2\/categories?post=105197"},{"taxonomy":"post_tag","embeddable":true,"href":"https:\/\/www.europesays.com\/no\/wp-json\/wp\/v2\/tags?post=105197"}],"curies":[{"name":"wp","href":"https:\/\/api.w.org\/{rel}","templated":true}]}}