{"id":105203,"date":"2025-12-05T16:54:11","date_gmt":"2025-12-05T16:54:11","guid":{"rendered":"https:\/\/www.europesays.com\/no\/105203\/"},"modified":"2025-12-05T16:54:11","modified_gmt":"2025-12-05T16:54:11","slug":"vaer-skien-slik-blir-vaeret-gjennom-helgen-sno-enkelte-steder","status":"publish","type":"post","link":"https:\/\/www.europesays.com\/no\/105203\/","title":{"rendered":"V\u00e6r, Skien | Slik blir v\u00e6ret gjennom helgen \u2013 sn\u00f8 enkelte steder"},"content":{"rendered":"\n<p>For om du er lei av gr\u00e5v\u00e6ret er det dessverre ingen snarlig bedring.<\/p>\n<p>Det er ventet gr\u00e5tt v\u00e6r de fleste steder b\u00e5de fredag, l\u00f8rdag og s\u00f8ndag.<\/p>\n<p>Det er dessuten ventet litt nedb\u00f8r. Spesielt ute ved kysten er det ventet en del regn i l\u00f8pet av de neste dagene.<\/p>\n<p>Nedb\u00f8ren kommer som sn\u00f8 over 400 til 600 meters h\u00f8yde.<\/p>\n<p>Starter sesongen<\/p>\n<p>Dette er godt nytt for alle som er glade i st\u00e5 p\u00e5 ski. Takket v\u00e6re produksjon av kunstsn\u00f8 har de f\u00f8rste skisentrene s\u00e5 vidt startet sesongen.<\/p>\n<p>Rauland skisenter skriver p\u00e5 sine nettsider at de \u00e5pner l\u00f8rdag og p\u00e5 Gausta er de f\u00f8rste bakkene allerede \u00e5pnet.<\/p>\n<p>\u2013 Mot midten av uken kan vi vente oss et v\u00e6rskifte, forteller Espen Biseth Granan hos Meteorologisk institutt.<\/p>\n<p>Litt sn\u00f8<\/p>\n<p>Da kommer det nordavind som f\u00f8rer med seg litt lavere temperaturer.<\/p>\n<p>Da blir det ogs\u00e5 bedre v\u00e6r, men det kan komme litt nedb\u00f8r p\u00e5 fredag om en uke og det kan da fort komme som sn\u00f8 ogs\u00e5 i Grenland.<\/p>\n<p>\u2013 Det blir uansett ikke snakk om noen store mengder og trolig f\u00e5r vi mildv\u00e6r igjen allerede et par dager etterp\u00e5, avslutter Biseth Granan.<\/p>\n","protected":false},"excerpt":{"rendered":"For om du er lei av gr\u00e5v\u00e6ret er det dessverre ingen snarlig bedring. Det er ventet gr\u00e5tt v\u00e6r&hellip;\n","protected":false},"author":2,"featured_media":1273,"comment_status":"","ping_status":"","sticky":false,"template":"","format":"standard","meta":{"footnotes":""},"categories":[10],"tags":[36,20,21,24,25,15,22,23,13,30,28,29,14,16,1370,393,6527,1510,26,27,553],"class_list":{"0":"post-105203","1":"post","2":"type-post","3":"status-publish","4":"format-standard","5":"has-post-thumbnail","7":"category-norge","8":"tag-art","9":"tag-breaking-news","10":"tag-breakingnews","11":"tag-featured-news","12":"tag-featurednews","13":"tag-headlines","14":"tag-latest-news","15":"tag-latestnews","16":"tag-news","17":"tag-no","18":"tag-norge","19":"tag-norway","20":"tag-nyheter","21":"tag-overskrifter","22":"tag-porsgrunn","23":"tag-skien","24":"tag-sno","25":"tag-story","26":"tag-top-stories","27":"tag-topstories","28":"tag-vaer"},"share_on_mastodon":{"url":"https:\/\/pubeurope.com\/@no\/115668009879231903","error":""},"_links":{"self":[{"href":"https:\/\/www.europesays.com\/no\/wp-json\/wp\/v2\/posts\/105203","targetHints":{"allow":["GET"]}}],"collection":[{"href":"https:\/\/www.europesays.com\/no\/wp-json\/wp\/v2\/posts"}],"about":[{"href":"https:\/\/www.europesays.com\/no\/wp-json\/wp\/v2\/types\/post"}],"author":[{"embeddable":true,"href":"https:\/\/www.europesays.com\/no\/wp-json\/wp\/v2\/users\/2"}],"replies":[{"embeddable":true,"href":"https:\/\/www.europesays.com\/no\/wp-json\/wp\/v2\/comments?post=105203"}],"version-history":[{"count":0,"href":"https:\/\/www.europesays.com\/no\/wp-json\/wp\/v2\/posts\/105203\/revisions"}],"wp:featuredmedia":[{"embeddable":true,"href":"https:\/\/www.europesays.com\/no\/wp-json\/wp\/v2\/media\/1273"}],"wp:attachment":[{"href":"https:\/\/www.europesays.com\/no\/wp-json\/wp\/v2\/media?parent=105203"}],"wp:term":[{"taxonomy":"category","embeddable":true,"href":"https:\/\/www.europesays.com\/no\/wp-json\/wp\/v2\/categories?post=105203"},{"taxonomy":"post_tag","embeddable":true,"href":"https:\/\/www.europesays.com\/no\/wp-json\/wp\/v2\/tags?post=105203"}],"curies":[{"name":"wp","href":"https:\/\/api.w.org\/{rel}","templated":true}]}}