{"id":105204,"date":"2025-12-05T16:56:14","date_gmt":"2025-12-05T16:56:14","guid":{"rendered":"https:\/\/www.europesays.com\/no\/105204\/"},"modified":"2025-12-05T16:56:14","modified_gmt":"2025-12-05T16:56:14","slug":"en-pris-naermest-opprettet-for-a-smiske-med-trump","status":"publish","type":"post","link":"https:\/\/www.europesays.com\/no\/105204\/","title":{"rendered":"\u2013 En pris n\u00e6rmest opprettet for \u00e5 smiske med Trump"},"content":{"rendered":"\n<ul class=\"_list_o9xde_3 _list_64s2r_85 _unordered_o9xde_106 text-sans-m\">\n<li class=\"_item_o9xde_30\">VM-trekningen for fotball-VM skjer i kveld i Washington \u2013 hvor Norges motstandere blir avklart.<\/li>\n<li class=\"_item_o9xde_30\">FIFA deler ut sin omstridte fredspris, som eksperter mener er for \u00e5 smigre Trump.<\/li>\n<li class=\"_item_o9xde_30\">Rettighetsorganisasjoner kritiserer manglende \u00e5penhet rundt prisen.<\/li>\n<li class=\"_item_o9xde_30\">Bekymringer eksisterer for at Trumps personlighet kan overskygge VM, if\u00f8lge ekspert.<\/li>\n<\/ul>\n<p>Vis mer <\/p>\n<p class=\"_paragraph_o9xde_4 _paragraph_xtcu6_10 layout-component text-serif-m layout-normal text-serif-m layout-padded\">Med knappe 188 dager til fotball-VM, er det duket for trekning, der vi blant annet f\u00e5r vite hvem som blir Norges motstandere. Alt skjer i \u00e6rverdige Kennedy Center i Washington, D.C. \u2013 et knapt steinkast fra Det hvite hus.<\/p>\n<p class=\"_paragraph_o9xde_4 _paragraph_xtcu6_10 layout-component text-serif-m layout-normal text-serif-m layout-padded\">Showet starter klokken 18 norsk tid, og rundt en time senere, klokken 18.59, starter selve trekningen \u2013 f\u00f8lg v\u00e5r sending her: <\/p>\n<p class=\"_paragraph_o9xde_4 _paragraph_xtcu6_10 layout-component text-serif-m layout-normal text-serif-m layout-padded\"><strong class=\"_strong_o9xde_25\">Det er ogs\u00e5 ventet at FIFA vil dele ut sin nyopprettede \u2013 og omstridte \u2013 fredspris i l\u00f8pet av kvelden. <\/strong><\/p>\n<p class=\"_paragraph_o9xde_4 _paragraph_xtcu6_10 layout-component text-serif-m layout-normal text-serif-m layout-padded\"><strong class=\"_strong_o9xde_25\">Men til hvem?<\/strong><\/p>\n<p class=\"_paragraph_o9xde_4 _paragraph_xtcu6_10 layout-component text-serif-m layout-normal text-serif-m layout-padded\">\u2013 Det er jo en pris som n\u00e6rmest er opprettet for \u00e5 smiske med Trump.<\/p>\n<p><img alt=\"Foto: Julia Demaree Nikhinson \/ AP \/ NTB\" class=\"_image_qp4xg_65 layout-component layout-normal\" data-fullscreen- data-track-element-type=\"Article image fullscreen\" data-track-name=\"ImageFullscreen\" decoding=\"async\" loading=\"lazy\" height=\"2655\" itemprop=\"image\"  src=\"https:\/\/www.europesays.com\/no\/wp-content\/uploads\/2025\/12\/87c3a64c-cd6b-44bf-bde6-449b1553ac76\"  style=\"object-position:0% 0%\" width=\"3982\"\/>Foto: Julia Demaree Nikhinson \/ AP \/ NTB<\/p>\n<p class=\"_paragraph_o9xde_4 _paragraph_xtcu6_10 layout-component text-serif-m layout-normal text-serif-m layout-padded\">Det sier USA-kjenner og Civita-r\u00e5dgiver Eirik L\u00f8kke, som p\u00e5peker at den nye FIFA-prisen har en tydelig baktanke.<\/p>\n<p class=\"_paragraph_o9xde_4 _paragraph_xtcu6_10 layout-component text-serif-m layout-normal text-serif-m layout-padded\">Han peker p\u00e5 at FIFA \u00f8nsker \u00e5 innynde seg hos den tidligere presidenten og mener prisen er et konkret uttrykk for dette.<\/p>\n<p class=\"_paragraph_o9xde_4 _paragraph_xtcu6_10 layout-component text-serif-m layout-normal text-serif-m layout-padded\">\u2013 Han har jo lyst p\u00e5 fredspris, s\u00e5 det f\u00e5r han her, sier L\u00f8kke.<\/p>\n<p><img decoding=\"async\" alt=\"Bilde av Eirik L\u00f8kke\" class=\"_image_ygndg_42\" height=\"27\" itemprop=\"image\" loading=\"lazy\"  src=\"https:\/\/www.europesays.com\/no\/wp-content\/uploads\/2025\/12\/a8aa6e1c-676e-4c20-91bf-4725badbd38d\"  width=\"40\"\/><strong class=\"_name_ygndg_51 title-serif-xs\">Eirik L\u00f8kke<\/strong><\/p>\n<p class=\"_paragraph_o9xde_4 text-sans-m _description_ygndg_56\">USA-ekspert og r\u00e5dgiver i tankesmien Civita<\/p>\n<p class=\"_paragraph_o9xde_4 _paragraph_xtcu6_10 layout-component text-serif-m layout-normal text-serif-m layout-padded\">If\u00f8lge L\u00f8kke er Trump s\u00e6rlig opptatt av fotball-VM, det han beskriver som verdens st\u00f8rste arrangement.<\/p>\n<p class=\"_paragraph_o9xde_4 _paragraph_xtcu6_10 layout-component text-serif-m layout-normal text-serif-m layout-padded\">\u2013 Det er ingenting som er mer i sentrum enn fotball-VM, sier han.<\/p>\n<p> Fullstendig mangel p\u00e5 \u00e5penhet<\/p>\n<p class=\"_paragraph_o9xde_4 _paragraph_xtcu6_10 layout-component text-serif-m layout-normal text-serif-m layout-padded\">Den nye prisen, \u00abFIFA Peace Prize \u2013 Football Unites the World\u00bb, skal if\u00f8lge <a href=\"https:\/\/inside.fifa.com\/organisation\/media-releases\/peace-prize-award-football-unites-the-world-infantino\" class=\"_link_o9xde_39\" rel=\"nofollow noopener\" target=\"_blank\">FIFA<\/a> deles ut \u00e5rlig til personer som har gjort \u00abeksepsjonelle og ekstraordin\u00e6re handlinger for fred\u00bb.<\/p>\n<p class=\"_paragraph_o9xde_4 _paragraph_xtcu6_10 layout-component text-serif-m layout-normal text-serif-m layout-padded\">En rekke rettighetsorganisasjoner har likevel valgt \u00e5 kritisere initiativet. De har problematisert \u00abfullstendig mangel\u00bb p\u00e5 \u00e5penhet rundt FIFAs prosess for den nye fredsprisen. <\/p>\n<p class=\"_paragraph_o9xde_4 _paragraph_xtcu6_10 layout-component text-serif-m layout-normal text-serif-m layout-padded\">FIFA har mottatt en rekke sp\u00f8rsm\u00e5l fra organisasjonene, inkludert:<\/p>\n<ul class=\"_list_o9xde_3 _list_xtcu6_9 _unordered_o9xde_106 layout-component text-serif-m layout-normal text-serif-m layout-padded\">\n<li class=\"_item_o9xde_30\">Hvem er nominert?<\/li>\n<li class=\"_item_o9xde_30\">Hvem sitter i juryen? <\/li>\n<li class=\"_item_o9xde_30\">Hvilke kriterier som brukes, og hvordan prosessen foreg\u00e5r? <\/li>\n<\/ul>\n<p class=\"_paragraph_o9xde_4 _paragraph_xtcu6_10 layout-component text-serif-m layout-normal text-serif-m layout-padded\">De har ikke mottatt svar.<\/p>\n<p class=\"_paragraph_o9xde_4 _paragraph_xtcu6_10 layout-component text-serif-m layout-normal text-serif-m layout-padded\">I forkant av trekningen av VM-gruppene har FIFA-president Gianni Infantino styrket sitt forhold til Trump. <\/p>\n<p><img alt=\"USAs president Donald Trump og Fifas president Gianni Infantino avbildet sammen under forrige m\u00e5neds Gaza-toppm\u00f8te i Egypt.  Foto: YOAN VALAT \/ AFP \/ NTB\" class=\"_image_qp4xg_65 layout-component layout-normal\" data-fullscreen- data-track-element-type=\"Article image fullscreen\" data-track-name=\"ImageFullscreen\" decoding=\"async\" loading=\"lazy\" height=\"3659\" itemprop=\"image\"  src=\"https:\/\/www.europesays.com\/no\/wp-content\/uploads\/2025\/12\/b1803be4-beb9-44f2-9145-99599158496c\"  style=\"object-position:0% 0%\" width=\"5489\"\/>USAs president Donald Trump og Fifas president Gianni Infantino avbildet sammen under forrige m\u00e5neds Gaza-toppm\u00f8te i Egypt.  Foto: YOAN VALAT \/ AFP \/ NTB<\/p>\n<p class=\"_paragraph_o9xde_4 _paragraph_xtcu6_10 layout-component text-serif-m layout-normal text-serif-m layout-padded\">Nylig inviterte Trump ham til presentasjonen av v\u00e5penhvilen i Gaza, noe som overrasket mange. Trump ble ogs\u00e5 invitert til Klubb-VM-finalen, der han \u00abkuppet\u00bb oppmerksomheten.<\/p>\n<p>Frykter Trump kan \u00f8delegge VM<\/p>\n<p class=\"_paragraph_o9xde_4 _paragraph_xtcu6_10 layout-component text-serif-m layout-normal text-serif-m layout-padded\">L\u00f8kke sier FIFA genuint er bekymret for at Trumps personlighet kan overskygge fotball-VM neste sommer.<\/p>\n<p class=\"_paragraph_o9xde_4 _paragraph_xtcu6_10 layout-component text-serif-m layout-normal text-serif-m layout-padded\">\u2013 Det jeg tror FIFA er mer redd for er jo om narsissismen til Trump kommer til \u00e5 \u00f8delegge hele fotball-VM. Om han i kraft av sin person kommer til \u00e5 \u00f8delegge festen neste sommer, sier han.<\/p>\n<p class=\"_paragraph_o9xde_4 _paragraph_xtcu6_10 layout-component text-serif-m layout-normal text-serif-m layout-padded\">Han viser til at Trump kan komme med \u00abspinnville utspill\u00bb eller sende ICEICEICE st\u00e5r for Immigration and Customs Enforcement, en amerikansk f\u00f8deral etat som h\u00e5ndhever innvandringslover.-agenter for \u00e5 arrestere folk som ser mistenkelig ut under mesterskapet.<\/p>\n<p class=\"_paragraph_o9xde_4 _paragraph_xtcu6_10 layout-component text-serif-m layout-normal text-serif-m layout-padded\">\u2013 Det er nok en av grunnene til at de lager en s\u00e5nn fredspris for \u00e5 gi til Trump for \u00e5 innynde seg n\u00e6rmere, forklarer USA-eksperten.<\/p>\n<p><img alt=\"FIFA-president Gianni Infantino og Donald Trump under finalen i FIFA Club World Cup 2025 mellom Chelsea og Paris Saint-Germain i sommer.  Foto: ALEX GRIMM \/ AFP \/ NTB\" class=\"_image_qp4xg_65 layout-component layout-normal\" data-fullscreen- data-track-element-type=\"Article image fullscreen\" data-track-name=\"ImageFullscreen\" decoding=\"async\" loading=\"lazy\" height=\"3236\" itemprop=\"image\"  src=\"https:\/\/www.europesays.com\/no\/wp-content\/uploads\/2025\/12\/b992a981-6ae1-48ff-a198-01aa5de9753f\"  style=\"object-position:0% 0%\" width=\"4311\"\/>FIFA-president Gianni Infantino og Donald Trump under finalen i FIFA Club World Cup 2025 mellom Chelsea og Paris Saint-Germain i sommer.  Foto: ALEX GRIMM \/ AFP \/ NTB<\/p>\n<p class=\"_paragraph_o9xde_4 _paragraph_xtcu6_10 layout-component text-serif-m layout-normal text-serif-m layout-padded\">Strategien til Infantino kan sikre FIFA-presidenten direkte tilgang til presidenten hvis det oppst\u00e5r kritiske situasjoner under VM.<\/p>\n<p class=\"_paragraph_o9xde_4 _paragraph_xtcu6_10 layout-component text-serif-m layout-normal text-serif-m layout-padded\">\u2013 Det \u00e5 nettopp innynde seg og f\u00e5 Trumps \u00f8re gj\u00f8r at hvis det kommer kritiske situasjoner, s\u00e5 har Infantino en lett tilgang til \u00e5 snakke med Trump og fors\u00f8ke \u00e5 f\u00e5 fokus p\u00e5 fotball fremfor p\u00e5 Trump, sier L\u00f8kke.<\/p>\n<p>   Kritikk mot menneskerettigheter<\/p>\n<p class=\"_paragraph_o9xde_4 _paragraph_xtcu6_10 layout-component text-serif-m layout-normal text-serif-m layout-padded\">VM i 2026 er det f\u00f8rste i FIFA-historien som integrerer menneskerettighetskriterier i prosessen for \u00e5 velge vertsland. <\/p>\n<p class=\"_paragraph_o9xde_4 _paragraph_xtcu6_10 layout-component text-serif-m layout-normal text-serif-m layout-padded\">Organisasjoner som <a href=\"https:\/\/www.hrw.org\/news\/2025\/12\/03\/world-cup-2026-fifa-needs-to-act-on-human-rights\" class=\"_link_o9xde_39\" rel=\"nofollow noopener\" target=\"_blank\">Human Rights Watch (HRW)<\/a> sier at det \u00e5 \u00e6re Trump undergraver disse standardene.<\/p>\n<p class=\"_paragraph_o9xde_4 _paragraph_xtcu6_10 layout-component text-serif-m layout-normal layout-padded\"><strong class=\"_strong_o9xde_25\">Les ogs\u00e5:<\/strong> <a href=\"https:\/\/www.vg.no\/i\/73e03K\" data-track-element-type=\"Link\" data-track-id=\"link:73e03K\" class=\"_link_o9xde_39\" rel=\"nofollow noopener\" target=\"_blank\">\u2013 Du m\u00e5 forlate USA<\/a><\/p>\n<p class=\"_paragraph_o9xde_4 _paragraph_xtcu6_10 layout-component text-serif-m layout-normal text-serif-m layout-padded\">HRW peker p\u00e5 Trumps innvandringspolitikk og retorikkretorikkM\u00e5ten man bruker spr\u00e5k p\u00e5 for \u00e5 p\u00e5virke eller overbevise andre, ofte brukt i politiske sammenhenger. mot fremmede nasjoner. Senest denne uken kom Trump med en rekke rasistiske bemerkninger mot somaliere, som han blant annet kalte for \u00abs\u00f8ppel\u00bb.<\/p>\n<p><img alt=\"Foto: JAMIE KELTER DAVIS \/ AFP \/ NTB\" class=\"_image_qp4xg_65 layout-component layout-normal\" data-fullscreen- data-track-element-type=\"Article image fullscreen\" data-track-name=\"ImageFullscreen\" decoding=\"async\" loading=\"lazy\" height=\"4000\" itemprop=\"image\"  src=\"https:\/\/www.europesays.com\/no\/wp-content\/uploads\/2025\/12\/3db45a34-efb5-4ae0-bf4b-f577cc1cf07a\"  style=\"object-position:0% 0%\" width=\"6000\"\/>Foto: JAMIE KELTER DAVIS \/ AFP \/ NTB<\/p>\n<p class=\"_paragraph_o9xde_4 _paragraph_xtcu6_10 layout-component text-serif-m layout-normal text-serif-m layout-padded\">To kvalifiserte nasjoner, Iran og Haiti, st\u00e5r fortsatt p\u00e5 USAs liste over land med innreiseforbud. Enkelte medlemmer av Irans delegasjon skal ikke ha f\u00e5tt visumvisumEt offisielt dokument som gir en person tillatelse til \u00e5 reise inn i, forlate eller bo i et land for en bestemt periode. for \u00e5 delta p\u00e5 fredagens trekning, skriver ESPN.<\/p>\n<p class=\"_paragraph_o9xde_4 _paragraph_xtcu6_10 layout-component text-serif-m layout-normal text-serif-m layout-padded\">L\u00f8kke mener likevel at fotballfansen vil fokusere p\u00e5 sporten.<\/p>\n<p class=\"_paragraph_o9xde_4 _paragraph_xtcu6_10 layout-component text-serif-m layout-normal text-serif-m layout-padded\">\u2013 Jeg tror folk er s\u00e5 opptatt av fotball og den type trekningen at det g\u00e5r nok greit, sier han.<\/p>\n<p class=\"_paragraph_o9xde_4 _paragraph_xtcu6_10 layout-component text-serif-m layout-normal text-serif-m layout-padded\">For Trump handler det om \u00e5 v\u00e6re i sentrum av verdens st\u00f8rste idrettsarrangement.<\/p>\n<p class=\"_paragraph_o9xde_4 _paragraph_xtcu6_10 layout-component text-serif-m layout-normal text-serif-m layout-padded\">\u2013 Alt som er stort og flott og \u00abbig og beautiful\u00bb er jo noe som tiltrekker Trump. Det er ingenting som er mer i sentrum enn fotball-VM, sier L\u00f8kke.<\/p>\n","protected":false},"excerpt":{"rendered":"VM-trekningen for fotball-VM skjer i kveld i Washington \u2013 hvor Norges motstandere blir avklart. FIFA deler ut sin&hellip;\n","protected":false},"author":2,"featured_media":105205,"comment_status":"","ping_status":"","sticky":false,"template":"","format":"standard","meta":{"footnotes":""},"categories":[59],"tags":[8634,3163,30,28,29,83,82],"class_list":{"0":"post-105204","1":"post","2":"type-post","3":"status-publish","4":"format-standard","5":"has-post-thumbnail","7":"category-sport","8":"tag-fotball-vm-2026","9":"tag-herrelandslaget-fotball","10":"tag-no","11":"tag-norge","12":"tag-norway","13":"tag-sport","14":"tag-sports"},"share_on_mastodon":{"url":"https:\/\/pubeurope.com\/@no\/115668018607289930","error":""},"_links":{"self":[{"href":"https:\/\/www.europesays.com\/no\/wp-json\/wp\/v2\/posts\/105204","targetHints":{"allow":["GET"]}}],"collection":[{"href":"https:\/\/www.europesays.com\/no\/wp-json\/wp\/v2\/posts"}],"about":[{"href":"https:\/\/www.europesays.com\/no\/wp-json\/wp\/v2\/types\/post"}],"author":[{"embeddable":true,"href":"https:\/\/www.europesays.com\/no\/wp-json\/wp\/v2\/users\/2"}],"replies":[{"embeddable":true,"href":"https:\/\/www.europesays.com\/no\/wp-json\/wp\/v2\/comments?post=105204"}],"version-history":[{"count":0,"href":"https:\/\/www.europesays.com\/no\/wp-json\/wp\/v2\/posts\/105204\/revisions"}],"wp:featuredmedia":[{"embeddable":true,"href":"https:\/\/www.europesays.com\/no\/wp-json\/wp\/v2\/media\/105205"}],"wp:attachment":[{"href":"https:\/\/www.europesays.com\/no\/wp-json\/wp\/v2\/media?parent=105204"}],"wp:term":[{"taxonomy":"category","embeddable":true,"href":"https:\/\/www.europesays.com\/no\/wp-json\/wp\/v2\/categories?post=105204"},{"taxonomy":"post_tag","embeddable":true,"href":"https:\/\/www.europesays.com\/no\/wp-json\/wp\/v2\/tags?post=105204"}],"curies":[{"name":"wp","href":"https:\/\/api.w.org\/{rel}","templated":true}]}}