{"id":105206,"date":"2025-12-05T17:03:30","date_gmt":"2025-12-05T17:03:30","guid":{"rendered":"https:\/\/www.europesays.com\/no\/105206\/"},"modified":"2025-12-05T17:03:30","modified_gmt":"2025-12-05T17:03:30","slug":"af-decom-sikrer-kontrakt-for-nye-aker-sykehus-med-helse-sor-ost","status":"publish","type":"post","link":"https:\/\/www.europesays.com\/no\/105206\/","title":{"rendered":"AF Decom sikrer kontrakt for Nye Aker sykehus med Helse S\u00f8r-\u00d8st"},"content":{"rendered":"<p>\n        Nye Aker sykehus. Illustrasjon: Helse S\u00f8r-\u00d8st \/Team Aker<\/p>\n<p>    Helse S\u00f8r-\u00d8st RHF har innstilt AF Decom til kontrakten Felles rigg og drift innvendige arbeider p\u00e5 Nye Aker sykehus.<\/p>\n<p>             Mange bedrifter har tegnet bedriftsavtale hos oss.<br \/>\n<br \/>\nDen l\u00f8sningen gir alle med e-post inneholdende bedriftens maildomene tilgang.<br \/>\n<br \/>\nLurer du p\u00e5 om din bedrift har en bedriftsl\u00f8sning?<br \/>\n<br \/>\nSend oss en mail, s\u00e5 sjekker vi det ut for deg.<\/p>\n<p>Andre sp\u00f8rsm\u00e5l? <a href=\"https:\/\/www.bygg.no\/af-helsebygg-kontrakter\/fikk-ny-kontrakt-pa-nye-aker-sykehus\/mailto:digital@bygg.no\" rel=\"nofollow noopener\" target=\"_blank\">Kontakt oss<\/a><\/p>\n","protected":false},"excerpt":{"rendered":"Nye Aker sykehus. Illustrasjon: Helse S\u00f8r-\u00d8st \/Team Aker Helse S\u00f8r-\u00d8st RHF har innstilt AF Decom til kontrakten Felles&hellip;\n","protected":false},"author":2,"featured_media":105207,"comment_status":"","ping_status":"","sticky":false,"template":"","format":"standard","meta":{"footnotes":""},"categories":[56],"tags":[60,61,62,30,28,29],"class_list":{"0":"post-105206","1":"post","2":"type-post","3":"status-publish","4":"format-standard","5":"has-post-thumbnail","7":"category-naeringsliv","8":"tag-business","9":"tag-economy","10":"tag-naeringsliv","11":"tag-no","12":"tag-norge","13":"tag-norway"},"share_on_mastodon":{"url":"https:\/\/pubeurope.com\/@no\/115668045526440312","error":""},"_links":{"self":[{"href":"https:\/\/www.europesays.com\/no\/wp-json\/wp\/v2\/posts\/105206","targetHints":{"allow":["GET"]}}],"collection":[{"href":"https:\/\/www.europesays.com\/no\/wp-json\/wp\/v2\/posts"}],"about":[{"href":"https:\/\/www.europesays.com\/no\/wp-json\/wp\/v2\/types\/post"}],"author":[{"embeddable":true,"href":"https:\/\/www.europesays.com\/no\/wp-json\/wp\/v2\/users\/2"}],"replies":[{"embeddable":true,"href":"https:\/\/www.europesays.com\/no\/wp-json\/wp\/v2\/comments?post=105206"}],"version-history":[{"count":0,"href":"https:\/\/www.europesays.com\/no\/wp-json\/wp\/v2\/posts\/105206\/revisions"}],"wp:featuredmedia":[{"embeddable":true,"href":"https:\/\/www.europesays.com\/no\/wp-json\/wp\/v2\/media\/105207"}],"wp:attachment":[{"href":"https:\/\/www.europesays.com\/no\/wp-json\/wp\/v2\/media?parent=105206"}],"wp:term":[{"taxonomy":"category","embeddable":true,"href":"https:\/\/www.europesays.com\/no\/wp-json\/wp\/v2\/categories?post=105206"},{"taxonomy":"post_tag","embeddable":true,"href":"https:\/\/www.europesays.com\/no\/wp-json\/wp\/v2\/tags?post=105206"}],"curies":[{"name":"wp","href":"https:\/\/api.w.org\/{rel}","templated":true}]}}