{"id":105208,"date":"2025-12-05T17:04:11","date_gmt":"2025-12-05T17:04:11","guid":{"rendered":"https:\/\/www.europesays.com\/no\/105208\/"},"modified":"2025-12-05T17:04:11","modified_gmt":"2025-12-05T17:04:11","slug":"colombia-har-med-norsk-bistand-inngatt-avtale-med-narkomilits","status":"publish","type":"post","link":"https:\/\/www.europesays.com\/no\/105208\/","title":{"rendered":"Colombia har med norsk bistand inng\u00e5tt avtale med narkomilits"},"content":{"rendered":"\n<p class=\"_lead_o9xde_2 _lead_xtcu6_50 layout-component text-serif-m layout-normal text-serif-l layout-component layout-wide layout-padded _wide_17hqh_1 layout-padded\">Colombia har undertegnet en avtale med den h\u00f8yreorienterte EGC-militsen, en av landets st\u00f8rste narkotikabander. Norge har v\u00e6rt megler mellom partene.<\/p>\n<p><img alt=\"Den h\u00f8yreorienterte EGC-militsen i Colombia har undertegnet avtale med regjeringen i landet. Militsen er dypt involvert i narkotikaproduksjon og smugling, og lederen Dairo Antonio Usuga (nummer tre fra venstre), soner n\u00e5 en dom p\u00e5 45 \u00e5rs fengsel i USA.  Foto: CPPO \/ AP \/ NTB\" class=\"_image_qp4xg_65 layout-component layout-wide\" data-fullscreen- data-track-element-type=\"Article image fullscreen\" data-track-name=\"ImageFullscreen\" fetchpriority=\"high\" decoding=\"sync\" loading=\"eager\" height=\"3840\" itemprop=\"image\"  src=\"https:\/\/www.europesays.com\/no\/wp-content\/uploads\/2025\/12\/b27d40e1-9897-4b01-a2b8-7ca5b0ab45a1\"  style=\"object-position:0% 0%\" width=\"5760\"\/>Den h\u00f8yreorienterte EGC-militsen i Colombia har undertegnet avtale med regjeringen i landet. Militsen er dypt involvert i narkotikaproduksjon og smugling, og lederen Dairo Antonio Usuga (nummer tre fra venstre), soner n\u00e5 en dom p\u00e5 45 \u00e5rs fengsel i USA.  Foto: CPPO \/ AP \/ NTB<\/p>\n<ul aria-hidden=\"true\" class=\"_images_ntbth_112\">\n<li><a class=\"_link_ntbth_117\" href=\"https:\/\/www.vg.no\/forfatter\/ntb\" style=\"z-index:1\" title=\"NTB\" rel=\"nofollow noopener\" target=\"_blank\"><img alt=\"Bilde av NTB\" class=\"_image_ntbth_93\" fetchpriority=\"low\" loading=\"lazy\" decoding=\"async\" itemprop=\"image\"  src=\"https:\/\/www.europesays.com\/no\/wp-content\/uploads\/2025\/12\/1764954249_917_c33980b0-5d07-4027-84a1-813f90a7c8d6\"  width=\"480\"\/><\/a><\/li>\n<\/ul>\n<p> Oppdatert fredag 5. desember kl. 17:25     <\/p>\n<p class=\"_paragraph_o9xde_4 _paragraph_xtcu6_10 layout-component text-serif-m layout-normal text-serif-m layout-padded\">Avtalen mellom den colombianske regjeringen og Ej\u00e9rcito Gaitanista de <a href=\"https:\/\/www.vg.no\/tag\/colombia?utm_source=vg-article&amp;utm_medium=auto-tagger&amp;utm_campaign=QJl7W4\" class=\"_link_o9xde_39\" rel=\"nofollow noopener\" target=\"_blank\">Colombia<\/a> (EGC), som ogs\u00e5 er kjent som Golf-klanen, ble undertegnet i Qatar fredag. <\/p>\n<p class=\"_paragraph_o9xde_4 _paragraph_xtcu6_10 layout-component text-serif-m layout-normal text-serif-m layout-padded\">Norge har p\u00e5 foresp\u00f8rsel fra partene hatt en formell rolle som megler i forhandlingene, sammen med Qatar, Spania og Sveits.<\/p>\n<p class=\"_paragraph_o9xde_4 _paragraph_xtcu6_10 layout-component text-serif-m layout-normal text-serif-m layout-padded\">Til stede under undertegningen var statssekret\u00e6r i Utenriksdepartementet, Andreas Motzfeldt Kravik (Ap).<\/p>\n<p class=\"_paragraph_o9xde_4 _paragraph_xtcu6_10 layout-component text-serif-m layout-normal text-serif-m layout-padded\">\u2013 Dette er et rammeverk for en fredsavtale, sier han til NTB.<\/p>\n<p class=\"_paragraph_o9xde_4 _paragraph_xtcu6_10 layout-component text-serif-m layout-normal text-serif-m layout-padded\">\u2013 Det er mye som gjenst\u00e5r f\u00f8r denne gruppen er helt reintegrert i samfunnet, det er mye risiko og mange utfordringer. Men begge parter omtaler dette som historisk og et viktig skritt p\u00e5 veien mot endelig fred, sier Kravik.<\/p>\n<p>Kokain-kartell<\/p>\n<p class=\"_paragraph_o9xde_4 _paragraph_xtcu6_10 layout-component text-serif-m layout-normal text-serif-m layout-padded\"> Den colombianske militsens tidligere leder Dairo Antonio \u00dasuga, kjent som Otoniel, ble p\u00e5grepet i 2021 og utlevert til USA \u00e5ret etter. Der soner han n\u00e5 en <a href=\"https:\/\/edition.cnn.com\/2023\/08\/08\/us\/otoniel-dairo-antonio-usuga-david-sentence-prison\" class=\"_link_o9xde_39\" rel=\"nofollow noopener\" target=\"_blank\">dom p\u00e5 45 \u00e5rs fengsel<\/a> for narkotikasmugling.<\/p>\n<p><img alt=\"EGC-militsen i Colombia er en etterkommer etter den halvmilit\u00e6re AUC-militsen, som samarbeidet tett med landets regjeringsh\u00e6r i jakten p\u00e5 venstreorientert gerilja under borgerkrigen i landet.   Foto: AP \/ NTB\" class=\"_image_qp4xg_65 layout-component layout-normal\" data-fullscreen- data-track-element-type=\"Article image fullscreen\" data-track-name=\"ImageFullscreen\" decoding=\"async\" loading=\"lazy\" height=\"1338\" itemprop=\"image\"  src=\"https:\/\/www.europesays.com\/no\/wp-content\/uploads\/2025\/12\/938d37cb-3033-4481-bac9-d6fc1c77bbc5\"  style=\"object-position:0% 0%\" width=\"2000\"\/>EGC-militsen i Colombia er en etterkommer etter den halvmilit\u00e6re AUC-militsen, som samarbeidet tett med landets regjeringsh\u00e6r i jakten p\u00e5 venstreorientert gerilja under borgerkrigen i landet.   Foto: AP \/ NTB<\/p>\n<p class=\"_paragraph_o9xde_4 _paragraph_xtcu6_10 layout-component text-serif-m layout-normal text-serif-m layout-padded\">\u2013 Otoniel ledet en av verdens st\u00f8rste kokainkartell og styrte eksporten av enorme mengder kokain til USA. <\/p>\n<p class=\"_paragraph_o9xde_4 _paragraph_xtcu6_10 layout-component text-serif-m layout-normal text-serif-m layout-padded\">Han beordret ogs\u00e5 hensynsl\u00f8se henrettelser av colombiansk politi, milit\u00e6re tjenestemenn og sivile, sa USAs dav\u00e6rende justisminister Merrick Garland i en kommentar til dommen.<\/p>\n<p>\u2013 Betydelig kapasitet<\/p>\n<p class=\"_paragraph_o9xde_4 _paragraph_xtcu6_10 layout-component text-serif-m layout-normal text-serif-m layout-padded\">ECG ledes i dag av Jobanis de Jes\u00fas \u00c1vila Villadiego, kjent som Chiquito Malo. Det var han som \u00e5pnet for forhandlinger med president Gustavo Petro.<\/p>\n<p><img alt=\"Colombiansk politi viser fram kokainpakker beslaglagt under en aksjon mot EGC-militsens omr\u00e5de i delstaten Choco i 2015.   Foto: AP \/ NTB\" class=\"_image_qp4xg_65 layout-component layout-normal\" data-fullscreen- data-track-element-type=\"Article image fullscreen\" data-track-name=\"ImageFullscreen\" decoding=\"async\" loading=\"lazy\" height=\"3046\" itemprop=\"image\"  src=\"https:\/\/www.europesays.com\/no\/wp-content\/uploads\/2025\/12\/613c11a4-0db8-45aa-b75d-dad7eccf600a\"  style=\"object-position:0% 0%\" width=\"5408\"\/>Colombiansk politi viser fram kokainpakker beslaglagt under en aksjon mot EGC-militsens omr\u00e5de i delstaten Choco i 2015.   Foto: AP \/ NTB<\/p>\n<p class=\"_paragraph_o9xde_4 _paragraph_xtcu6_10 layout-component text-serif-m layout-normal text-serif-m layout-padded\"> Militsen antas \u00e5 best\u00e5 av mellom 8.000 og 15.000 bev\u00e6pnede medlemmer og skal ogs\u00e5 v\u00e6re involvert i ulovlig gruvedrift og annen kriminell virksomhet i Colombia. <\/p>\n<p class=\"_paragraph_o9xde_4 _paragraph_xtcu6_10 layout-component text-serif-m layout-normal text-serif-m layout-padded\">\u2013 Dette er en gruppe som har kontrollert deler av colombiansk territorium, som har hatt betydelig milit\u00e6r kapasitet og betydelige illegale aktiviteter, sier Kravik.<\/p>\n<p>\u2013 Dominerende<\/p>\n<p class=\"_paragraph_o9xde_4 _paragraph_xtcu6_10 layout-component text-serif-m layout-normal text-serif-m layout-padded\"> If\u00f8lge tankesmia Insight <a href=\"https:\/\/insightcrime.org\/colombia-organized-crime-news\/urabenos-profile\/\" class=\"_link_o9xde_39\" rel=\"nofollow noopener\" target=\"_blank\">Crime<\/a>, som overv\u00e5ker organisert kriminell virksomhet i Latin-Amerika, er ECG i dag \u00aben dominerende kriminell gruppe\u00bb i Colombia, med b\u00e5nd b\u00e5de til Sinaloa-kartellet i Mexico, \u2018Ndrangheta-mafiaen i Italia og andre kriminelle nettverk i Europa. <\/p>\n<p class=\"_paragraph_o9xde_4 _paragraph_xtcu6_10 layout-component text-serif-m layout-normal text-serif-m layout-padded\">\u2013 De er hovedsakelig involvert i grenseoverskridende narkotikahandel. Gruppen kontrollerer territorier hvor de regulerer eller styrer markedet for produksjon av kokapasta, og de overv\u00e5ker forsendelser langs smuglerruter, if\u00f8lge Insight Crime. <\/p>\n<p><img alt=\"Statssekret\u00e6r Andreas Motzfeldt Kravik (Ap) var til stede da representanter for Colombias regjering og den h\u00f8yreorienterte EGC-militsen undertegnet en avtale i Doha i Qatar fredag.   Foto: Annika Byrde \/ NTB\" class=\"_image_qp4xg_65 layout-component layout-normal\" data-fullscreen- data-track-element-type=\"Article image fullscreen\" data-track-name=\"ImageFullscreen\" decoding=\"async\" loading=\"lazy\" height=\"3573\" itemprop=\"image\"  src=\"https:\/\/www.europesays.com\/no\/wp-content\/uploads\/2025\/12\/509bc88f-adf1-455e-81c4-51bac87bace7\"  style=\"object-position:0% 0%\" width=\"5359\"\/>Statssekret\u00e6r Andreas Motzfeldt Kravik (Ap) var til stede da representanter for Colombias regjering og den h\u00f8yreorienterte EGC-militsen undertegnet en avtale i Doha i Qatar fredag.   Foto: Annika Byrde \/ NTB<\/p>\n<p class=\"_paragraph_o9xde_4 _paragraph_xtcu6_10 layout-component text-serif-m layout-normal text-serif-m layout-padded\">Kravik erkjenner at det kan bli vanskelig \u00e5 f\u00e5 militsmedlemmene til \u00e5 gi slipp p\u00e5 den innbringende kokaintrafikken. <\/p>\n<p class=\"_paragraph_o9xde_4 _paragraph_xtcu6_10 layout-component text-serif-m layout-normal text-serif-m layout-padded\">\u2013 Men en forutsetning for \u00e5 komme videre er at de g\u00e5r med p\u00e5 \u00e5 innstille denne typen kriminell aktivitet. For \u00e5 f\u00e5 til det s\u00e5 m\u00e5 de tilbys alternative leveveier, og det er det som diskuteres i dette avtaleverket, sier Kravik. \u2013 S\u00e5 m\u00e5 det v\u00e6re opp til partene selv \u00e5 finne en l\u00f8sning, legger han til.<\/p>\n<p>Samarbeidet med h\u00e6ren<\/p>\n<p class=\"_paragraph_o9xde_4 _paragraph_xtcu6_10 layout-component text-serif-m layout-normal text-serif-m layout-padded\">ECG ble etablert i 2006, men forl\u00f8peren Autodefensas Unidas de Colombia (AUC) var en av flere sterkt h\u00f8yreorienterte militser som under den over 50 \u00e5r lange borgerkrigen samarbeidet tett med regjeringsh\u00e6ren i kampen mot venstreorienterte geriljagrupper og deres antatte sympatis\u00f8rer.<\/p>\n<p class=\"_paragraph_o9xde_4 _paragraph_xtcu6_10 layout-component text-serif-m layout-normal text-serif-m layout-padded\"> If\u00f8lge landets sannhetskommisjon <a href=\"https:\/\/www.voanews.com\/a\/colombia-truth-commission-gives-scathing-report-on-civil-war-\/6637556.html\" class=\"_link_o9xde_39\" rel=\"nofollow noopener\" target=\"_blank\">kostet krigen minst 450.000 liv<\/a> og drev over 7 millioner mennesker p\u00e5 flukt. <\/p>\n<p class=\"_paragraph_o9xde_4 _paragraph_xtcu6_10 layout-component text-serif-m layout-normal text-serif-m layout-padded\"> Militsene samarbeidet i mange \u00e5r tett med rike jordeiere, opererte if\u00f8lge <a href=\"https:\/\/www.amnesty.org\/en\/documents\/amr23\/001\/1994\/en\/\" class=\"_link_o9xde_39\" rel=\"nofollow noopener\" target=\"_blank\">Amnesty International<\/a> og andre regul\u00e6re d\u00f8dsskvadroner og var dypt involvert i narkotikaproduksjon og smugling. <\/p>\n<p class=\"_paragraph_o9xde_4 _paragraph_xtcu6_10 layout-component text-serif-m layout-normal text-serif-m layout-padded\">N\u00e6rmere 40 prosent av alle sivile som ble drept under borgerkrigen, ble if\u00f8lge kommisjonen drept av de h\u00f8yreorienterte militsgruppene.<\/p>\n<p class=\"_paragraph_o9xde_4 _paragraph_xtcu6_10 layout-component text-serif-m layout-normal text-serif-m layout-padded\">\u2013 Det er ingen tvil om at denne avtalen vil v\u00e6re kontroversiell i deler av den colombianske befolkningen, for enkelte vil \u00f8nske at disse blir straffet. Men mange ser ogs\u00e5 p\u00e5 det som en mulighet for \u00e5 komme over i et politisk spor, sier Kravik.<\/p>\n","protected":false},"excerpt":{"rendered":"Colombia har undertegnet en avtale med den h\u00f8yreorienterte EGC-militsen, en av landets st\u00f8rste narkotikabander. Norge har v\u00e6rt megler&hellip;\n","protected":false},"author":2,"featured_media":105209,"comment_status":"","ping_status":"","sticky":false,"template":"","format":"standard","meta":{"footnotes":""},"categories":[12],"tags":[20,21,2823,24,25,15,22,23,13,30,28,29,14,16,26,27,1572,42,43,44,45],"class_list":{"0":"post-105208","1":"post","2":"type-post","3":"status-publish","4":"format-standard","5":"has-post-thumbnail","7":"category-verden","8":"tag-breaking-news","9":"tag-breakingnews","10":"tag-colombia","11":"tag-featured-news","12":"tag-featurednews","13":"tag-headlines","14":"tag-latest-news","15":"tag-latestnews","16":"tag-news","17":"tag-no","18":"tag-norge","19":"tag-norway","20":"tag-nyheter","21":"tag-overskrifter","22":"tag-top-stories","23":"tag-topstories","24":"tag-utenrikspolitikk","25":"tag-verden","26":"tag-world","27":"tag-world-news","28":"tag-worldnews"},"share_on_mastodon":{"url":"https:\/\/pubeurope.com\/@no\/115668049417722484","error":""},"_links":{"self":[{"href":"https:\/\/www.europesays.com\/no\/wp-json\/wp\/v2\/posts\/105208","targetHints":{"allow":["GET"]}}],"collection":[{"href":"https:\/\/www.europesays.com\/no\/wp-json\/wp\/v2\/posts"}],"about":[{"href":"https:\/\/www.europesays.com\/no\/wp-json\/wp\/v2\/types\/post"}],"author":[{"embeddable":true,"href":"https:\/\/www.europesays.com\/no\/wp-json\/wp\/v2\/users\/2"}],"replies":[{"embeddable":true,"href":"https:\/\/www.europesays.com\/no\/wp-json\/wp\/v2\/comments?post=105208"}],"version-history":[{"count":0,"href":"https:\/\/www.europesays.com\/no\/wp-json\/wp\/v2\/posts\/105208\/revisions"}],"wp:featuredmedia":[{"embeddable":true,"href":"https:\/\/www.europesays.com\/no\/wp-json\/wp\/v2\/media\/105209"}],"wp:attachment":[{"href":"https:\/\/www.europesays.com\/no\/wp-json\/wp\/v2\/media?parent=105208"}],"wp:term":[{"taxonomy":"category","embeddable":true,"href":"https:\/\/www.europesays.com\/no\/wp-json\/wp\/v2\/categories?post=105208"},{"taxonomy":"post_tag","embeddable":true,"href":"https:\/\/www.europesays.com\/no\/wp-json\/wp\/v2\/tags?post=105208"}],"curies":[{"name":"wp","href":"https:\/\/api.w.org\/{rel}","templated":true}]}}