{"id":105211,"date":"2025-12-05T17:08:19","date_gmt":"2025-12-05T17:08:19","guid":{"rendered":"https:\/\/www.europesays.com\/no\/105211\/"},"modified":"2025-12-05T17:08:19","modified_gmt":"2025-12-05T17:08:19","slug":"sport-nyhet-skistad-fiasko-en-stor-stor-overraskelse","status":"publish","type":"post","link":"https:\/\/www.europesays.com\/no\/105211\/","title":{"rendered":"Sport, Nyhet | Skistad-fiasko: \u2013 En stor, stor overraskelse"},"content":{"rendered":"\n<p>\u2013 Det er en stor, stor overraskelse. At det skulle v\u00e6re over allerede i kvartfinalen var det f\u00e5 som hadde sett for seg, sier NRK-ekspert Fredrik Aukland. <\/p>\n<p>Det ble imidlertid realiteten for Konnerud-jenta under fredagens verdenscupsprint i Trondheim. <\/p>\n<p>\u2013 Det var kjedelig. Jeg var ikke v\u00e5ken nok og ble sperret. Da g\u00e5r det som det g\u00e5r. Det er kjedelig, sier Skistad til NRK. <\/p>\n<p>I kvartfinalen havnet Skistad i en duell med prologvinner Jasmi Joensuu p\u00e5 oppl\u00f8pet. Den finske l\u00f8peren valgte det ytterste sporet, og da fikk ikke Skistad et eget spor \u00e5 spurte i. <\/p>\n<p>Hun havnet helt ute p\u00e5 kanten av l\u00f8ypa og m\u00e5tte p\u00e5 et tidspunkt hoppe over en l\u00f8ypemark\u00f8r. <\/p>\n<p>Tr\u00f8bbelet p\u00e5 oppl\u00f8pet gjorde at Skistad kom i m\u00e5l som nummer tre, og ettersom at tiden hennes ble sl\u00e5tt allerede i neste kvartfinale, var det over og ut for 26-\u00e5ringen.<\/p>\n<p>Skistad forteller at hun ikke s\u00e5 for seg \u00e5 havne i den situasjonen hun gjorde p\u00e5 oppl\u00f8pet. <\/p>\n<p>\u2013 Jeg har ikke noe \u00e5 skylde p\u00e5 egentlig. Jeg regnet bare ikke med at jeg skulle bli sperret inne der. Jeg tenkte ikke p\u00e5 den muligheten, og da gikk det som det gikk, sier hun. <\/p>\n<p>NRK-ekspertene er kritiske til hvordan Skistad l\u00f8ste oppl\u00f8pet og mener hun gjorde en taktisk bommert.<\/p>\n<p>\u2013 Jeg mener Skistad gj\u00f8r en risikabel vurdering. Hun undervurderer nok Joensuu ut av svingen der. Hun burde kanskje g\u00e5tt til h\u00f8yre tidligere og f\u00e5tt et ledig spor, sier Aukland. <\/p>\n<p>\u2013 Det var ett d\u00e5rlig valg, og s\u00e5 var hun ute, sier ekspert P\u00e5l Golberg.<\/p>\n","protected":false},"excerpt":{"rendered":"\u2013 Det er en stor, stor overraskelse. At det skulle v\u00e6re over allerede i kvartfinalen var det f\u00e5&hellip;\n","protected":false},"author":2,"featured_media":104952,"comment_status":"","ping_status":"","sticky":false,"template":"","format":"standard","meta":{"footnotes":""},"categories":[59],"tags":[36,398,30,28,29,447,83,82,1510],"class_list":{"0":"post-105211","1":"post","2":"type-post","3":"status-publish","4":"format-standard","5":"has-post-thumbnail","7":"category-sport","8":"tag-art","9":"tag-langrenn","10":"tag-no","11":"tag-norge","12":"tag-norway","13":"tag-nyhet","14":"tag-sport","15":"tag-sports","16":"tag-story"},"share_on_mastodon":{"url":"https:\/\/pubeurope.com\/@no\/115668064871248069","error":""},"_links":{"self":[{"href":"https:\/\/www.europesays.com\/no\/wp-json\/wp\/v2\/posts\/105211","targetHints":{"allow":["GET"]}}],"collection":[{"href":"https:\/\/www.europesays.com\/no\/wp-json\/wp\/v2\/posts"}],"about":[{"href":"https:\/\/www.europesays.com\/no\/wp-json\/wp\/v2\/types\/post"}],"author":[{"embeddable":true,"href":"https:\/\/www.europesays.com\/no\/wp-json\/wp\/v2\/users\/2"}],"replies":[{"embeddable":true,"href":"https:\/\/www.europesays.com\/no\/wp-json\/wp\/v2\/comments?post=105211"}],"version-history":[{"count":0,"href":"https:\/\/www.europesays.com\/no\/wp-json\/wp\/v2\/posts\/105211\/revisions"}],"wp:featuredmedia":[{"embeddable":true,"href":"https:\/\/www.europesays.com\/no\/wp-json\/wp\/v2\/media\/104952"}],"wp:attachment":[{"href":"https:\/\/www.europesays.com\/no\/wp-json\/wp\/v2\/media?parent=105211"}],"wp:term":[{"taxonomy":"category","embeddable":true,"href":"https:\/\/www.europesays.com\/no\/wp-json\/wp\/v2\/categories?post=105211"},{"taxonomy":"post_tag","embeddable":true,"href":"https:\/\/www.europesays.com\/no\/wp-json\/wp\/v2\/tags?post=105211"}],"curies":[{"name":"wp","href":"https:\/\/api.w.org\/{rel}","templated":true}]}}