{"id":105214,"date":"2025-12-05T17:16:09","date_gmt":"2025-12-05T17:16:09","guid":{"rendered":"https:\/\/www.europesays.com\/no\/105214\/"},"modified":"2025-12-05T17:16:09","modified_gmt":"2025-12-05T17:16:09","slug":"ulykker-og-hendelser-are-tre-dodsulykker-i-ar-tragisk-tronder-avisa","status":"publish","type":"post","link":"https:\/\/www.europesays.com\/no\/105214\/","title":{"rendered":"Ulykker og hendelser, \u00c5re | Tre d\u00f8dsulykker i \u00e5r: \u2013 Tragisk &#8211; Tr\u00f8nder-Avisa"},"content":{"rendered":"<ol>\n<li><a href=\"https:\/\/news.google.com\/rss\/articles\/CBMicEFVX3lxTE0xZ2VRd1FSdWlsMmVkcnAxX0R1LUVLcUtud3gzU0hQVlYxZ3p0cFJoZ0tuYVA5Vzd4eFhmWU1veTVXVmZJRkFzdFQwNE51Y29sV2JoY2wtSkhCMUwtRUtvc3EyX1d1RkNpemxVV3NKVnE?oc=5\" target=\"_blank\" rel=\"nofollow noopener\">Ulykker og hendelser, \u00c5re | Tre d\u00f8dsulykker i \u00e5r: \u2013 Tragisk<\/a>&nbsp;&nbsp;Tr\u00f8nder-Avisa<\/li>\n<li><a href=\"https:\/\/news.google.com\/rss\/articles\/CBMisAFBVV95cUxNRVhsY3RfdWM5cHpkOVVTU3BVMElXZHRDUEZXa0RUMWprRnVVb0Jqa2NOVHYzc01lQjB4RU9PRm9ZTEt4RWpKQW1UZGxoS3BDRTAwZVV4VHV1WVc2YktoVW5UWE9kWW1sMGJDS1lTU0ZxUXJlUllrQm91UGoxVFBWaXlJX25aN1c4M0I4dTc5SGkzUG5fZ1FNcHZaSS1jelhzWjVLcHI0S2RVaDAxdHEwYQ?oc=5\" target=\"_blank\" rel=\"nofollow noopener\">Avkrefter rykter: \u2013 Bare en forferdelig og tragisk ulykke<\/a>&nbsp;&nbsp;bladet.no<\/li>\n<li><a href=\"https:\/\/news.google.com\/rss\/articles\/CBMigwFBVV95cUxQRW9fYmY3TVpXNDZaX2xxbmR4WmZMYlJYcU9LSFhocUVUODlVcVlYYWpJaEF4Y250MWFRcWhsMW1tU2Q5SHpkSG9QZjRSUnppV3NHTVA0SVlBNEdlNm9uM3hWdXEwSFRoUDZuc194aElETGxHbUpVLUZWb2d3V1dtR1ltOA?oc=5\" target=\"_blank\" rel=\"nofollow noopener\">Livstruende skadd i alpinbakken i \u00c5re<\/a>&nbsp;&nbsp;NRK<\/li>\n<li><a href=\"https:\/\/news.google.com\/rss\/articles\/CBMihwFBVV95cUxOZmZMUUs3OEwxUE1yZlluY1AxbDNrRFVncDdaR1BYcFo5U0hHZ2tINm5PeXU1QU1ZZ0FZZUFKQi1uUEptOTA1TGpkU29tRjVGQ3VsSkpyS2F0UXZEZWVUVlZUaHlyT0ZQVW9obWdjMXliUjBlc0w5WWN4SjZLdDBuTDJHNTRLTGM?oc=5\" target=\"_blank\" rel=\"nofollow noopener\">Mann d\u00f8d etter ulykke i skibakke i \u00c5re<\/a>&nbsp;&nbsp;adressa.no<\/li>\n<li><a href=\"https:\/\/news.google.com\/rss\/articles\/CBMiqwFBVV95cUxQX3VBd0pPRWkyQ0Y5eWFSWlB4Rnhhd1hGSFRQdHR1Ujd0MlRRY1lSNnlVRTdvQU9KMUFJUzI0eUdRS0ZKYlRIR0FRaXp1b3RyVVYzbU1pMW5heEtROG04bWF3dmdOaE5CUnBSQUd3VjRndjZxYVAxdkRCR2paVGNzNlNuMjFFVEx6dlJ0bXJCRmNwQ2V3ZHBRYnpaNGEyVnVTc1VrSWVSWWZNMGs?oc=5\" target=\"_blank\" rel=\"nofollow noopener\">Mann bekreftet omkommet i skiulykke i \u00c5re<\/a>&nbsp;&nbsp;innherred.no<\/li>\n<\/ol>\n","protected":false},"excerpt":{"rendered":"Ulykker og hendelser, \u00c5re | Tre d\u00f8dsulykker i \u00e5r: \u2013 Tragisk&nbsp;&nbsp;Tr\u00f8nder-Avisa Avkrefter rykter: \u2013 Bare en forferdelig og&hellip;\n","protected":false},"author":2,"featured_media":105215,"comment_status":"","ping_status":"","sticky":false,"template":"","format":"standard","meta":{"footnotes":""},"categories":[12],"tags":[20,21,24,25,15,22,23,13,30,28,29,14,16,26,27,42,43,44,45],"class_list":{"0":"post-105214","1":"post","2":"type-post","3":"status-publish","4":"format-standard","5":"has-post-thumbnail","7":"category-verden","8":"tag-breaking-news","9":"tag-breakingnews","10":"tag-featured-news","11":"tag-featurednews","12":"tag-headlines","13":"tag-latest-news","14":"tag-latestnews","15":"tag-news","16":"tag-no","17":"tag-norge","18":"tag-norway","19":"tag-nyheter","20":"tag-overskrifter","21":"tag-top-stories","22":"tag-topstories","23":"tag-verden","24":"tag-world","25":"tag-world-news","26":"tag-worldnews"},"share_on_mastodon":{"url":"https:\/\/pubeurope.com\/@no\/115668096399024893","error":""},"_links":{"self":[{"href":"https:\/\/www.europesays.com\/no\/wp-json\/wp\/v2\/posts\/105214","targetHints":{"allow":["GET"]}}],"collection":[{"href":"https:\/\/www.europesays.com\/no\/wp-json\/wp\/v2\/posts"}],"about":[{"href":"https:\/\/www.europesays.com\/no\/wp-json\/wp\/v2\/types\/post"}],"author":[{"embeddable":true,"href":"https:\/\/www.europesays.com\/no\/wp-json\/wp\/v2\/users\/2"}],"replies":[{"embeddable":true,"href":"https:\/\/www.europesays.com\/no\/wp-json\/wp\/v2\/comments?post=105214"}],"version-history":[{"count":0,"href":"https:\/\/www.europesays.com\/no\/wp-json\/wp\/v2\/posts\/105214\/revisions"}],"wp:featuredmedia":[{"embeddable":true,"href":"https:\/\/www.europesays.com\/no\/wp-json\/wp\/v2\/media\/105215"}],"wp:attachment":[{"href":"https:\/\/www.europesays.com\/no\/wp-json\/wp\/v2\/media?parent=105214"}],"wp:term":[{"taxonomy":"category","embeddable":true,"href":"https:\/\/www.europesays.com\/no\/wp-json\/wp\/v2\/categories?post=105214"},{"taxonomy":"post_tag","embeddable":true,"href":"https:\/\/www.europesays.com\/no\/wp-json\/wp\/v2\/tags?post=105214"}],"curies":[{"name":"wp","href":"https:\/\/api.w.org\/{rel}","templated":true}]}}