{"id":105241,"date":"2025-12-05T17:57:28","date_gmt":"2025-12-05T17:57:28","guid":{"rendered":"https:\/\/www.europesays.com\/no\/105241\/"},"modified":"2025-12-05T17:57:28","modified_gmt":"2025-12-05T17:57:28","slug":"leirfjord-trafikk-en-bil-har-kjort-av-veien","status":"publish","type":"post","link":"https:\/\/www.europesays.com\/no\/105241\/","title":{"rendered":"Leirfjord, Trafikk | En bil har kj\u00f8rt av veien"},"content":{"rendered":"\n<p>\u2013 Melding om trafikkuhell, hvor personbil har kj\u00f8rt ut av veien, melder operasjonsleder May Wenche Hansen i politiloggen klokken 22.04 torsdag.<\/p>\n<p>Uhellet har skjedd i en 80 sone i Leirfjord.<\/p>\n<p>Det er ikke meldt om alvorlig personskade og f\u00f8reren framst\u00e5r ikke som fysisk skadet. <\/p>\n<p>\u2013 Bilen ligger godt utenfor veien. Da det er 80 sone p\u00e5 stedes sendes det ambulanse dit, sier Hansen.<\/p>\n<p>Eier har selv bestilt bilberger. Det er mindre materielle skader p\u00e5 kj\u00f8ret\u00f8yet.<\/p>\n<p>Klokken 00.50 meldte politet at de hadde gjort sine unders\u00f8kerlser og avsluttet p\u00e5 stedet. <\/p>\n","protected":false},"excerpt":{"rendered":"\u2013 Melding om trafikkuhell, hvor personbil har kj\u00f8rt ut av veien, melder operasjonsleder May Wenche Hansen i politiloggen&hellip;\n","protected":false},"author":2,"featured_media":4133,"comment_status":"","ping_status":"","sticky":false,"template":"","format":"standard","meta":{"footnotes":""},"categories":[10],"tags":[36,20,21,24,25,15,22,23,2688,13,30,28,29,14,16,223,1510,26,27,224,1204],"class_list":{"0":"post-105241","1":"post","2":"type-post","3":"status-publish","4":"format-standard","5":"has-post-thumbnail","7":"category-norge","8":"tag-art","9":"tag-breaking-news","10":"tag-breakingnews","11":"tag-featured-news","12":"tag-featurednews","13":"tag-headlines","14":"tag-latest-news","15":"tag-latestnews","16":"tag-leirfjord","17":"tag-news","18":"tag-no","19":"tag-norge","20":"tag-norway","21":"tag-nyheter","22":"tag-overskrifter","23":"tag-samferdsel","24":"tag-story","25":"tag-top-stories","26":"tag-topstories","27":"tag-trafikk","28":"tag-ulykker"},"share_on_mastodon":{"url":"https:\/\/pubeurope.com\/@no\/115668257527256169","error":""},"_links":{"self":[{"href":"https:\/\/www.europesays.com\/no\/wp-json\/wp\/v2\/posts\/105241","targetHints":{"allow":["GET"]}}],"collection":[{"href":"https:\/\/www.europesays.com\/no\/wp-json\/wp\/v2\/posts"}],"about":[{"href":"https:\/\/www.europesays.com\/no\/wp-json\/wp\/v2\/types\/post"}],"author":[{"embeddable":true,"href":"https:\/\/www.europesays.com\/no\/wp-json\/wp\/v2\/users\/2"}],"replies":[{"embeddable":true,"href":"https:\/\/www.europesays.com\/no\/wp-json\/wp\/v2\/comments?post=105241"}],"version-history":[{"count":0,"href":"https:\/\/www.europesays.com\/no\/wp-json\/wp\/v2\/posts\/105241\/revisions"}],"wp:featuredmedia":[{"embeddable":true,"href":"https:\/\/www.europesays.com\/no\/wp-json\/wp\/v2\/media\/4133"}],"wp:attachment":[{"href":"https:\/\/www.europesays.com\/no\/wp-json\/wp\/v2\/media?parent=105241"}],"wp:term":[{"taxonomy":"category","embeddable":true,"href":"https:\/\/www.europesays.com\/no\/wp-json\/wp\/v2\/categories?post=105241"},{"taxonomy":"post_tag","embeddable":true,"href":"https:\/\/www.europesays.com\/no\/wp-json\/wp\/v2\/tags?post=105241"}],"curies":[{"name":"wp","href":"https:\/\/api.w.org\/{rel}","templated":true}]}}