{"id":105248,"date":"2025-12-05T18:10:19","date_gmt":"2025-12-05T18:10:19","guid":{"rendered":"https:\/\/www.europesays.com\/no\/105248\/"},"modified":"2025-12-05T18:10:19","modified_gmt":"2025-12-05T18:10:19","slug":"pernilla-wahlgren-ble-tatt-pa-sengen","status":"publish","type":"post","link":"https:\/\/www.europesays.com\/no\/105248\/","title":{"rendered":"Pernilla Wahlgren ble tatt p\u00e5 sengen:"},"content":{"rendered":"<p class=\"kicker \" style=\"\">Pernilla Wahlgren:<\/p>\n<p>  Artisten ble tatt p\u00e5 sengen da hun m\u00e5tte svare om en straffed\u00f8mt slektning i SVT-programmet \u00abFr\u00e5gan \u00e4r fri\u00bb.<\/p>\n<p>\n    TATT P\u00c5 SENGEN: Pernilla Wahlgren s\u00e5 ut til \u00e5 bli sv\u00e6rt ukomfortabel da hun fikk et sp\u00f8rsm\u00e5l om en straffed\u00f8mt slektning. Foto: Skjermdump \/ SVT\n  <\/p>\n<p>Denne uken er det Pernilla Wahlgren (57) som gjester SVT-programmet \u00abFr\u00e5gan \u00e4r fri\u00bb, hvor en rekke kjendiser blir intervjuet av personer p\u00e5 autismespekteret eller med intellektuell funksjonsvariasjon.<\/p>\n<p>    <a itemprop=\"url\" href=\"https:\/\/www.seher.no\/kjendis\/vekker-oppsikt-med-nytt-bilde\/83923870\" rel=\"nofollow noopener\" target=\"_blank\"><\/p>\n<p>      <img loading=\"lazy\" decoding=\"async\" src=\"https:\/\/www.europesays.com\/no\/wp-content\/uploads\/2025\/12\/1764958216_399_83923974.webp\" width=\"980\" height=\"441\" title=\"Vekker oppsikt med nytt bilde\" alt=\"\" class=\"lazyload\" style=\"--aspect-ratio-image: 2.22; \"\/><\/p>\n<p>        Vekker oppsikt med nytt bilde<\/p>\n<p>    <\/a><\/p>\n<p class=\"font-weight-bold m-font-weight-bold\" data-lab-font_weight=\"font-weight-bold\">Men intervjuet ble ikke helt som forventet. Det som skulle v\u00e6re en \u00e5pen og ufiltrert samtale, ble avbrutt av et sp\u00f8rsm\u00e5l som traff et s\u00e5rt punkt. Det skriver <a href=\"https:\/\/www.expressen.se\/noje\/pernilla-wahlgren-stalld-av-fragan-i-svts-fragan-ar-fri\/\" class=\"\" rel=\"nofollow noopener\" target=\"_blank\">Expressen<\/a>.\u00a0<\/p>\n<p>Artisten s\u00e5 ut til \u00e5 bli sv\u00e6rt ukomfortabel da hun ble spurt om en slektning, som er tidligere straffed\u00f8mt. B\u00e5de navnet og hva personen er d\u00f8mt for ble nevnt i programmet.<\/p>\n<p>        NY SESONG: \u00abAlle elsker David\u00bb gj\u00f8r endringer i sin syvende sesong. Video: TV 2\/ Danny Son Ngoc To \/ Thea Hope\/ R\u00f8d L\u00f8per<\/p>\n<p>Slektningen har ikke tidligere blitt navngitt som kriminell av SVT.<\/p>\n<p>P\u00e5 sp\u00f8rsm\u00e5l om Wahlgren st\u00f8ttet vedkommende da han begikk den straffbare handlingen, svarer hun f\u00f8lgende i episoden:\u00a0<\/p>\n<p class=\"font-weight-bold m-font-weight-bold\" data-lab-font_weight=\"font-weight-bold\">&#8211; Ja, jeg st\u00f8tter folk i min familie uansett, s\u00e5 lenge de ikke skader noen eller gj\u00f8r noe fryktelig. Men iblant n\u00e5r det skjer vanskelige ting i en familie, kan det ogs\u00e5 v\u00e6re viktig at man finnes der for hverandre, og ikke st\u00f8ter bort personen.\u00a0<\/p>\n<p>          <img loading=\"lazy\" decoding=\"async\" src=\"https:\/\/www.europesays.com\/no\/wp-content\/uploads\/2025\/12\/83933129.webp\" width=\"686\" height=\"522\" title=\"BELASTENDE: Pernilla Wahlgren ville helst unng\u00e5 \u00e5 snakke om slektningen sin, og la ikke skjul p\u00e5 at det har v\u00e6rt belastende for henne. Foto: Skjermdump \/ SVT\" alt=\"\" class=\"\" style=\"--aspect-ratio-image: 1.31; \"\/><\/p>\n<p>\n          BELASTENDE: Pernilla Wahlgren ville helst unng\u00e5 \u00e5 snakke om slektningen sin, og la ikke skjul p\u00e5 at det har v\u00e6rt belastende for henne. Foto: Skjermdump \/ SVT\n      <\/p>\n<p>Overfor Expressen innr\u00f8mmer 57-\u00e5ringen at \u00f8yeblikket ble en p\u00e5kjenning for henne.\u00a0<\/p>\n<p>    <a itemprop=\"url\" href=\"https:\/\/www.seher.no\/kjendis\/na-er-det-slutt\/83931607\" rel=\"nofollow noopener\" target=\"_blank\"><\/p>\n<p>      <img loading=\"lazy\" decoding=\"async\" src=\"https:\/\/www.europesays.com\/no\/wp-content\/uploads\/2025\/12\/1764958219_293_83931598.webp\" width=\"980\" height=\"441\" title=\"N\u00e5 er det slutt\" alt=\"\" class=\"lazyload\" style=\"--aspect-ratio-image: 2.22; \"\/><\/p>\n<p>        N\u00e5 er det slutt<\/p>\n<p>    <\/a><\/p>\n<p class=\"font-weight-normal m-font-weight-normal\" data-lab-font_weight=\"font-weight-normal\">\u00abSelvf\u00f8lgelig \u00f8nsket jeg ikke \u00e5 ta dette opp da det river opp gamle s\u00e5r &#8211; og skaper mye oppstyr. Dette skjedde for flere \u00e5r siden, og det har v\u00e6rt veldig belastende for meg\u00bb, skriver hun i en SMS.\u00a0<\/p>\n<p>Expressen har fors\u00f8kt \u00e5 f\u00e5 en kommentar fra den aktuelle slektningen, men har i skrivende stund ikke f\u00e5tt svar p\u00e5 sine henvendelser.\u00a0<\/p>\n<p>        ENDRING: Flere av kongehusets \u00f8vrige medlemmer er ikke \u00e5 finne i skattelistene, men det vil de v\u00e6re til neste \u00e5r. Video: Silja Furset\/ Thea Hope\/ R\u00f8d L\u00f8per<\/p>\n<p>Prosjektleder for programmet, Hordokht Moravejzadeh, forsvarer valget om \u00e5 navngi Wahlgrens slektning.<\/p>\n<p class=\"font-weight-bold m-font-weight-bold\" data-lab-font_weight=\"font-weight-bold\">&#8211; Det var reporterne som var nysgjerrige og ville stille sp\u00f8rsm\u00e5lene. Vi ans\u00e5 i alle fall at det var s\u00e5pass viktig at reporterne fikk stille sine sp\u00f8rsm\u00e5l rett ut. Ufiltrert, sier hun til Expressen.<\/p>\n<p>    <a itemprop=\"url\" href=\"https:\/\/www.seher.no\/kjendis\/ser-du-hvem-dette-er\/83925285\" rel=\"nofollow noopener\" target=\"_blank\"><\/p>\n<p>      <img loading=\"lazy\" decoding=\"async\" src=\"https:\/\/www.europesays.com\/no\/wp-content\/uploads\/2025\/12\/1764958219_599_83925263.webp\" width=\"147\" height=\"98\" title=\"Ser du hvem dette er?\" alt=\"\" class=\"lazyload\" style=\"--aspect-ratio-image: 1.50; \"\/><\/p>\n<p>        Ser du hvem dette er?<\/p>\n<p>    <\/a><\/p>\n<p> Hun fortsetter:<\/p>\n<p class=\"\">&#8211; N\u00e5 valgte vi \u00e5 sp\u00f8rre henne. Eller reporterne gjorde jo det. Det var noe de var nysgjerrige p\u00e5 og ville vite og forst\u00e5. Og det har de all rett til \u00e5 gj\u00f8re. Og s\u00e5 kan jo Pernilla svare som hun vil, selvf\u00f8lgelig.<\/p>\n","protected":false},"excerpt":{"rendered":"Pernilla Wahlgren: Artisten ble tatt p\u00e5 sengen da hun m\u00e5tte svare om en straffed\u00f8mt slektning i SVT-programmet \u00abFr\u00e5gan&hellip;\n","protected":false},"author":2,"featured_media":105249,"comment_status":"","ping_status":"","sticky":false,"template":"","format":"standard","meta":{"footnotes":""},"categories":[58],"tags":[71,479,2543,30,28,29,4013,5322,72],"class_list":{"0":"post-105248","1":"post","2":"type-post","3":"status-publish","4":"format-standard","5":"has-post-thumbnail","7":"category-underholdning","8":"tag-entertainment","9":"tag-kjendis","10":"tag-kjendisdesken","11":"tag-no","12":"tag-norge","13":"tag-norway","14":"tag-pernilla-wahlgren","15":"tag-svt","16":"tag-underholdning"},"share_on_mastodon":{"url":"https:\/\/pubeurope.com\/@no\/115668309079525933","error":""},"_links":{"self":[{"href":"https:\/\/www.europesays.com\/no\/wp-json\/wp\/v2\/posts\/105248","targetHints":{"allow":["GET"]}}],"collection":[{"href":"https:\/\/www.europesays.com\/no\/wp-json\/wp\/v2\/posts"}],"about":[{"href":"https:\/\/www.europesays.com\/no\/wp-json\/wp\/v2\/types\/post"}],"author":[{"embeddable":true,"href":"https:\/\/www.europesays.com\/no\/wp-json\/wp\/v2\/users\/2"}],"replies":[{"embeddable":true,"href":"https:\/\/www.europesays.com\/no\/wp-json\/wp\/v2\/comments?post=105248"}],"version-history":[{"count":0,"href":"https:\/\/www.europesays.com\/no\/wp-json\/wp\/v2\/posts\/105248\/revisions"}],"wp:featuredmedia":[{"embeddable":true,"href":"https:\/\/www.europesays.com\/no\/wp-json\/wp\/v2\/media\/105249"}],"wp:attachment":[{"href":"https:\/\/www.europesays.com\/no\/wp-json\/wp\/v2\/media?parent=105248"}],"wp:term":[{"taxonomy":"category","embeddable":true,"href":"https:\/\/www.europesays.com\/no\/wp-json\/wp\/v2\/categories?post=105248"},{"taxonomy":"post_tag","embeddable":true,"href":"https:\/\/www.europesays.com\/no\/wp-json\/wp\/v2\/tags?post=105248"}],"curies":[{"name":"wp","href":"https:\/\/api.w.org\/{rel}","templated":true}]}}