{"id":105254,"date":"2025-12-05T18:22:39","date_gmt":"2025-12-05T18:22:39","guid":{"rendered":"https:\/\/www.europesays.com\/no\/105254\/"},"modified":"2025-12-05T18:22:39","modified_gmt":"2025-12-05T18:22:39","slug":"nordlysfestivalen-kultur-nordlysfestivalen-slar-pa-stortromma","status":"publish","type":"post","link":"https:\/\/www.europesays.com\/no\/105254\/","title":{"rendered":"Nordlysfestivalen, Kultur | Nordlysfestivalen sl\u00e5r p\u00e5 stortromma"},"content":{"rendered":"\n<p><b>Fredag 6. februar inviterer Nordlysfestivalen og G\u00e1isi spr\u00e5ksenter til S\u00e1mi Guovssahasidja \u2013 en samisk festaften p\u00e5 The Edge \u2013 der mote, historier, humor og musikk forenes til feiring av den samiske nasjonaldagen.<\/b><\/p>\n<p>Nina Erdahl er et kjent fjes for mange i Troms\u00f8. Hun har jobbet med samisk mote i tjue \u00e5r og er n\u00e5 klar for \u00e5 \u00e5pne festen p\u00e5 The Edge med sitt nyeste show. <\/p>\n<p>\u00c5se Kathrin Vuolab st\u00e5r blant annet bak den nye NRK-serien, Heajastallan \u2013 Bryllupsfesten, og vil by p\u00e5 historier som er b\u00e5de \u00e6rlige, gjenkjennelige og hylende morsomme.<\/p>\n<p>Stolt<\/p>\n<p>Hele Norges Isalill Kolpus, kommer endelig tilbake p\u00e5 scenen i Troms\u00f8 med nytt materiale, mens Hild\u00e1 L\u00e4nsman &amp; Tuomas Norvio l\u00f8fter kvelden inn i et musikalsk univers som gir publikum muligheten til \u00e5 danse, le og gr\u00e5te om hverandre.<\/p>\n<p>\u2013 Vi er stolte over \u00e5 bidra s\u00e5 tydelig til feiringen av samisk kultur under Samisk uke i 2026. Det samiske perspektivet er en naturlig og viktig del av Nordlysfestivalens program, og i 2026 drar vi p\u00e5 litt ekstra, sier festivalsjef Sergej Schroeter i en pressemelding fredag.<\/p>\n<p>S\u00f8ndag 1. februar f\u00e5r vi en sjelden urpremiere n\u00e5r Andreas Fliflet presenterer sitt musikalske univers, Jienat, i helt ny form: Repertoaret har blitt orkestrert spesielt for Troms\u00f8 Storband, og skal urfremf\u00f8res p\u00e5 Hovedscenen 1. februar. <\/p>\n<p>Sammen med joikerne Anne Gro Gaup og Inger Johanne Oskal skapes et mektig musikalsk m\u00f8te mellom samisk tradisjon, improvisasjon og storbandtr\u00f8kk.<\/p>\n<p>Unike opplevelser<\/p>\n<p>Slippet byr ogs\u00e5 p\u00e5 flere unike konsertopplevelser: <\/p>\n<p>Vokal Nord fremf\u00f8rer finsk repertoar basert p\u00e5 Kalevala i Alfheim sv\u00f8mmehall, Hamid Sakhizadas musikk fra Afghanistan m\u00f8ter nordisk tradisjon og jazz i Fribyorkestret, Ensemble 4Femten markerer sitt 10-\u00e5rsjubileum med Murder Ballads and Dances i Mack Kjeller 4, mens Klubb Dagdr\u00f8nn inviterer hele familien til folkemusikkfest pp Lillescenen p\u00e5 Kulturhuset, l\u00f8rdag 7. Februar.<\/p>\n<p><b>Her er alle konsertene som lanseres i denne omgang:<\/b><\/p>\n<ul>\n<li>KALEVALA \u2013 VOKAL NORD \u2013 Finsk mystikk i sv\u00f8mmehallen (sredag 30. januar, kl. 21.00, Alfheim Sv\u00f8mmehall)<\/li>\n<li>JIENAT \u2013 TROMS\u00d8 STORBAND &amp; ANDREAS FLIFLET \u2013 en unik urpremiere (s\u00f8ndag 1. februar, kl. 20.00, Hovedscenen, Kulturhuset)<\/li>\n<li>KABUL \u2013 HAMID SAKHIZADA &amp; FRIBYORKESTERET \u2013 grensel\u00f8st samspill i regi av Arctic Pulse (mandag 2. februar, kl. 18.00, Lillescenen, Kulturhuset)<\/li>\n<li>MURDER BALLADS AND DANCES \u2013 Ensemble 4Femtens 10-\u00e5rs jubileum (torsdag 5. februar, kl. 22.00, Mack Kjeller 4)<\/li>\n<li>SA\u0301MI GUOVSSAHASIDJA \u2013 en samisk festaften (fredag 6. februar kl. 21.00, The Edge)<\/li>\n<li>KLUBB DAGDR\u00d8NN \u2013 Folkem\u00f8lje for hele familien (l\u00f8rdag 7. februar, kl.14.00 og 16.00 (REL\u00c6XT), Lillescenen, Kulturhuset)<\/li>\n<\/ul>\n","protected":false},"excerpt":{"rendered":"Fredag 6. februar inviterer Nordlysfestivalen og G\u00e1isi spr\u00e5ksenter til S\u00e1mi Guovssahasidja \u2013 en samisk festaften p\u00e5 The Edge&hellip;\n","protected":false},"author":2,"featured_media":105255,"comment_status":"","ping_status":"","sticky":false,"template":"","format":"standard","meta":{"footnotes":""},"categories":[58],"tags":[36,71,410,30,7175,28,29,1510,263,72],"class_list":{"0":"post-105254","1":"post","2":"type-post","3":"status-publish","4":"format-standard","5":"has-post-thumbnail","7":"category-underholdning","8":"tag-art","9":"tag-entertainment","10":"tag-kultur","11":"tag-no","12":"tag-nordlysfestivalen","13":"tag-norge","14":"tag-norway","15":"tag-story","16":"tag-tromso","17":"tag-underholdning"},"share_on_mastodon":{"url":"https:\/\/pubeurope.com\/@no\/115668355867110080","error":""},"_links":{"self":[{"href":"https:\/\/www.europesays.com\/no\/wp-json\/wp\/v2\/posts\/105254","targetHints":{"allow":["GET"]}}],"collection":[{"href":"https:\/\/www.europesays.com\/no\/wp-json\/wp\/v2\/posts"}],"about":[{"href":"https:\/\/www.europesays.com\/no\/wp-json\/wp\/v2\/types\/post"}],"author":[{"embeddable":true,"href":"https:\/\/www.europesays.com\/no\/wp-json\/wp\/v2\/users\/2"}],"replies":[{"embeddable":true,"href":"https:\/\/www.europesays.com\/no\/wp-json\/wp\/v2\/comments?post=105254"}],"version-history":[{"count":0,"href":"https:\/\/www.europesays.com\/no\/wp-json\/wp\/v2\/posts\/105254\/revisions"}],"wp:featuredmedia":[{"embeddable":true,"href":"https:\/\/www.europesays.com\/no\/wp-json\/wp\/v2\/media\/105255"}],"wp:attachment":[{"href":"https:\/\/www.europesays.com\/no\/wp-json\/wp\/v2\/media?parent=105254"}],"wp:term":[{"taxonomy":"category","embeddable":true,"href":"https:\/\/www.europesays.com\/no\/wp-json\/wp\/v2\/categories?post=105254"},{"taxonomy":"post_tag","embeddable":true,"href":"https:\/\/www.europesays.com\/no\/wp-json\/wp\/v2\/tags?post=105254"}],"curies":[{"name":"wp","href":"https:\/\/api.w.org\/{rel}","templated":true}]}}