{"id":105258,"date":"2025-12-05T18:26:34","date_gmt":"2025-12-05T18:26:34","guid":{"rendered":"https:\/\/www.europesays.com\/no\/105258\/"},"modified":"2025-12-05T18:26:34","modified_gmt":"2025-12-05T18:26:34","slug":"ikke-gi-barna-multivitamin","status":"publish","type":"post","link":"https:\/\/www.europesays.com\/no\/105258\/","title":{"rendered":"\u2013 Ikke gi barna multivitamin"},"content":{"rendered":"<p> \u2013 Foreldre risikerer \u00e5 forgifte sine barn n\u00e5r de<br \/>\ngir dem multivitamin. <\/p>\n<p>Det sier Susanne B\u00fcgel, professor i ern\u00e6ring ved K\u00f8benhavns<br \/>\nuniversitet, <a href=\"https:\/\/www.berlingske.dk\/vores-liv\/det-er-det-mest-populaere-kosttilskud-blandt-boern-og-voksne-men-foerende-ekspert-advarer-mod-det-det-burde-vaere-paa-recept\" rel=\"nofollow noopener\" target=\"_blank\">til avisa Berlingske<\/a>. <\/p>\n<p>Hun mener rett og slett at multivitamin burde skrives ut p\u00e5<br \/>\nresept. <\/p>\n<p>If\u00f8lge Berlingske er B\u00fcgel en av de danske forskerne som kan<br \/>\nmest om kosttilskudd av vitaminer og mineraler. Etter mer enn 30 \u00e5r med<br \/>\nforskning p\u00e5 temaet er hun ikke i tvil. <\/p>\n<p>Multivitamin er ikke sunt. Tvert imot. <\/p>\n<p> \u2013 Det er i dag overbevisende evidens for at<br \/>\nmultivitamin ikke fremmer helsa og at det like gjerne kan v\u00e6re skadelig, sier<br \/>\nhun. <\/p>\n<p>                <img decoding=\"async\" src=\"https:\/\/www.europesays.com\/no\/wp-content\/uploads\/2025\/12\/2585416.webp\" width=\"480\" height=\"543\" title=\"At barn f\u00e5r D-vitamin i vinterm\u00e5nedene gjennom vitaminbj\u00f8rner, er helt ok, mener Christina Henriksen. Men pass p\u00e5 boksen! \u2013 Jeg underviser om kosttilskudd for studenter, og alle sier at de har g\u00e5tt l\u00f8s p\u00e5 vitaminbj\u00f8rnene sine en eller annen gang i barndommen, sier hun.\" alt=\"\" loading=\"lazy\" style=\"\"\/><\/p>\n<p>\n            At barn f\u00e5r D-vitamin i vinterm\u00e5nedene gjennom vitaminbj\u00f8rner, er helt ok, mener Christina Henriksen. Men pass p\u00e5 boksen! \u2013 Jeg underviser om kosttilskudd for studenter, og alle sier at de har g\u00e5tt l\u00f8s p\u00e5 vitaminbj\u00f8rnene sine en eller annen gang i barndommen, sier hun.<br \/>\n            (Foto: UiO)\n        <\/p>\n<p>Un\u00f8dvendig, i verste fall skadelig<\/p>\n<p> \u2013 Jeg blir litt oppgitt over Susanne. Her g\u00e5r hun<br \/>\nhardt ut og skremmer folk, det er un\u00f8dvendig. <\/p>\n<p>Det sier Christine Henriksen, professor i klinisk ern\u00e6ring<br \/>\nved Universitetet i Oslo.<\/p>\n<p>Henriksen lurer p\u00e5 om det kan ha \u00e5 gj\u00f8re med at B\u00fcgel ikke<br \/>\nforholder seg til pasienter, slik hun selv gj\u00f8r. <\/p>\n<p>F\u00f8lger foreldre anbefalt dosering og oppbevarer boksene med<br \/>\nvitamintilskudd som smaker godteri p\u00e5 en s\u00e5nn m\u00e5te at barna ikke f\u00e5r tak i dem, s\u00e5 risikerer de ikke \u00e5 forgifte barna sine, if\u00f8lge Henriksen. <\/p>\n<p>Heller ikke om barna spiser en hel boks vitaminbj\u00f8rner blir de forgiftet, <a href=\"https:\/\/www.helsenorge.no\/giftinformasjon\/legemiddelforgiftninger\/vitaminbjorner\/\" rel=\"nofollow noopener\" target=\"_blank\">if\u00f8lge<br \/>\nGiftinformasjonen<\/a>. Ett enkelt stort inntak utgj\u00f8r ingen fare for akutt<br \/>\nforgiftning, skriver de. Men ved h\u00f8yt inntak over tid b\u00f8r lege kontaktes. <\/p>\n<p>Men B\u00fcgel tar ikke feil heller. <\/p>\n<p> \u2013 Det er mange som bruker kosttilskudd som er un\u00f8dvendig,<br \/>\nog da hjelper det jo ingenting. Og i verste fall kan det v\u00e6re skadelig, sier<br \/>\nHenriksen. <\/p>\n<p> \u2013 Dette er et milliardmarked i Norge, s\u00e5 det er<br \/>\nnoen \u00f8konomiske og etiske aspekter i dette ogs\u00e5, p\u00e5peker hun. <\/p>\n<p>Studier: \u00d8kt risiko for d\u00f8d <\/p>\n<p>If\u00f8lge B\u00fcgel er det slik at de som spiser multivitamin, risikerer \u00e5 bli mer syke og d\u00f8 tidligere. Det er de fleste forskere enige om i<br \/>\ndag, mener hun. <\/p>\n<p>Den danske professoren viser blant annet til <a href=\"https:\/\/www.cochranelibrary.com\/cdsr\/doi\/10.1002\/14651858.CD007176.pub2\/full\" rel=\"nofollow noopener\" target=\"_blank\">en<br \/>\nsamlestudie fra 2012<\/a>. Den sammenstilte resultater fra nesten 80 studier som<br \/>\nhadde sett p\u00e5 effekten av antioksidanter som kosttilskudd. Dette var randomiserte kliniske studier der deltakerne enten tok et tilskudd eller fikk placebo &#8211; alts\u00e5 en narrepille.\u00a0<\/p>\n<p>Studien konkluderte med at de som fikk i seg betakaroten,<br \/>\nvitamin E og h\u00f8ye doser av vitamin A, hadde \u00f8kt d\u00f8delighet sammenlignet med dem som ikke spiste slike kosttilskudd. <\/p>\n<p> \u2013 Antioksidanter som kosttilskudd b\u00f8r anses som<br \/>\nmedisinske produkter, konkluderte forskerne. <\/p>\n<p> \u2013 Disse tilskuddene p\u00e5virket kroppens antioksidantforsvar og \u00f8dela balansen i kroppen, sier Henriksen.\u00a0<\/p>\n<p>Studien testet effekten av h\u00f8ye doser, p\u00e5peker hun. Det ligner ikke p\u00e5 de mengdene som er i vanlige multivitaminer til salgs i Norge.\u00a0<\/p>\n<p><a href=\"https:\/\/www.forskning.no\/kostrad-kreft-mat-og-helse\/stor-studie-multivitaminer-gjor-ikke-at-du-lever-lenger\/2387770\" rel=\"nofollow noopener\" target=\"_blank\">En<br \/>\nnyere amerikansk studie fra 2024<\/a>\u00a0fant at de som tok multivitaminer, ikke<br \/>\nlevde lenger enn andre. Studien var en observasjonsstudie som kan si noe om sammenhenger, men ikke sl\u00e5 fast \u00e5rsaker.\u00a0<\/p>\n<p>De som tok multivitamin, hadde ikke lavere risiko for \u00e5 d\u00f8 av<br \/>\nkreft eller hjertesykdom \u2013 i stedet hadde de en fire prosents \u00f8kt risiko for \u00e5<br \/>\nd\u00f8. <\/p>\n<p>Et milliardmarked<\/p>\n<p>If\u00f8lge artikkelen i Berlingske er multivitamin det mest<br \/>\nbrukte kosttilskuddet for barn og unge i Danmark. 61 prosent av barn mellom<br \/>\nfire og ti \u00e5r f\u00e5r multivitamin av foreldrene, og nesten halvparten av alle<br \/>\nvoksne spiser vitaminpiller. <\/p>\n<p><a href=\"https:\/\/www.fhi.no\/globalassets\/dokumenterfiler\/rapporter\/2016\/rapport-ungkost-3-landsomfattende-kostholdsundersokelse-blant-4-aringer-i-norge-2016.pdf\" rel=\"nofollow noopener\" target=\"_blank\">If\u00f8lge<br \/>\ntall fra 2016<\/a> fikk 28 prosent av norske 4-\u00e5ringer tran, mens 42 prosent<br \/>\nbrukte multivitamin. <\/p>\n<p>I Norge gj\u00f8r Nasjonale forskningssenter innen<br \/>\nkomplement\u00e6r og alternativ medisin (NAFKAM)\u00a0en \u00e5rlig unders\u00f8kelse blant folk over 18 \u00e5r<br \/>\nder de blant annet sp\u00f8r om kosttilskudd. <\/p>\n<p><a href=\"https:\/\/nafkam.no\/nafkam-undersokelsen-2024#kosttilskudd\" rel=\"nofollow noopener\" target=\"_blank\">I 2024<\/a> tok<br \/>\nnesten 80 prosent av alle nordmenn noen form for kosttilskudd. Litt over<br \/>\nhalvparten tok tran, mens litt over en tredjedel tok multivitamin. <\/p>\n<p>Samlet sett brukte nordmenn 5,7 milliarder kroner p\u00e5 kosttilskudd<br \/>\ni 2024, if\u00f8lge NAFKAM. <\/p>\n<p>\u2013 Folk flest trenger ikke dette<\/p>\n<p> \u2013 Folk flest trenger ikke \u00e5 ta multivitamin. <\/p>\n<p>                <img decoding=\"async\" src=\"https:\/\/www.europesays.com\/no\/wp-content\/uploads\/2025\/12\/2585418.webp\" width=\"480\" height=\"432\" title=\"\u2013 Spiser du s\u00e5 lite variert og snevert at du tenker at du trenger multivitamin for \u00e5 sikre inntaket ditt, s\u00e5 ville jeg kanskje f\u00f8rst pr\u00f8vd \u00e5 gj\u00f8re noe med kostholdet, foresl\u00e5r klinisk ern\u00e6ringsfysiolog Eli Anne Myrvoll.\" alt=\"\" loading=\"lazy\" style=\"\"\/><\/p>\n<p>\n            \u2013 Spiser du s\u00e5 lite variert og snevert at du tenker at du trenger multivitamin for \u00e5 sikre inntaket ditt, s\u00e5 ville jeg kanskje f\u00f8rst pr\u00f8vd \u00e5 gj\u00f8re noe med kostholdet, foresl\u00e5r klinisk ern\u00e6ringsfysiolog Eli Anne Myrvoll.<br \/>\n            (Foto: UiA)\n        <\/p>\n<p>Det sier ogs\u00e5 Eli Anne Myrvoll. Hun er klinisk<br \/>\nern\u00e6ringsfysiolog og f\u00f8rsteamanuensis ved Universitetet i Agder. <\/p>\n<p> \u2013 Bortsett fra spesielle grupper, s\u00e5 mener jeg det<br \/>\ner un\u00f8dvendig for de fleste. Og du skal ikke ta ting for sikkerhets skyld, sier<br \/>\nhun og viser til de samme studiene som B\u00fcgel. <\/p>\n<p>S\u00e5 lenge man holder seg til anbefalte doser, s\u00e5 er det ikke<br \/>\nfarlig, sier Myrvoll. <\/p>\n<p> \u2013 Men man skal v\u00e6re oppmerksom s\u00e5 man ikke f\u00e5r i<br \/>\nseg for mye, sier hun. <\/p>\n<p> \u2013 Vitaminbj\u00f8rnene som mange kj\u00f8per til barna sine, er gode, det er fort gjort \u00e5 ta for mange. Og det er ikke s\u00e5nn at jo mer jo<br \/>\nbedre. <\/p>\n<p>        Disse kan ha nytte av vitamintilskudd<\/p>\n<p>De fleste av oss trenger alts\u00e5 ikke vitamintilskudd, if\u00f8lge forskerne. Men noen<br \/>\ngrupper kan ha nytte av det. For eksempel: <\/p>\n<ul>\n<li class=\"lab-bodytext-line\">De som kutter ut hele matvaregrupper p\u00e5 grunn av<br \/>\nallergier eller overf\u00f8lsomhet <\/li>\n<li class=\"lab-bodytext-line\">Folk som har lavt matinntak over tid, for eksempel<br \/>\nfolk med spiseforstyrrelse eller folk som slanker seg <\/li>\n<li class=\"lab-bodytext-line\">De som spiser snevert av ulike \u00e5rsaker, for eksempel<br \/>\nsv\u00e6rt kresne barn<\/li>\n<li class=\"lab-bodytext-line\">Vegetarianere og veganere <\/li>\n<li class=\"lab-bodytext-line\">Spedbarn<\/li>\n<li class=\"lab-bodytext-line\">Gravide<\/li>\n<li class=\"lab-bodytext-line\">Eldre <\/li>\n<p class=\"lab-bodytext-line\">Mer om hvem som trenger kosttilskudd, finner du i <a href=\"https:\/\/www.helsenorge.no\/kosthold-og-ernaring\/trygg-bruk-av-kosttilskudd\" rel=\"nofollow noopener\" target=\"_blank\">denne teksten fra Helsedirektoratet<\/a>.\u00a0<\/p>\n<\/ul>\n<p>                <img decoding=\"async\" src=\"https:\/\/www.europesays.com\/no\/wp-content\/uploads\/2025\/12\/2586022.webp\" width=\"480\" height=\"274\" title=\"Er det gummibj\u00f8rner eller vitaminbj\u00f8rner? Det har blitt popul\u00e6rt \u00e5 gi barna sine multivitamin som ser ut som og smaker som godteri.\" alt=\"\" loading=\"lazy\" style=\"\"\/><\/p>\n<p>\n            Er det gummibj\u00f8rner eller vitaminbj\u00f8rner? Det har blitt popul\u00e6rt \u00e5 gi barna sine multivitamin som ser ut som og smaker som godteri.<br \/>\n            (Foto: Ida Irene Bergstr\u00f8m)\n        <\/p>\n<p>Farlig \u00e5 blande <\/p>\n<p>Dessuten skal man passe seg for \u00e5 ta mange ting samtidig,<br \/>\nadvarer Myrvoll. <\/p>\n<p>Barn trenger for eksempel ikke b\u00e5de tran og vitaminbj\u00f8rner. Heller<br \/>\nikke voksne b\u00f8r ta masse ulike tilskudd samtidig. <\/p>\n<p> \u2013 Mange tar multivitamin, s\u00e5 tar de kanskje ekstra<br \/>\nB-vitaminer fordi det er bra for h\u00e5r og negler, og C-vitamin mot forkj\u00f8lelse. Det<br \/>\ner nok en del som tar cocktailer, det b\u00f8r man ikke gj\u00f8re, sier Myrvoll. <\/p>\n<p>Henriksen advarer ogs\u00e5 mot dette: <\/p>\n<p> \u2013 Bruker man mange ulike kosttilskudd, er faren<br \/>\nstor for \u00e5 f\u00e5 for mye. Tar du tran, s\u00e5 trenger du ikke multivitamin. Da kan du<br \/>\nf\u00e5 for mye. Hvis du begynner \u00e5 mikse mange forskjellige, s\u00e5 kan det g\u00e5 g\u00e6rent<br \/>\nfort. <\/p>\n<p>Un\u00f8dvendig med resept <\/p>\n<p>De fleste av oss f\u00e5r i oss det vi trenger av vitaminer og<br \/>\nmineraler gjennom kosten. Det mener b\u00e5de B\u00fcgel, Myrvoll og Henriksen.<\/p>\n<p>De negative sidene ved vitaminpiller er i dag s\u00e5 godt<br \/>\nkjent at de b\u00f8r reguleres som medisin og skrives ut p\u00e5 resept, mener B\u00fcgel. <\/p>\n<p>Det blir \u00e5 dra den for langt, mener forskerne som<br \/>\nforskning.no har snakket med. <\/p>\n<p>Det vil dessuten f\u00f8re til un\u00f8dvendig belastning p\u00e5<br \/>\nfastlegene. <\/p>\n<p>Og s\u00e5 var det det med D-vitamin. <\/p>\n<p>Litt vitaminer om vinteren <\/p>\n<p>I motsetning til B\u00fcgel s\u00e5 anbefaler de norske forskerne<br \/>\nmultivitamin til barna i vinterm\u00e5nedene. Eller tran. <\/p>\n<p>For verken barn, voksne eller eldre f\u00e5r i seg nok D-vitamin n\u00e5r<br \/>\ndet er vinter her i nord. <\/p>\n<p>F\u00e5r du i barna tran, s\u00e5 er det det beste, mener Myrvoll. Selv om <a href=\"https:\/\/www.forskning.no\/fisk-mat-miljo\/er-tran-sunt-selv-om-det-inneholder-miljogifter\/2567637\" rel=\"nofollow noopener\" target=\"_blank\">ikke alle forskere er enige med henne i det<\/a>.<\/p>\n<p> \u2013 Egentlig trenger ikke barn vitaminbj\u00f8rner, og<br \/>\ni hvert fall ikke p\u00e5 sommeren. Men det er behov for tran eller et annet<br \/>\nD-vitamintilskudd i vinterhalv\u00e5ret, sier hun. <\/p>\n<p>Henriksen mener barn like gjerne kan f\u00e5 i seg D-vitaminer<br \/>\ngjennom tilskudd som Vitaminbj\u00f8rner. <\/p>\n<p> \u2013 Jeg er litt mer positiv til dette enn andre, jeg<br \/>\nsyns de er nyttige. Alle foreldre har h\u00f8rt om det, alle barn vil spise det \u2013<br \/>\nmen du skal ikke ta for mye av det. Og bare i vinterhalv\u00e5ret, det er da man<br \/>\ntrenger det. <\/p>\n<p>            Ledige stillinger<\/p>\n<p class=\"ingress align-center mobile_text_align_align-center\"><a href=\"https:\/\/stilling.forskning.no\/\" target=\"_blank\" class=\"dacBtn bg-btn-color\" rel=\"nofollow noopener\">Vis alle ledige stillinger<\/a><\/p>\n<p>Strengt regulert<\/p>\n<p> Ida Marie Pedersen er Head of Innovation i<br \/>\nOrkla Health som produserer Vitaminbj\u00f8rner. Hun p\u00e5peker at kosttilskudd i Norge er underlagt <a href=\"https:\/\/lovdata.no\/dokument\/SF\/forskrift\/2004-05-20-755\" rel=\"nofollow noopener\" target=\"_blank\">streng<br \/>\nregulering gjennom kosttilskuddforskriften<\/a> som skal sikre \u00abhelsemessig trygge<br \/>\nkosttilskudd og redelig omsetning av slike\u00bb. <\/p>\n<p> \u2013 N\u00e5r vi utvikler tilskudd til barn, tas det<br \/>\nekstra hensyn: Dosene er n\u00f8ye tilpasset aldersgruppen, og emballasjen er<br \/>\nbarnesikret. I tillegg opplyser vi tydelig om anbefalt daglig dose og korrekt<br \/>\noppbevaring \u2013 b\u00e5de p\u00e5 etiketten og i v\u00e5rt \u00f8vrige informasjonsmateriell, sier Pedersen.\n<\/p>\n<p>        F\u00e5r vi virkelig i oss det vi trenger gjennom kosten?<\/p>\n<p>F\u00f8lger du de nasjonale kostr\u00e5dene og spiser mye plantebasert<br \/>\nfrukt og gr\u00f8nt, grove kornprodukter og fisk, da er det bare tilskudd av vitamin<br \/>\nD om vinteren du trenger, if\u00f8lge Christine Henriksen, professor i klinisk ern\u00e6ring. <\/p>\n<p>De f\u00e6rreste av oss f\u00f8lger de nasjonale kostr\u00e5dene til punkt<br \/>\nog prikke, men vi f\u00f8lger dem godt nok, mener professoren. <\/p>\n<p> \u2013 Det viktigste er \u00e5 f\u00e5 i seg mat fra alle de<br \/>\nulike matvaregruppene, sier hun. <\/p>\n<p><a href=\"https:\/\/www.helsedirektoratet.no\/rapporter\/utviklingen-i-norsk-kosthold-2025\/pdf-av-rapporten\/Rapport_utviklingen_norsk_kosthold_2025.pdf\/_\/attachment\/inline\/f352bf7a-af20-4065-95b3-ec9d6ce16ffd:60250242664665f366eafc5f1f77c977188d513d\/Rapport_utviklingen_norsk_kosthold_2025.pdf\" rel=\"nofollow noopener\" target=\"_blank\">I<br \/>\nrapporten Utviklingen i norsk kosthold 2025<\/a> sl\u00e5r forskerne fast at gjennomsnittskostholdet<br \/>\ni Norge inneholder tilfredsstillende mengder av de fleste vitaminer og<br \/>\nmineraler i forhold til anbefalt inntak. Dette til tross for at rapporten ogs\u00e5<br \/>\nsl\u00e5r fast at vi ikke spiser i tr\u00e5d med r\u00e5dene. For noen grupper kan det bli for<br \/>\nlite vitamin D, selen, folat, jern, kalsium eller jod. <\/p>\n<p> \u2013 Noen mineraler, som jern, skal du hvert fall<br \/>\nikke skal ta for sikkerhets skyld \u2013 dette skal p\u00e5vises ved blodpr\u00f8ve f\u00f8rst,<br \/>\nsier Myrvoll. <\/p>\n<p> \u2013 Har du en mistanke om at du mangler noe, s\u00e5 g\u00e5<br \/>\nog sjekk. <\/p>\n<p><a href=\"https:\/\/www.fhi.no\/le\/studier\/nasjonale-kostholdsundersokelser\/kosthold-blant-4-aringer-i-norge\/\" rel=\"nofollow noopener\" target=\"_blank\">Den<br \/>\nsiste nasjonale kostholdsunders\u00f8kelsen<\/a> blant barn i Norge er fra 2016. <\/p>\n<p>Fire-\u00e5ringene som deltok i unders\u00f8kelsen, spiste stort sett i<br \/>\ntr\u00e5d med kostholdsr\u00e5dene, om enn litt lite frukt og gr\u00f8nt og for mye mettet<br \/>\nfett. Gjennomsnittlig inntak av vitaminer og mineraler var stort sett i samsvar<br \/>\nmed eller h\u00f8yere enn anbefalingene, med unntak av D-vitamin og jern. Dette var<br \/>\nlavere enn anbefalt, ogs\u00e5 n\u00e5r bidrag fra kosttilskudd ble regnet med. <\/p>\n","protected":false},"excerpt":{"rendered":"\u2013 Foreldre risikerer \u00e5 forgifte sine barn n\u00e5r de gir dem multivitamin. Det sier Susanne B\u00fcgel, professor i&hellip;\n","protected":false},"author":2,"featured_media":105259,"comment_status":"","ping_status":"","sticky":false,"template":"","format":"standard","meta":{"footnotes":""},"categories":[10],"tags":[20,21,24,25,15,22,23,13,30,28,29,14,16,26,27],"class_list":{"0":"post-105258","1":"post","2":"type-post","3":"status-publish","4":"format-standard","5":"has-post-thumbnail","7":"category-norge","8":"tag-breaking-news","9":"tag-breakingnews","10":"tag-featured-news","11":"tag-featurednews","12":"tag-headlines","13":"tag-latest-news","14":"tag-latestnews","15":"tag-news","16":"tag-no","17":"tag-norge","18":"tag-norway","19":"tag-nyheter","20":"tag-overskrifter","21":"tag-top-stories","22":"tag-topstories"},"share_on_mastodon":{"url":"https:\/\/pubeurope.com\/@no\/115668371852879134","error":""},"_links":{"self":[{"href":"https:\/\/www.europesays.com\/no\/wp-json\/wp\/v2\/posts\/105258","targetHints":{"allow":["GET"]}}],"collection":[{"href":"https:\/\/www.europesays.com\/no\/wp-json\/wp\/v2\/posts"}],"about":[{"href":"https:\/\/www.europesays.com\/no\/wp-json\/wp\/v2\/types\/post"}],"author":[{"embeddable":true,"href":"https:\/\/www.europesays.com\/no\/wp-json\/wp\/v2\/users\/2"}],"replies":[{"embeddable":true,"href":"https:\/\/www.europesays.com\/no\/wp-json\/wp\/v2\/comments?post=105258"}],"version-history":[{"count":0,"href":"https:\/\/www.europesays.com\/no\/wp-json\/wp\/v2\/posts\/105258\/revisions"}],"wp:featuredmedia":[{"embeddable":true,"href":"https:\/\/www.europesays.com\/no\/wp-json\/wp\/v2\/media\/105259"}],"wp:attachment":[{"href":"https:\/\/www.europesays.com\/no\/wp-json\/wp\/v2\/media?parent=105258"}],"wp:term":[{"taxonomy":"category","embeddable":true,"href":"https:\/\/www.europesays.com\/no\/wp-json\/wp\/v2\/categories?post=105258"},{"taxonomy":"post_tag","embeddable":true,"href":"https:\/\/www.europesays.com\/no\/wp-json\/wp\/v2\/tags?post=105258"}],"curies":[{"name":"wp","href":"https:\/\/api.w.org\/{rel}","templated":true}]}}