{"id":10526,"date":"2025-08-17T14:19:23","date_gmt":"2025-08-17T14:19:23","guid":{"rendered":"https:\/\/www.europesays.com\/no\/10526\/"},"modified":"2025-08-17T14:19:23","modified_gmt":"2025-08-17T14:19:23","slug":"carlos-alcaraz-sikret-superfinale-mot-jannik-sinner-kan-revansjere-wimbledon-tapet","status":"publish","type":"post","link":"https:\/\/www.europesays.com\/no\/10526\/","title":{"rendered":"Carlos Alcaraz sikret superfinale mot Jannik Sinner \u2013 kan revansjere Wimbledon-tapet"},"content":{"rendered":"\n<p class=\"_lead_1bvmi_2 _lead_xtcu6_50 layout-component text-serif-m layout-normal text-serif-l layout-component layout-wide layout-padded _wide_17hqh_1 layout-padded\">Carlos Alcaraz (22) tok seg glatt av Alexander Zverev (28) og er klar for finale mot verdensener Jannik Sinner i ATP1000-turneringen i tennis i Cincinnati.<\/p>\n<p><img alt=\"Carlos Alcaraz m\u00e5tte strekke v\u00e5pen mot Jannik Sinner i finalen i Wimbledon-turneringen i juli.  Foto: Kirsty Wigglesworth \/ AP \/ NTB.\" class=\"_image_qp4xg_65 layout-component layout-wide\" data-fullscreen- data-track-element-type=\"Article image fullscreen\" data-track-name=\"ImageFullscreen\" fetchpriority=\"high\" decoding=\"sync\" loading=\"eager\" height=\"3134\" itemprop=\"image\"  src=\"https:\/\/www.europesays.com\/no\/wp-content\/uploads\/2025\/08\/e001cf06-1225-463e-a2fd-5b6d82ce6b0b\"  style=\"object-position:0% 0%\" width=\"4701\"\/>Carlos Alcaraz m\u00e5tte strekke v\u00e5pen mot Jannik Sinner i finalen i Wimbledon-turneringen i juli.  Foto: Kirsty Wigglesworth \/ AP \/ NTB.<\/p>\n<ul aria-hidden=\"true\" class=\"_images_1y6fe_106\">\n<li><a class=\"_link_1y6fe_111\" href=\"https:\/\/www.vg.no\/forfatter\/ntb\" style=\"z-index:1\" title=\"NTB\" rel=\"nofollow noopener\" target=\"_blank\"><img alt=\"Bilde av NTB\" class=\"_image_1y6fe_88\" fetchpriority=\"low\" loading=\"lazy\" decoding=\"async\" itemprop=\"image\"  src=\"https:\/\/www.europesays.com\/no\/wp-content\/uploads\/2025\/08\/1755440363_898_c33980b0-5d07-4027-84a1-813f90a7c8d6\"  width=\"480\"\/><\/a><\/li>\n<\/ul>\n<p> Oppdatert s\u00f8ndag 17. august kl. 13:57     <\/p>\n<p class=\"_paragraph_1bvmi_4 _paragraph_xtcu6_10 layout-component text-serif-m layout-normal text-serif-m layout-padded\">Spanjolen Alcaraz turnerte Zverev med 6-4, 6-3 i Masters-semifinalen og skal opp mot italieneren Sinner for fjerde gang denne sesongen. <\/p>\n<p class=\"_paragraph_1bvmi_4 _paragraph_xtcu6_10 layout-component text-serif-m layout-normal text-serif-m layout-padded\">Sist gang de m\u00f8ttes var i Wimbledon-finalen 13. juli, og da vant Sinner 3-1 i sett etter 4-6, 6,4, 6-4, 6-4.<\/p>\n<p class=\"_paragraph_1bvmi_4 _paragraph_xtcu6_10 layout-component text-serif-m layout-normal text-serif-m layout-padded\">I semifinalen m\u00e5tte diabetikeren Zverev ta en medisinsk timeout i det andre settet fordi han ikke f\u00f8lte seg bra i den stekende heten, men tyskeren kom tilbake p\u00e5 banen og fullf\u00f8rte kampen. <\/p>\n","protected":false},"excerpt":{"rendered":"Carlos Alcaraz (22) tok seg glatt av Alexander Zverev (28) og er klar for finale mot verdensener Jannik&hellip;\n","protected":false},"author":2,"featured_media":10527,"comment_status":"","ping_status":"","sticky":false,"template":"","format":"standard","meta":{"footnotes":""},"categories":[59],"tags":[2186,2185,30,28,29,83,82,909],"class_list":{"0":"post-10526","1":"post","2":"type-post","3":"status-publish","4":"format-standard","5":"has-post-thumbnail","7":"category-sport","8":"tag-carlos-alcaraz","9":"tag-jannik-sinner","10":"tag-no","11":"tag-norge","12":"tag-norway","13":"tag-sport","14":"tag-sports","15":"tag-tennis"},"share_on_mastodon":{"url":"","error":""},"_links":{"self":[{"href":"https:\/\/www.europesays.com\/no\/wp-json\/wp\/v2\/posts\/10526","targetHints":{"allow":["GET"]}}],"collection":[{"href":"https:\/\/www.europesays.com\/no\/wp-json\/wp\/v2\/posts"}],"about":[{"href":"https:\/\/www.europesays.com\/no\/wp-json\/wp\/v2\/types\/post"}],"author":[{"embeddable":true,"href":"https:\/\/www.europesays.com\/no\/wp-json\/wp\/v2\/users\/2"}],"replies":[{"embeddable":true,"href":"https:\/\/www.europesays.com\/no\/wp-json\/wp\/v2\/comments?post=10526"}],"version-history":[{"count":0,"href":"https:\/\/www.europesays.com\/no\/wp-json\/wp\/v2\/posts\/10526\/revisions"}],"wp:featuredmedia":[{"embeddable":true,"href":"https:\/\/www.europesays.com\/no\/wp-json\/wp\/v2\/media\/10527"}],"wp:attachment":[{"href":"https:\/\/www.europesays.com\/no\/wp-json\/wp\/v2\/media?parent=10526"}],"wp:term":[{"taxonomy":"category","embeddable":true,"href":"https:\/\/www.europesays.com\/no\/wp-json\/wp\/v2\/categories?post=10526"},{"taxonomy":"post_tag","embeddable":true,"href":"https:\/\/www.europesays.com\/no\/wp-json\/wp\/v2\/tags?post=10526"}],"curies":[{"name":"wp","href":"https:\/\/api.w.org\/{rel}","templated":true}]}}