{"id":105267,"date":"2025-12-05T18:41:49","date_gmt":"2025-12-05T18:41:49","guid":{"rendered":"https:\/\/www.europesays.com\/no\/105267\/"},"modified":"2025-12-05T18:41:49","modified_gmt":"2025-12-05T18:41:49","slug":"kultur-kvinesdal-heng-deg-en-sterk-forestilling-for-skoleelever","status":"publish","type":"post","link":"https:\/\/www.europesays.com\/no\/105267\/","title":{"rendered":"Kultur, Kvinesdal | \u00abHeng Deg\u00bb: En sterk forestilling for skoleelever"},"content":{"rendered":"\n<p>Nesten 600 personer fikk med seg forestillingene. Onsdag var det ungdommenes foreldre som var invitert. Torsdag var det skoleelevene sin tur. Det ble en sterk opplevelse for b\u00e5de voksne og ungdommer.<\/p>\n<p>   <img decoding=\"async\" width=\"3444\" height=\"2296\" fetchpriority=\"low\"  loading=\"lazy\"  src=\"https:\/\/www.europesays.com\/no\/wp-content\/uploads\/2025\/12\/0ef8f88a-7433-4aac-8904-a735409c4157.bin\" alt=\"\" class=\"brick-c-cFOWSL\" style=\"--brick-image-ratio: 3444 \/ 2296;\"\/><\/p>\n<p>      AV OG MED UNGDOM: Forestillingen er for ungdom og laget av ungdom. De unge skuespillerne sammen med turneringsleder Tuva Hagen.<br \/>\n      Foto: Tor Magne Gausdal\n    <\/p>\n<p>  Like aktuell i dag<\/p>\n<p>Forestillingen som er laget av og for ungdom har g\u00e5tt landet rundt i 12 \u00e5r og blitt sett av 350 tusen personer.<\/p>\n<p>\u2013 Jeg oppdaget at de hadde v\u00e6rt i Kvinesdal for 9 \u00e5r siden og tenkte at forestillingen er vel s\u00e5 aktuell i dag. Derfor fikk vi dem til Kvinesdal igjen, fortalte milj\u00f8arbeider p\u00e5 Kvinesdal ungdomsskole, Liza Marchioni til Agder.<\/p>\n<p>Forestillingen handler om hvordan ungdom oppf\u00f8rer seg p\u00e5 sosiale medier og hva de er opptatt av.<\/p>\n<p>Selvskading, skoleskyting og utfrysing er noen konsekvenser av stygge og ugjennomtenkte ord p\u00e5 sosiale medier kan f\u00f8re til hos de unge.<\/p>\n<p>\u2013 Jeg f\u00e5r den samme klumpen i magen hver gang jeg ser stykket og det har jeg gjort veldig mange ganger n\u00e5, sa Tuva Hagen som selv var med som skuespiller for noen \u00e5r siden.<\/p>\n<p>Det var en sterk opplevelse i et litt uvant format der alt foregikk p\u00e5 lerretet med unge skuespillere som kom fram p\u00e5 scenen for \u00e5 understreke det som sto p\u00e5 lerretet.<\/p>\n<p>Ikke en eneste replikk ble uttalt under den 40 minutters lange forestillingen og det var helt stille i salen.<\/p>\n<p>   <img decoding=\"async\" width=\"1460\" height=\"973\" fetchpriority=\"low\"  loading=\"lazy\"  src=\"https:\/\/www.europesays.com\/no\/wp-content\/uploads\/2025\/12\/c014d615-cf93-4409-be04-a319a9530c6a.bin\" alt=\"\" class=\"brick-c-cFOWSL\" style=\"--brick-image-ratio: 1460 \/ 973;\"\/><\/p>\n<p>      GJORDE INNTRYKK: Nemi Sofie Biktj\u00f8rn Kolstad og Isabella Lorelei Nilsen fra Kvinesdal ungdomsskole s\u00e5 forestillingen og den gjrde inntrykk p\u00e5 jentene.<br \/>\n      Foto: Privat\n    <\/p>\n<p>  Dette var bra<\/p>\n<p>\u2013 Dette var bra, sa ungdommene til Agder mens de gikk stille ut av salen.<\/p>\n<p>Nemi Sofie Biktj\u00f8rn Kolstad og Isabella Lorelei Nilsen var to av elevene ved Kvinesdal ungdomsskole som var p\u00e5 forestillingen, og den gjorde inntrykk.<\/p>\n<p>\u2013 Dette var veldig bra, men trist p\u00e5 samme tid. Vi vet at mange inklusive oss kan relatere seg til det vi fikk se. Vi h\u00e5per det er flere som skj\u00f8nner hvor alvorlig dette egentlig er og forbedrer oppf\u00f8rselen sin, sa de to ungdomsskoleelevene.<\/p>\n<p>Inspekt\u00f8r ved ungdomsskolen, Per Kristian Storedrange sa at dette var et glimrende opplegg.<\/p>\n<p>\u2013 Jeg liker spesielt godt at de skifter ut b\u00e5de skuespillere og spr\u00e5k i forestillingen, for hele tiden \u00e5 v\u00e6re oppdatert p\u00e5 hvordan man ordlegger seg p\u00e5 sosiale medier. Det er en ryddig oppsummering av enkelte problemstillinger i samfunnet, og de hadde valgt \u00e5 kategorisere skikkelsene i fire; \u00aboffer for jantelov\u00bb, \u00abasosial og utestengt\u00bb, \u00abutagerende og utestengt\u00bb, \u00abstille og ikke inkludert\u00bb. Jeg h\u00e5per dette traff b\u00e5de unge og voksne i Kvinesdal, spesielt p\u00e5 det \u00e5 inkludere selv om noen er annerledes, sa Storedrange til Agder.<\/p>\n<p>Man kunne merke at forestillingen gjorde et stekt inntrykk p\u00e5 ungdommene. Skolen har ogs\u00e5 f\u00e5tt tilbakemeldinger fra foreldre som har kommentert hvor sterk forestillingen er.<\/p>\n<p>Kanskje skulle man ikke vente hele ni \u00e5r til neste gang Nittedal Teater kommer til Kvinesdal med forestillingen #Heng Deg.<\/p>\n<p>   <img decoding=\"async\" width=\"3570\" height=\"2380\" fetchpriority=\"low\"  loading=\"lazy\"  src=\"https:\/\/www.europesays.com\/no\/wp-content\/uploads\/2025\/12\/a625c71c-195c-4f91-92cc-d93da7c821b3.bin\" alt=\"\" class=\"brick-c-cFOWSL\" style=\"--brick-image-ratio: 3570 \/ 2380;\"\/><\/p>\n<p>      MYE STYGT: Det sies mye stygt og uvettig p\u00e5 sosiale medier som kan f\u00e5 store konsekvenser for mange unge.<br \/>\n      Foto: Tor Magne Gausdal\n    <\/p>\n","protected":false},"excerpt":{"rendered":"Nesten 600 personer fikk med seg forestillingene. Onsdag var det ungdommenes foreldre som var invitert. Torsdag var det&hellip;\n","protected":false},"author":2,"featured_media":105268,"comment_status":"","ping_status":"","sticky":false,"template":"","format":"standard","meta":{"footnotes":""},"categories":[58],"tags":[36,71,2987,410,2986,30,28,29,1510,72],"class_list":{"0":"post-105267","1":"post","2":"type-post","3":"status-publish","4":"format-standard","5":"has-post-thumbnail","7":"category-underholdning","8":"tag-art","9":"tag-entertainment","10":"tag-fb","11":"tag-kultur","12":"tag-kvinesdal","13":"tag-no","14":"tag-norge","15":"tag-norway","16":"tag-story","17":"tag-underholdning"},"share_on_mastodon":{"url":"https:\/\/pubeurope.com\/@no\/115668434647214410","error":""},"_links":{"self":[{"href":"https:\/\/www.europesays.com\/no\/wp-json\/wp\/v2\/posts\/105267","targetHints":{"allow":["GET"]}}],"collection":[{"href":"https:\/\/www.europesays.com\/no\/wp-json\/wp\/v2\/posts"}],"about":[{"href":"https:\/\/www.europesays.com\/no\/wp-json\/wp\/v2\/types\/post"}],"author":[{"embeddable":true,"href":"https:\/\/www.europesays.com\/no\/wp-json\/wp\/v2\/users\/2"}],"replies":[{"embeddable":true,"href":"https:\/\/www.europesays.com\/no\/wp-json\/wp\/v2\/comments?post=105267"}],"version-history":[{"count":0,"href":"https:\/\/www.europesays.com\/no\/wp-json\/wp\/v2\/posts\/105267\/revisions"}],"wp:featuredmedia":[{"embeddable":true,"href":"https:\/\/www.europesays.com\/no\/wp-json\/wp\/v2\/media\/105268"}],"wp:attachment":[{"href":"https:\/\/www.europesays.com\/no\/wp-json\/wp\/v2\/media?parent=105267"}],"wp:term":[{"taxonomy":"category","embeddable":true,"href":"https:\/\/www.europesays.com\/no\/wp-json\/wp\/v2\/categories?post=105267"},{"taxonomy":"post_tag","embeddable":true,"href":"https:\/\/www.europesays.com\/no\/wp-json\/wp\/v2\/tags?post=105267"}],"curies":[{"name":"wp","href":"https:\/\/api.w.org\/{rel}","templated":true}]}}