{"id":105269,"date":"2025-12-05T18:50:10","date_gmt":"2025-12-05T18:50:10","guid":{"rendered":"https:\/\/www.europesays.com\/no\/105269\/"},"modified":"2025-12-05T18:50:10","modified_gmt":"2025-12-05T18:50:10","slug":"posten-bring-as-julegaver-postterminalen-opplever-en-stor-okning-i-antall-pakker","status":"publish","type":"post","link":"https:\/\/www.europesays.com\/no\/105269\/","title":{"rendered":"Posten bring as, Julegaver | Postterminalen opplever en stor \u00f8kning i antall pakker"},"content":{"rendered":"\n<p>\u2013 Vi har en \u00f8kning p\u00e5 omtrent elleve prosent pakker fra i fjor, forteller Imli Sognnes, transportleder for varebil p\u00e5 Posten Bring sin postterminal.<\/p>\n<p>\u2013 Det er hektisk, men det er veldig g\u00f8y!<\/p>\n<p>Sognnes tror heller ikke toppen er n\u00e5dd enn\u00e5. Hun forventer enda flere pakker.<\/p>\n<p>   <img decoding=\"async\" width=\"7372\" height=\"4915\" fetchpriority=\"low\"  loading=\"lazy\"  src=\"https:\/\/www.europesays.com\/no\/wp-content\/uploads\/2025\/12\/DSC_5678.jpg\" alt=\"\" class=\"brick-c-cFOWSL\" style=\"--brick-image-ratio: 7372 \/ 4915;\"\/><\/p>\n<p>      Sognnes med Eva Kristin Tveit, avdelingsleder for kj\u00f8rekontor og transport.<br \/>\n      Foto: RUNE JOHANSEN\n    <\/p>\n<p>  Flere julevikarer<\/p>\n<p>Flere mann m\u00e5 p\u00e5 dekk n\u00e5r julegavene str\u00f8mmer inn.<\/p>\n<p>\u2013 Vi har to-fire flere vikarer p\u00e5 hvert skift, siden volumet har \u00f8kt s\u00e5pass mye, forteller Eva Kristin Tveit, avdelingsleder for kj\u00f8rekontor og transport.<\/p>\n<p>Christian Bj\u00f8rn\u00f8 begynte for tre uker siden. P\u00e5 denne tiden har han ogs\u00e5 sett \u00f8kningen med egne \u00f8yne.<\/p>\n<p>   <img decoding=\"async\" width=\"7372\" height=\"4915\" fetchpriority=\"low\"  loading=\"lazy\"  src=\"https:\/\/www.europesays.com\/no\/wp-content\/uploads\/2025\/12\/DSC_5665.jpg\" alt=\"\" class=\"brick-c-cFOWSL\" style=\"--brick-image-ratio: 7372 \/ 4915;\"\/><\/p>\n<p>      Bj\u00f8rn\u00f8 viser hvordan han skanner pakkene med en maskin p\u00e5 h\u00e5nden, f\u00f8r han plasserer dem i riktig bur.<br \/>\n      Foto: RUNE JOHANSEN\n    <\/p>\n<p>\u2013 Det er mye \u00e5 gj\u00f8re, s\u00e5 jeg er veldig sliten n\u00e5r dagen er ferdig, forteller Bj\u00f8rn\u00f8.<\/p>\n<p>Han og Ahmed Ali jobber med \u00e5 sortere pakker som renner ned fra en gr\u00f8nn trakt, og aldri ser ut til \u00e5 stoppe.<\/p>\n<p>10-15 ekstra biler<\/p>\n<p>\u2013 Det er kjempeg\u00f8y \u00e5 jobbe her, men man blir sliten, forteller Ali.<\/p>\n<p>Han har jobbet som julevikar de siste to \u00e5rene.<\/p>\n<p>   <img decoding=\"async\" width=\"6048\" height=\"4032\" fetchpriority=\"low\"  loading=\"lazy\"  src=\"https:\/\/www.europesays.com\/no\/wp-content\/uploads\/2025\/12\/DSC_5656_1.jpg\" alt=\"\" class=\"brick-c-cFOWSL\" style=\"--brick-image-ratio: 6048 \/ 4032;\"\/><\/p>\n<p>      Ahmed Ali trives godt i julerushet.<br \/>\n      Foto: RUNE JOHANSEN\n    <\/p>\n<p>Tveit forteller ogs\u00e5 at flere biler m\u00e5 leies inn for \u00e5 f\u00e5 ut alle pakkene.<\/p>\n<p>Vanligvis kj\u00f8rer det rundt 100 biler inn og ut fra postterminalen per dag. N\u00e5 er det mellom 110 og 115.<\/p>\n<p>Julen kommer tidligere<\/p>\n<p>Sognnes forteller at julen n\u00e5r terminalen tidligere enn f\u00f8r, noe den har gjort siden koronapandemien.<\/p>\n<p>\u00d8kningen i antall pakker begynner allerede f\u00f8r Black Week. Dette tyder p\u00e5 at flere bestiller julegavene p\u00e5 nett.<\/p>\n<p>   <img decoding=\"async\" width=\"7372\" height=\"4915\" fetchpriority=\"low\"  loading=\"lazy\"  src=\"https:\/\/www.europesays.com\/no\/wp-content\/uploads\/2025\/12\/DSC_5696.jpg\" alt=\"\" class=\"brick-c-cFOWSL\" style=\"--brick-image-ratio: 7372 \/ 4915;\"\/><\/p>\n<p>      N\u00e5 jobber n\u00e6rmere 35 ansatte med pakkeh\u00e5ndtering p\u00e5 dagskiftet. Vanligvis er de rundt 25.<br \/>\n      Foto: RUNE JOHANSEN\n    <\/p>\n<p>\u2013 F\u00f8r var det ogs\u00e5 mer julegaver som ble sendt mellom privatpersoner, sier Sognnes.<\/p>\n<p>Og med fulle pakkebokser og pakkekaos i butikkene, har Tveit en viktig beskjed til kundene:<\/p>\n<p>\u2013 Hent pakker s\u00e5 raskt som mulig, s\u00e5 det blir plass til nye pakker som kommer inn, sier hun.<\/p>\n<p>  <a href=\"https:\/\/www.ba.no\/5-8-3238176\" class=\"related-teaser has-image default-story-teaser article--c-eRUmMG article--c-eRUmMG-jKCPdD-design-default\" rel=\"nofollow noopener\" target=\"_blank\"><\/p>\n<p>    <img decoding=\"async\" loading=\"lazy\"  src=\"https:\/\/www.europesays.com\/no\/wp-content\/uploads\/2025\/12\/Black_Friday_Pakker_251128_0349_Foto-LarsKristianSteenFluge.jpg\" alt=\"\" class=\"brick-c-cFOWSL\" style=\"\"\/><\/p>\n<p>\n            Les ogs\u00e5<\/p>\n<p>              Pakkekaos: \u2013 Vi har ikke plass i hyllene\n        <\/p>\n<p>  <\/a><\/p>\n","protected":false},"excerpt":{"rendered":"\u2013 Vi har en \u00f8kning p\u00e5 omtrent elleve prosent pakker fra i fjor, forteller Imli Sognnes, transportleder for&hellip;\n","protected":false},"author":2,"featured_media":105270,"comment_status":"","ping_status":"","sticky":false,"template":"","format":"standard","meta":{"footnotes":""},"categories":[10],"tags":[36,20,21,24,25,15,11599,22,23,7093,13,30,28,29,14,16,13189,1510,26,27],"class_list":{"0":"post-105269","1":"post","2":"type-post","3":"status-publish","4":"format-standard","5":"has-post-thumbnail","7":"category-norge","8":"tag-art","9":"tag-breaking-news","10":"tag-breakingnews","11":"tag-featured-news","12":"tag-featurednews","13":"tag-headlines","14":"tag-julegaver","15":"tag-latest-news","16":"tag-latestnews","17":"tag-netthandel","18":"tag-news","19":"tag-no","20":"tag-norge","21":"tag-norway","22":"tag-nyheter","23":"tag-overskrifter","24":"tag-posten-bring-as","25":"tag-story","26":"tag-top-stories","27":"tag-topstories"},"share_on_mastodon":{"url":"https:\/\/pubeurope.com\/@no\/115668466254984493","error":""},"_links":{"self":[{"href":"https:\/\/www.europesays.com\/no\/wp-json\/wp\/v2\/posts\/105269","targetHints":{"allow":["GET"]}}],"collection":[{"href":"https:\/\/www.europesays.com\/no\/wp-json\/wp\/v2\/posts"}],"about":[{"href":"https:\/\/www.europesays.com\/no\/wp-json\/wp\/v2\/types\/post"}],"author":[{"embeddable":true,"href":"https:\/\/www.europesays.com\/no\/wp-json\/wp\/v2\/users\/2"}],"replies":[{"embeddable":true,"href":"https:\/\/www.europesays.com\/no\/wp-json\/wp\/v2\/comments?post=105269"}],"version-history":[{"count":0,"href":"https:\/\/www.europesays.com\/no\/wp-json\/wp\/v2\/posts\/105269\/revisions"}],"wp:featuredmedia":[{"embeddable":true,"href":"https:\/\/www.europesays.com\/no\/wp-json\/wp\/v2\/media\/105270"}],"wp:attachment":[{"href":"https:\/\/www.europesays.com\/no\/wp-json\/wp\/v2\/media?parent=105269"}],"wp:term":[{"taxonomy":"category","embeddable":true,"href":"https:\/\/www.europesays.com\/no\/wp-json\/wp\/v2\/categories?post=105269"},{"taxonomy":"post_tag","embeddable":true,"href":"https:\/\/www.europesays.com\/no\/wp-json\/wp\/v2\/tags?post=105269"}],"curies":[{"name":"wp","href":"https:\/\/api.w.org\/{rel}","templated":true}]}}