{"id":105273,"date":"2025-12-05T18:53:41","date_gmt":"2025-12-05T18:53:41","guid":{"rendered":"https:\/\/www.europesays.com\/no\/105273\/"},"modified":"2025-12-05T18:53:41","modified_gmt":"2025-12-05T18:53:41","slug":"netflix-stjerna-criscilla-andersons-kunngjorde-sin-egen-dod","status":"publish","type":"post","link":"https:\/\/www.europesays.com\/no\/105273\/","title":{"rendered":"Netflix-stjerna Criscilla Andersons kunngjorde sin egen d\u00f8d"},"content":{"rendered":"<p class=\"kicker \" style=\"\">Donald Trump fredspris<\/p>\n<p>  En pinlig tr\u00f8stepris. Men det verste fikk du ikke se p\u00e5 TV-en.<\/p>\n<p>\n    BALLEGREP P\u00c5 VM: USAs president Donald Trump dominerte VM-trekningen i Washington der han fikk fotballens nye fredspris av sin gode venn FIFA-president Gianni Infantino. FOTO: Evan Vucci\/Reuters\n  <\/p>\n<p>S\u00c5 var det pinligste \u00f8yeblikket i fotball-VM 2026 over:<\/p>\n<p class=\"font-weight-bold m-font-weight-bold\" data-lab-font_weight=\"font-weight-bold\">USAs president Donald Trump kom ut av \u00ab<a href=\"https:\/\/apnews.com\/article\/hegseth-trump-venezuela-540ae279827e02105e089f1bd5af37a6\" rel=\"nofollow noopener\" target=\"_blank\">krigst\u00e5ka<\/a>\u00bb over regjeringsm\u00f8tet sitt, og inn p\u00e5 VM-scenen for \u00e5 bli hyllet som fotballens fredsfyrste.<\/p>\n<p>N\u00e5r t\u00e5ka letter b\u00e5de fra de utsprengte sm\u00e5b\u00e5tene p\u00e5 havet utenfor Venezuela og fotballens <a href=\"https:\/\/www.dagbladet.no\/meninger\/han-ma-aldri-fa-den\/83711117\" rel=\"nofollow noopener\" target=\"_blank\">r\u00e6vsleiking<\/a> av Trump, g\u00e5r det an \u00e5 se at det meste dessverre er som f\u00f8r.<\/p>\n<p>Sport har alltid v\u00e6rt lekegrinda for de aller mektigste.<\/p>\n<p>Det g\u00e5r en linje fra de d\u00f8delige sl\u00e5sskampene foran romerske keisere p\u00e5 <a href=\"https:\/\/colosseum.info\/venationes-animal-hunts-at-the-colosseum\/\" rel=\"nofollow noopener\" target=\"_blank\">Colosseum<\/a>, via Adolf Hitler p\u00e5 \u00e6restribunen i Berlin-OL og Vladimir Putins misbruk av russisk eliteidrett, til FIFA-president Gianni Infantino sin plumpe tr\u00f8stepris til den nye bestevennen Donald Trump.<\/p>\n<p>Dette var disse to vennenes TV-show, men rangordningen i fotball-VM neste sommer trenger du ikke tenke p\u00e5:<\/p>\n<p>&#8211; Du kan gj\u00f8re som du vil, sa Gianni Infantino til Trump idet trekningen startet. Og han mente et.<\/p>\n<p>De som stiller med pengene og har politisk makt nok, f\u00e5r det som de vil i sporten.<\/p>\n<p>Eller som Trump selv sa da han m\u00f8tte opp for \u00e5 motta fotballens nye fredspris:<\/p>\n<p>&#8211; Jeg fortjener den!<\/p>\n<p>SLIK er Donald Trumps ballegrep p\u00e5 fotball-VM 2026 i seg selv ingen nyhet. Det nye er at dette pinlige skjer i USA; nasjonen som historisk skulle v\u00e6re fyrt\u00e5rnet i den frie vestlige verden.<\/p>\n<p>For fotballens st\u00f8rste sjefer har det med frihet og menneskerettigheter nesten aldri betydd noe. Allerede da jeg som ung sportskommentator dekket mitt f\u00f8rste fotball-VM i 1978, stod Donald Trumps rollemodeller p\u00e5 \u00e6restribunen i Argentina sammen med datidas FIFA-president Joao Havelange.<\/p>\n<p>Heller ikke den gang brydde FIFA-toppene seg om hvordan den argentinske\u00a0 milit\u00e6rjuntaen -og VM-arrang\u00f8ren ble kvitt sine fiender. Mens Trump sprenger skadde narkosmuglere som klynger seg til sm\u00e5b\u00e5tene sine, kastet juntaen gjerne fiendene <a href=\"https:\/\/nsarchive.gwu.edu\/briefing-book\/southern-cone\/2019-05-30\/inside-argentinas-killing-machine-us-intelligence-documents-record-gruesome-human-rights-crimes-1976\" rel=\"nofollow noopener\" target=\"_blank\">levende ut over Atlanterhavet fra fly<\/a>.<\/p>\n<p>Uten at det den sommeren 78 la noen demper p\u00e5 sm\u00e5praten mellom <a href=\"https:\/\/www.bbc.com\/news\/world-latin-america-12064831\" rel=\"nofollow noopener\" target=\"_blank\">diktator Jorge Videla <\/a>og fotballsjefene p\u00e5 \u00e6restribunen i Buenos Aires.<\/p>\n<p>    <a itemprop=\"url\" href=\"https:\/\/www.dagbladet.no\/sport\/i-strupen-pa-europa\/78078751\" rel=\"nofollow noopener\" target=\"_blank\"><\/p>\n<p>      <img loading=\"lazy\" decoding=\"async\" src=\"https:\/\/www.europesays.com\/no\/wp-content\/uploads\/2025\/12\/78079775.webp\" width=\"980\" height=\"441\" title=\"I strupen p\u00e5 Europa\" alt=\"\" class=\"lazyload\" style=\"--aspect-ratio-image: 2.22; \"\/><\/p>\n<p>        I strupen p\u00e5 Europa<\/p>\n<p>    <\/a><\/p>\n<p>FOR der under milit\u00e6rjuntaens <a href=\"https:\/\/papelitos.com.ar\/nota\/la-ceremonia-inaugural-del-mundial-78?z_language=en\" rel=\"nofollow noopener\" target=\"_blank\">\u00e5pningsseremoni<\/a> p\u00e5 River Plate stadion lot de argentinske arrang\u00f8rene hvite fredsduene fly opp mot himmelen, mens <a href=\"https:\/\/www.amnesty.org\/en\/latest\/news\/2010\/12\/ex-presidente-argentino-declarado-culpable-crimenes-lesa-humanidad\/\" rel=\"nofollow noopener\" target=\"_blank\">massemorderen Videla <\/a>snakket om fotball og fred og s\u00e5nt\u00a0bare noen kvartaler fra kjellerne der milit\u00e6rpolitiet hans torturerte regimets motstandere.<\/p>\n<p>Allerede i 1978 var dette fredspratet like meningsl\u00f8st som <a href=\"https:\/\/www.reuters.com\/business\/media-telecom\/fifa-taps-village-people-show-trump-influence-dominates-draw-2025-12-03\/\" rel=\"nofollow noopener\" target=\"_blank\">hyllesten<\/a> av Trump fra scenen p\u00e5 John F. Kennedy Center i Washington i kveld.<\/p>\n<p>MEN denne gjennomf\u00f8rte kynismen funker p\u00e5 bunnlinja:<\/p>\n<p>Aldri har det internasjonale Fotballforbundet (FIFA) v\u00e6rt rikere enn under Gianni Infantino.<\/p>\n<p>Den siste fire\u00e5rsperioden med USA-VM, gir FIFA over <a href=\"https:\/\/www.thesportsexaminer.com\/football-fifa-announces-financial-explosion-to-projected-13-billion-in-revenue-for-2023-26-quadrennial-a-64-team-fifa-world-cup\/\" rel=\"nofollow noopener\" target=\"_blank\">130 milliarder kroner<\/a> i inntekter; en vill \u00f8kning fra p\u00e5 72 prosent fra forrige VM-periode. Med et globalt marked som har steget til 4 milliarder mennesker; halvparten av jordas befolkning,<a href=\"https:\/\/gabelli.com\/research\/beyond-the-pitch-2026-fifa-world-cup-overview-investment-opportunities\/\" rel=\"nofollow noopener\" target=\"_blank\"> utkonkurrerer<\/a> fotballen all annen idrett.<\/p>\n<p>Det har skjedd mens denne sporten n\u00e5 har lagt seg enda tettere\u00a0inntil de st\u00f8rste og mest brutale makthaverne.<\/p>\n<p>Det er den store skandalen bak scenen i denne VM-trekningen.<\/p>\n<p>    <a itemprop=\"url\" href=\"https:\/\/www.dagbladet.no\/sport\/faller-pa-putins-medalje\/75504907\" rel=\"nofollow noopener\" target=\"_blank\"><\/p>\n<p>      <img loading=\"lazy\" decoding=\"async\" src=\"https:\/\/www.europesays.com\/no\/wp-content\/uploads\/2025\/12\/75489955.webp\" width=\"980\" height=\"441\" title=\"Faller p\u00e5 Putins medalje\" alt=\"\" class=\"lazyload\" style=\"--aspect-ratio-image: 2.22; \"\/><\/p>\n<p>        Faller p\u00e5 Putins medalje<\/p>\n<p>    <\/a><\/p>\n<p>DEN sveitsisk\/libanesiske Gianni Infantino har nese for disse autorit\u00e6re herskere, og har for lengst <a href=\"https:\/\/www.dagbladet.no\/sport\/i-strupen-pa-europa\/78078751\" rel=\"nofollow noopener\" target=\"_blank\">tatt et personlig oppgj\u00f8r med vestlig demokratisk tenkning<\/a>.<\/p>\n<p>Etter at han ble valgt til ny FIFA-president p\u00e5 l\u00f8ftet om mer penger til\u00a0alle i den s\u00e5kalte \u00abfotballfamilien\u00bb, klistret Infantino seg <a href=\"https:\/\/www.dagbladet.no\/sport\/putins-sleipeste-venn\/75486127\" rel=\"nofollow noopener\" target=\"_blank\">direkte til Vladimir Putin<\/a> og ulike arabiske ledere.<\/p>\n<p>Av Putin fikk han <a href=\"https:\/\/www.dagbladet.no\/sport\/faller-pa-putins-medalje\/75504907\" rel=\"nofollow noopener\" target=\"_blank\">en egen medalje i Kreml<\/a>. Den <a href=\"https:\/\/www.dagbladet.no\/sport\/faller-pa-putins-medalje\/75504907\" rel=\"nofollow noopener\" target=\"_blank\">nektet<\/a> Infantino \u00e5 levere tilbake da russerne invaderte Ukraina og truet resten av Europa. I stedet skaffet FIFA-presidenten mer arabisk kapital, og ventet p\u00e5 at verdensopinioen skulle snu seg mot de vestlige demokratiene.\u00a0<\/p>\n<p>S\u00e5 ble Infantino hjulpet av Donald Trumps valgseier i fjor h\u00f8st. Da \u00e5pnet det store amerikanske markedet seg for den kynisk, pengedrevne fotballen, og Mellom -og S\u00f8r-Amerika ble igjen USAs bakg\u00e5rd med fri bruk av milit\u00e6rmakt.<\/p>\n<p>    <a itemprop=\"url\" href=\"https:\/\/www.dagbladet.no\/sport\/putins-sleipeste-venn\/75486127\" rel=\"nofollow noopener\" target=\"_blank\"><\/p>\n<p>      <img loading=\"lazy\" decoding=\"async\" src=\"https:\/\/www.europesays.com\/no\/wp-content\/uploads\/2025\/12\/1764960819_657_75489955.webp\" width=\"980\" height=\"441\" title=\"Putins sleipeste venn\" alt=\"\" class=\"lazyload\" style=\"--aspect-ratio-image: 2.22; \"\/><\/p>\n<p>        Putins sleipeste venn<\/p>\n<p>    <\/a><\/p>\n<p>DA hjelper det forel\u00f8pig lite at denne fredsprisen gjennomg\u00e5ende blir latterliggjort i alle vestlig orienterte medier:<\/p>\n<p>&#8211; Trumps lille l\u00f8pehund, <a href=\"https:\/\/www.sbs.com.au\/news\/article\/the-controversy-around-trumps-little-lap-dog-and-the-fifa-peace-prize\/angl8o22a\" rel=\"nofollow noopener\" target=\"_blank\">skriver<\/a> australske SBS om Infantinos smisking, men i FIFA-presidentens verdensbilde er de vestlige mediene bare <a href=\"https:\/\/www.dagbladet.no\/sport\/fotball-vm-ryker\/77804145\" rel=\"nofollow noopener\" target=\"_blank\">plagsomme<\/a> motstandere med moralistiske krav som \u00f8delegger den mer og mer l\u00f8nnsomme fotballbutikken hans.<\/p>\n<p>Etter at Infantino innledet forrige fotball-VM med en times lang <a href=\"https:\/\/www.dagbladet.no\/sport\/fotball-vm-ryker\/77804145\" rel=\"nofollow noopener\" target=\"_blank\">bisarr utskjelling av vestlige verdier<\/a>, s\u00e5 det ut som han hadde tr\u00e5kket over en grense.\u00a0<\/p>\n<p>At de tradisjonelt sterkeste fotballnasjonene i Europa og S\u00f8r-Amerika <a href=\"https:\/\/www.dagbladet.no\/sport\/fotball-vm-ryker\/77804145\" rel=\"nofollow noopener\" target=\"_blank\">ville sl\u00e5 tilbake<\/a> mot den stadig mer eneveldige FIFA-presidenten.<\/p>\n<p>    <a itemprop=\"url\" href=\"https:\/\/www.dagbladet.no\/sport\/na-tar-de-ham\/77844436\" rel=\"nofollow noopener\" target=\"_blank\"><\/p>\n<p>      <img loading=\"lazy\" decoding=\"async\" src=\"https:\/\/www.europesays.com\/no\/wp-content\/uploads\/2025\/12\/77841245.webp\" width=\"980\" height=\"441\" title=\"N\u00e5 tar de ham\" alt=\"\" class=\"lazyload\" style=\"--aspect-ratio-image: 2.22; \"\/><\/p>\n<p>        N\u00e5 tar de ham<\/p>\n<p>    <\/a><\/p>\n<p>SLIK gikk det ikke. N\u00e5 har han tiln\u00e6rmet <a href=\"https:\/\/www.theguardian.com\/football\/2025\/nov\/30\/he-massages-trumps-basest-instincts-why-is-fifas-gianni-infantino-cosying-up-to-the-us-president\" rel=\"nofollow noopener\" target=\"_blank\">vunnet<\/a> denne interne maktkampen. Som FIFA-president blir han gjenvalgt uten rivaler, samtidig som USA under Trump holder p\u00e5 \u00e5 bryte b\u00e5ndene med Europa.<\/p>\n<p>Vi er p\u00e5 vei mot en ny verdensorden der b\u00f8llete stormakter har delt kloden i tre interessesf\u00e6rer der de kan herje som de vil. Og sporten ved hjelp av arabisk kapital er et hendig verkt\u00f8y for b\u00f8llene.<\/p>\n<p>For tida er Gianni Infantino inne p\u00e5 dette vinnende verdenslaget\u00a0sammen med den saudiarabiske prinsen Mohammed bin Salman, Putin og Trump, hjulpet fram av den internasjonale olympiske komite (IOC) og med Kinas hersker Xi Jinping strategisk i bakgrunnen.<\/p>\n<p>    <a itemprop=\"url\" href=\"https:\/\/www.dagbladet.no\/sport\/norge-i-vm-brak\/83819769\" rel=\"nofollow noopener\" target=\"_blank\"><\/p>\n<p>      <img loading=\"lazy\" decoding=\"async\" src=\"https:\/\/www.europesays.com\/no\/wp-content\/uploads\/2025\/12\/83854287.webp\" width=\"980\" height=\"441\" title=\"Norge i VM-br\u00e5k\" alt=\"\" class=\"lazyload\" style=\"--aspect-ratio-image: 2.22; \"\/><\/p>\n<p>        Norge i VM-br\u00e5k<\/p>\n<p>    <\/a><\/p>\n<p>DET er slike folk som bestemmer mye av framtida i all internasjonal idrett. For fotballens fredspris til Donald Trump er bare starten.<\/p>\n<p>N\u00e5 <a href=\"https:\/\/www.theguardian.com\/football\/2025\/dec\/04\/revealed-myanmar-junta-crony-given-key-role-behind-fifa-peace-prize\" rel=\"nofollow noopener\" target=\"_blank\">skriver<\/a> britiske The Guardian om hvordan denne prisen skal organiseres videre. Der er jobben gitt til en nyopprettet komite for s\u00e5kalt \u00ab<a href=\"https:\/\/www.asianews.it\/news-en\/Football-rehabilitates-Myanmars-junta-with-magnate-Zaw-Zaw-to-head-FIFA-body-64037.html\" rel=\"nofollow noopener\" target=\"_blank\">sosial ansvarlighet<\/a>\u00bb ledet av milliard\u00e6ren Zaw Zaw, mange\u00e5rig fotballpresident i Myanmar, med tette b\u00e5nd til den blodige milit\u00e6rjuntaen i landet.<\/p>\n<p>Gianni Infantino har allerede lovet at det blir en \u00e5rlig pris til\u00a0\u00abenkeltmennesker som gjennom urokkelig engasjement og spesielle handlinger\u00bb samler folk i fred.<\/p>\n<p>Med enda en milit\u00e6rjunta i juryen blir det kanskje en fotballens fredspris neste \u00e5r for Vladimir Putin og hans \u00abspesialoperasjon\u00bb i Ukraina?<\/p>\n<p>Etter denne pinlige utdelingen er scenen i hvert fall rigget.<\/p>\n<p>\u00a0<\/p>\n<p>    <a itemprop=\"url\" href=\"https:\/\/www.dagbladet.no\/sport\/farlig-ol-seier\/82855149\" rel=\"nofollow noopener\" target=\"_blank\"><\/p>\n<p>      <img loading=\"lazy\" decoding=\"async\" src=\"https:\/\/www.europesays.com\/no\/wp-content\/uploads\/2025\/12\/82855478.webp\" width=\"980\" height=\"441\" title=\"Farlig OL-seier\" alt=\"\" class=\"lazyload\" style=\"--aspect-ratio-image: 2.22; \"\/><\/p>\n<p>        Farlig OL-seier<\/p>\n<p>    <\/a><\/p>\n","protected":false},"excerpt":{"rendered":"Donald Trump fredspris En pinlig tr\u00f8stepris. Men det verste fikk du ikke se p\u00e5 TV-en. BALLEGREP P\u00c5 VM:&hellip;\n","protected":false},"author":2,"featured_media":104655,"comment_status":"","ping_status":"","sticky":false,"template":"","format":"standard","meta":{"footnotes":""},"categories":[58],"tags":[2268,71,479,1401,30,28,29,9266,72],"class_list":{"0":"post-105273","1":"post","2":"type-post","3":"status-publish","4":"format-standard","5":"has-post-thumbnail","7":"category-underholdning","8":"tag-dod","9":"tag-entertainment","10":"tag-kjendis","11":"tag-kreft","12":"tag-no","13":"tag-norge","14":"tag-norway","15":"tag-realitystjerne","16":"tag-underholdning"},"share_on_mastodon":{"url":"https:\/\/pubeurope.com\/@no\/115668477931628979","error":""},"_links":{"self":[{"href":"https:\/\/www.europesays.com\/no\/wp-json\/wp\/v2\/posts\/105273","targetHints":{"allow":["GET"]}}],"collection":[{"href":"https:\/\/www.europesays.com\/no\/wp-json\/wp\/v2\/posts"}],"about":[{"href":"https:\/\/www.europesays.com\/no\/wp-json\/wp\/v2\/types\/post"}],"author":[{"embeddable":true,"href":"https:\/\/www.europesays.com\/no\/wp-json\/wp\/v2\/users\/2"}],"replies":[{"embeddable":true,"href":"https:\/\/www.europesays.com\/no\/wp-json\/wp\/v2\/comments?post=105273"}],"version-history":[{"count":0,"href":"https:\/\/www.europesays.com\/no\/wp-json\/wp\/v2\/posts\/105273\/revisions"}],"wp:featuredmedia":[{"embeddable":true,"href":"https:\/\/www.europesays.com\/no\/wp-json\/wp\/v2\/media\/104655"}],"wp:attachment":[{"href":"https:\/\/www.europesays.com\/no\/wp-json\/wp\/v2\/media?parent=105273"}],"wp:term":[{"taxonomy":"category","embeddable":true,"href":"https:\/\/www.europesays.com\/no\/wp-json\/wp\/v2\/categories?post=105273"},{"taxonomy":"post_tag","embeddable":true,"href":"https:\/\/www.europesays.com\/no\/wp-json\/wp\/v2\/tags?post=105273"}],"curies":[{"name":"wp","href":"https:\/\/api.w.org\/{rel}","templated":true}]}}