{"id":105274,"date":"2025-12-05T18:55:16","date_gmt":"2025-12-05T18:55:16","guid":{"rendered":"https:\/\/www.europesays.com\/no\/105274\/"},"modified":"2025-12-05T18:55:16","modified_gmt":"2025-12-05T18:55:16","slug":"apningstider-i-julen-2025-dette-er-butikkene-som-stenger","status":"publish","type":"post","link":"https:\/\/www.europesays.com\/no\/105274\/","title":{"rendered":"\u00c5pningstider i julen 2025: Dette er butikkene som stenger"},"content":{"rendered":"<p>Dette stenger i julen 2025 \u2013 sjekk lista f\u00f8r du drar hjemmefra.<\/p>\n<p>\t\t\tAkkurat n\u00e5 leser andre<\/p>\n<p>\t\t\t\t\t<a :href=\"https:\/\/www.dagens.no\/nyheter\/post.link\"><br \/>\n\t\t\t\t\t\t<img class=\"my-0 aspect-square h-full max-h-16 w-auto rounded object-cover hidden sm:block\" :src=\"https:\/\/www.dagens.no\/nyheter\/post.featured_media_url\" alt=\"\"\/><br \/>\n\t\t\t\t\t<\/a><\/p>\n<p>\t\t\t\t\t\t<a class=\"text-body-text group-hover:text-body-accent font-normal\" :href=\"https:\/\/www.dagens.no\/nyheter\/post.link\" x-html=\"post.title\"\/><\/p>\n<p>Vil du slippe panikkhandling rett f\u00f8r julefreden senker seg, l\u00f8nner det seg \u00e5 sjekke \u00e5pningstidene tidlig. <\/p>\n<p>Julaften er en av dagene hvor forskjellene mellom butikkene er st\u00f8rst, og ikke alt er tilgjengelig \u2013 selv om noen steder holder \u00e5pent noen timer.<\/p>\n<p>Det er flere ting som er verdt \u00e5 merke seg denne dagen:<\/p>\n<ul class=\"wp-block-list\">\n<li>Vinmonopolet har stengt.<\/li>\n<li>\u00d8lsalg styres lokalt og \u00e5pningstidene kan derfor variere.<\/li>\n<li>De fleste dagligvarebutikker har \u00e5pent, men ofte med redusert tid.<\/li>\n<li>Enkelte kj\u00f8pesentre holder \u00e5pent fram til tidlig ettermiddag, men det betyr ikke n\u00f8dvendigvis at alle butikklokalene inne p\u00e5 senteret er \u00e5pne.<\/li>\n<\/ul>\n<p>Det skriver DinSide.<\/p>\n<p>Jysk stenger alle butikker<\/p>\n<p>M\u00f8belkjeden Jysk pleide tidligere \u00e5 holde \u00e5pent p\u00e5 julaften, men i fjor endret de praksis. Den samme l\u00f8sningen gjelder ogs\u00e5 i 2025: samtlige 107 butikker landet rundt blir stengt.<\/p>\n<p>\t\t\tLes ogs\u00e5<\/p>\n<p>\t\t\t\t\t<a :href=\"https:\/\/www.dagens.no\/nyheter\/post.link\"><br \/>\n\t\t\t\t\t\t<img class=\"my-0 aspect-square h-full max-h-16 w-auto rounded object-cover hidden sm:block\" :src=\"https:\/\/www.dagens.no\/nyheter\/post.featured_media_url\" alt=\"\"\/><br \/>\n\t\t\t\t\t<\/a><\/p>\n<p>\t\t\t\t\t\t<a class=\"text-body-text group-hover:text-body-accent font-normal\" :href=\"https:\/\/www.dagens.no\/nyheter\/post.link\" x-html=\"post.title\"\/><\/p>\n<p>\u00abVi har ogs\u00e5 i \u00e5r bestemt at vi skal holde v\u00e5re butikker stengt, slik at ansatte kan feire jul med sine kj\u00e6re, sier Martina Pohjanen, sjef for Jysk Norge, til DinSide.\u00bb<\/p>\n<p>Tiltaket betyr likevel ikke at alt stopper opp. Jysk holder \u00e5pent i romjula, og nettbutikken er tilgjengelig som normalt \u2013 ogs\u00e5 p\u00e5 julaften. I tillegg f\u00e5r ansatte som egentlig skulle jobbet denne dagen l\u00f8nn som planlagt.<\/p>\n<p>\u00abVi opplever at kundene v\u00e5re har stor forst\u00e5else for at vi stenger p\u00e5 julaften, sier Pohjanen.\u00bb<\/p>\n<p>Hun har samtidig en tydelig oppfordring til dem som vil unng\u00e5 full trengsel de siste dagene f\u00f8r jul.<\/p>\n<p>\u00abForan en hektisk juleinnspurt er det lurt \u00e5 planlegge handelen. Vi har som vanlig stor p\u00e5gang i forkant av jul, og r\u00e5der alle v\u00e5re kunder som har mulighet til \u00e5 gj\u00f8re unna julehandelen tidlig.\u00bb<\/p>\n<p>\t\t\tLes ogs\u00e5<\/p>\n<p>\t\t\t\t\t<a :href=\"https:\/\/www.dagens.no\/nyheter\/post.link\"><br \/>\n\t\t\t\t\t\t<img class=\"my-0 aspect-square h-full max-h-16 w-auto rounded object-cover hidden sm:block\" :src=\"https:\/\/www.dagens.no\/nyheter\/post.featured_media_url\" alt=\"\"\/><br \/>\n\t\t\t\t\t<\/a><\/p>\n<p>\t\t\t\t\t\t<a class=\"text-body-text group-hover:text-body-accent font-normal\" :href=\"https:\/\/www.dagens.no\/nyheter\/post.link\" x-html=\"post.title\"\/><\/p>\n<p>Ikea f\u00f8lger samme linje<\/p>\n<p>Ogs\u00e5 Ikea holder varehusene stengt p\u00e5 julaften. Skal du handle fysisk i butikk f\u00f8r jul, m\u00e5 du gj\u00f8re det innen klokka 18 lille julaften. <\/p>\n<p>Nettsiden er \u00e5pen hele tiden, men \u00f8nsker du levering f\u00f8r jul, anbefales det \u00e5 bestille tidlig.<\/p>\n<p>Her kan du fortsatt handle p\u00e5 julaften<\/p>\n<p>Mens flere store kjeder velger \u00e5 stenge, finnes det noen alternativer for deg som m\u00e5 sikre en gave i siste liten. Europris holder \u00e5pent fra 09 til 13. Rusta har ogs\u00e5 \u00e5pent, men \u00e5pningstidene kan variere mellom varehus, s\u00e5 det er lurt \u00e5 sjekke lokalt f\u00f8r du drar.<\/p>\n<p>Kort sagt: Skal du handle p\u00e5 julaften i 2025, m\u00e5 du v\u00e6re tidlig ute \u2013 og helst ha en plan. Mange butikker er stengt, og \u00e5pningstidene der det faktisk er \u00e5pent, er gjerne kortere enn vanlig.<\/p>\n","protected":false},"excerpt":{"rendered":"Dette stenger i julen 2025 \u2013 sjekk lista f\u00f8r du drar hjemmefra. Akkurat n\u00e5 leser andre Vil du&hellip;\n","protected":false},"author":2,"featured_media":105275,"comment_status":"","ping_status":"","sticky":false,"template":"","format":"standard","meta":{"footnotes":""},"categories":[56],"tags":[60,61,62,30,28,29],"class_list":{"0":"post-105274","1":"post","2":"type-post","3":"status-publish","4":"format-standard","5":"has-post-thumbnail","7":"category-naeringsliv","8":"tag-business","9":"tag-economy","10":"tag-naeringsliv","11":"tag-no","12":"tag-norge","13":"tag-norway"},"share_on_mastodon":{"url":"https:\/\/pubeurope.com\/@no\/115668485637429340","error":""},"_links":{"self":[{"href":"https:\/\/www.europesays.com\/no\/wp-json\/wp\/v2\/posts\/105274","targetHints":{"allow":["GET"]}}],"collection":[{"href":"https:\/\/www.europesays.com\/no\/wp-json\/wp\/v2\/posts"}],"about":[{"href":"https:\/\/www.europesays.com\/no\/wp-json\/wp\/v2\/types\/post"}],"author":[{"embeddable":true,"href":"https:\/\/www.europesays.com\/no\/wp-json\/wp\/v2\/users\/2"}],"replies":[{"embeddable":true,"href":"https:\/\/www.europesays.com\/no\/wp-json\/wp\/v2\/comments?post=105274"}],"version-history":[{"count":0,"href":"https:\/\/www.europesays.com\/no\/wp-json\/wp\/v2\/posts\/105274\/revisions"}],"wp:featuredmedia":[{"embeddable":true,"href":"https:\/\/www.europesays.com\/no\/wp-json\/wp\/v2\/media\/105275"}],"wp:attachment":[{"href":"https:\/\/www.europesays.com\/no\/wp-json\/wp\/v2\/media?parent=105274"}],"wp:term":[{"taxonomy":"category","embeddable":true,"href":"https:\/\/www.europesays.com\/no\/wp-json\/wp\/v2\/categories?post=105274"},{"taxonomy":"post_tag","embeddable":true,"href":"https:\/\/www.europesays.com\/no\/wp-json\/wp\/v2\/tags?post=105274"}],"curies":[{"name":"wp","href":"https:\/\/api.w.org\/{rel}","templated":true}]}}