{"id":105276,"date":"2025-12-05T18:59:24","date_gmt":"2025-12-05T18:59:24","guid":{"rendered":"https:\/\/www.europesays.com\/no\/105276\/"},"modified":"2025-12-05T18:59:24","modified_gmt":"2025-12-05T18:59:24","slug":"donald-trumps-politikk-skaper-usikkerhet-for-fotball-vm","status":"publish","type":"post","link":"https:\/\/www.europesays.com\/no\/105276\/","title":{"rendered":"Donald Trumps politikk skaper usikkerhet f\u00f8r fotball-VM"},"content":{"rendered":"<p>    Kort fortalt<\/p>\n<p lang=\"nb-NO\">Fotball-VM i USA, Canada og Mexico neste sommer kan bli utfordrende for turister p\u00e5 grunn av USAs strenge innreiseregler og innvandringspolitikk.<\/p>\n<p lang=\"nb-NO\">Eksperter uttrykker ogs\u00e5 bekymring for politisk uro og sikkerhet i vertsbyene, noe som kan p\u00e5virke antall bes\u00f8kende.<\/p>\n<p class=\"italic ai-disclaimer\" data-lab-italic=\"italic\">Sammendraget er laget av ChatGPT og godkjent av DinSide.<\/p>\n<p>      Vis mer<br \/>\n      Vis mindre<\/p>\n<p>  <a id=\"topic-banner-link\" href=\"#\" target=\"_blank\" rel=\"noopener noreferrer\"><br \/>\n    <img decoding=\"async\" id=\"topic-banner-image\" src=\"\" alt=\"\" style=\"max-width:100%; height:auto; border-radius:8px; transition:filter 0.3s ease;\"\/><br \/>\n  <\/a><\/p>\n<p>NEW YORK (DinSide): Neste sommer samles fotballverdenen til VM i USA, Canada og Mexico. Fifa ansl\u00e5r at 6,5 millioner mennesker vil komme for \u00e5 se kampene. Fotballorganisasjonen har allerede f\u00e5tt <a href=\"https:\/\/dinside.dagbladet.no\/reise\/vm-prissjokk-140-000-kroner\/83871567\" rel=\"nofollow noopener\" target=\"_blank\">hard kritikk for sv\u00e6rt dyre billettpriser<\/a>.<\/p>\n<p>        F\u00c6RRE INGREDIENSER: \u00abClean label\u00bb-trenden er kjempe stor og har n\u00e5 kommet til Norge. Video: Embla Hjort-Larsen<\/p>\n<p>VM arrangeres dessuten samtidig som USAs president, Donald Trump, har strammet kraftig inn i innvandringspolitikken. Daglig foretar maskerte agenter fra U.S Immigration and Customs Enforcement (ICE) aggressive raid for \u00e5 p\u00e5gripe og deportere udokumenterte innvandrere mange steder i landet.\u00a0<\/p>\n<p>    <a itemprop=\"url\" href=\"https:\/\/dinside.dagbladet.no\/okonomi\/enormt-store-prisforskjeller\/83894000\" rel=\"nofollow noopener\" target=\"_blank\"><\/p>\n<p>      <img loading=\"lazy\" decoding=\"async\" src=\"https:\/\/www.europesays.com\/no\/wp-content\/uploads\/2025\/12\/83894069.webp\" width=\"980\" height=\"441\" title=\"- Enkelt \u00e5 spare hundrelapper\" alt=\"\" class=\"lazyload\" style=\"--aspect-ratio-image: 2.22; \"\/><\/p>\n<p>        &#8211; Enkelt \u00e5 spare hundrelapper<\/p>\n<p>    <\/a><\/p>\n<p>Samtidig har Trump-administrasjonen foresl\u00e5tt eller gjennomf\u00f8rt innstramminger i hvem som f\u00e5r komme til USA.\u00a0<\/p>\n<p>Det kan skape problemer for VM-turister. I tillegg er det urolige tider i USA.<\/p>\n<p>    <a itemprop=\"url\" href=\"https:\/\/dinside.dagbladet.no\/reise\/vm-prissjokk-140-000-kroner\/83871567\" rel=\"nofollow noopener\" target=\"_blank\"><\/p>\n<p>      <img loading=\"lazy\" decoding=\"async\" src=\"https:\/\/www.europesays.com\/no\/wp-content\/uploads\/2025\/12\/83853225.webp\" width=\"980\" height=\"441\" title=\"- Et VM for de f\u00e5\" alt=\"\" class=\"lazyload\" style=\"--aspect-ratio-image: 2.22; \"\/><\/p>\n<p>        &#8211; Et VM for de f\u00e5<\/p>\n<p>    <\/a><\/p>\n<p>&#8211; Kraftig spr\u00e5kbruk\t<\/p>\n<p>Med \u00f8kende politisk vold, soldater utplassert i st\u00f8rre byer av president Donald Trump og en hardere linje mot innvandring, er turneringens hovedvertsnasjon i en tilstand med splittelse og uro, skriver\u00a0<a href=\"https:\/\/www.bbc.com\/sport\/football\/articles\/cdjzknpxlv2o\" rel=\"nofollow noopener\" target=\"_blank\">BBC<\/a>.\u00a0<\/p>\n<p>        VISER FRAM: Her viser Donald Trump et bilde han fikk i posten av Russlands president Vladimir Putin, og forteller at sistnevnte kanskje dukker opp under neste \u00e5rs fotball-VM. Video: Reuters. Reporter: Anabelle Bruun\/Dagbladet TV<\/p>\n<p class=\"font-weight-bold m-font-weight-bold\" data-lab-font_weight=\"font-weight-bold\">&#8211; Dette blir framstilt som det kanskje minst innbydende VM i manns minne. Hvis du tenker p\u00e5 VM i Russland eller Qatar, s\u00e5 gikk de langt for \u00e5 fors\u00f8ke \u00e5 framst\u00e5 med et vennlig image for verden. Denne gangen har det v\u00e6rt ganske annerledes. Det har v\u00e6rt veldig kraftig spr\u00e5kbruk om at dere f\u00e5r komme, men ikke bli for lenge, sier idrettsprofessor Tim Elcombe ved\u00a0Wilfrid Laurier University i Canada til DinSide.<\/p>\n<p>        <img loading=\"lazy\" decoding=\"async\" itemprop=\"image\" src=\"https:\/\/www.europesays.com\/no\/wp-content\/uploads\/2025\/12\/83886800.webp\" width=\"180\" height=\"180\" alt=\"&lt;br&gt;\u2b05 Tim Elcombe\"\/><\/p>\n<p>\u2b05 Tim Elcombe<br \/>\n            <br \/>\u2b05 Tim<br \/>\n            Elcombe        <\/p>\n<p>Idrettsprofessor ved Wilfrid Laurier University i Canada<\/p>\n<p>De fleste nordmenn som skal til USA for \u00e5 se fotballkamper til sommeren, trenger ikke \u00e5 s\u00f8ke om visum. For dem som trenger det, har Trump og Fifa-president Gianni Infantino varslet at de vil gi fotballturister prioritet.<\/p>\n<p>Systemet som blir kalt Fifa Pass, gir dem som kj\u00f8per VM-billetter mulighet til \u00e5 f\u00e5 prioritert visumintervju. Dette er imidlertid ingen garanti for at visum blir innvilget, eller at man slipper inn i USA.<\/p>\n<p>&#8211; \u00d8nsker velkommen\t<\/p>\n<p>Ordningen ble presentert under en seanse med Trump og Infantino i Det hvite hus i midten av november.<\/p>\n<p class=\"font-weight-bold m-font-weight-bold\" data-lab-font_weight=\"font-weight-bold\">&#8211; USA \u00f8nsker verden velkommen. Vi har alltid sagt at dette blir det beste og mest inkluderende fotball-VM i historien, og Fifa Pass er et konkret eksempel p\u00e5 det, sa Fifa-presidenten den gangen.<\/p>\n<p>    <a itemprop=\"url\" href=\"https:\/\/dinside.dagbladet.no\/okonomi\/tordner-veldig-kynisk\/83884102\" rel=\"nofollow noopener\" target=\"_blank\"><\/p>\n<p>      <img loading=\"lazy\" decoding=\"async\" src=\"https:\/\/www.europesays.com\/no\/wp-content\/uploads\/2025\/12\/1764961160_367_83885068.webp\" width=\"980\" height=\"441\" title=\"Tordner: - Veldig kynisk\" alt=\"\" class=\"lazyload\" style=\"--aspect-ratio-image: 2.22; \"\/><\/p>\n<p>        Tordner: &#8211; Veldig kynisk<\/p>\n<p>    <\/a><\/p>\n<p>Flere eksperter er imidlertid ikke enige i Infantinos beskrivelse.\u00a0<\/p>\n<p>&#8211; De gjorde det klart at disse spesialvisumene handler om prosessen, men at de ikke garanterer at du slipper inn selv om du har billett. S\u00e5 jeg lurer p\u00e5 om folk vil v\u00e6re bekymret for \u00e5 reise til USA, sier Elcombe til DinSide.<\/p>\n<p>Han p\u00e5peker ogs\u00e5 at fra et canadisk perspektiv var den opprinnelige ideen at folk lett skulle kunne kj\u00f8re mellom kamper i Canada, USA og Mexico.<\/p>\n<p>    <a itemprop=\"url\" href=\"https:\/\/dinside.dagbladet.no\/reise\/bytter-snart-drakter\/83869381\" rel=\"nofollow noopener\" target=\"_blank\"><\/p>\n<p>      <img loading=\"lazy\" decoding=\"async\" src=\"https:\/\/www.europesays.com\/no\/wp-content\/uploads\/2025\/12\/83869784.webp\" width=\"980\" height=\"441\" title=\"Bytter\" alt=\"\" class=\"lazyload\" style=\"--aspect-ratio-image: 2.22; \"\/><\/p>\n<p>        Bytter<\/p>\n<p>    <\/a><\/p>\n<p class=\"font-weight-bold m-font-weight-bold\" data-lab-font_weight=\"font-weight-bold\">&#8211; Men det inneb\u00e6rer jo en grensepassering, og jeg er usikker p\u00e5 hvor mange som er interessert i \u00e5 drive med det akkurat n\u00e5. Jeg tviler p\u00e5 at antallet bes\u00f8kende vil n\u00e5 Fifas anslag p\u00e5 6,5 millioner, sier Elcombe.<\/p>\n<p>Foruten innstrammingene i innreisepolitikken, har ogs\u00e5 Trump sendt eller fors\u00f8kt \u00e5 sende soldater inn i flere byer og erkl\u00e6rt unntakstilstand. Dette har f\u00f8rt til \u00f8kt politisk uro, som heller ikke gj\u00f8r byer s\u00e6rlig attraktive for turister.<\/p>\n<p>    <a itemprop=\"url\" href=\"https:\/\/dinside.dagbladet.no\/motor\/jukser-seg-til-lappen\/83878137\" rel=\"nofollow noopener\" target=\"_blank\"><\/p>\n<p>      <img loading=\"lazy\" decoding=\"async\" src=\"https:\/\/www.europesays.com\/no\/wp-content\/uploads\/2025\/12\/83878166.webp\" width=\"980\" height=\"441\" title=\"Jukser seg til lappen\" alt=\"\" class=\"lazyload\" style=\"--aspect-ratio-image: 2.22; \"\/><\/p>\n<p>        Jukser seg til lappen<\/p>\n<p>    <\/a><\/p>\n<p>Forel\u00f8pige tall for 2025 viser ogs\u00e5 at mange turister allerede ser ut til \u00e5 foretrekke andre land enn USA. Antallet bes\u00f8kende var til og med juli i \u00e5r 4 prosent lavere, sammenliknet med \u00e5ret f\u00f8r, if\u00f8lge tall fra USAs f\u00f8derale turismekontor (National Travel and Tourism Office).\u00a0<\/p>\n<p>Reiseanalyseselskapet Tourism Economics ansl\u00e5r at antallet bes\u00f8kende til USA vil synke med 6,3 prosent for hele 2025, skriver <a href=\"https:\/\/www.reuters.com\/sports\/soccer\/us-tourism-expected-score-big-with-fifa-world-cup-2025-11-19\/\" rel=\"nofollow noopener\" target=\"_blank\">Reuters<\/a>.<\/p>\n<p>    <a itemprop=\"url\" href=\"https:\/\/dinside.dagbladet.no\/data\/dramatisk-oppsving-pa-kort-tid\/83874297\" rel=\"nofollow noopener\" target=\"_blank\"><\/p>\n<p>      <img loading=\"lazy\" decoding=\"async\" src=\"https:\/\/www.europesays.com\/no\/wp-content\/uploads\/2025\/12\/83874405.webp\" width=\"980\" height=\"441\" title=\"- Dramatisk oppsving\" alt=\"\" class=\"lazyload\" style=\"--aspect-ratio-image: 2.22; \"\/><\/p>\n<p>        &#8211; Dramatisk oppsving<\/p>\n<p>    <\/a><\/p>\n<p>Truet\t<\/p>\n<p>Trump har ogs\u00e5, som et pressmiddel, truet med \u00e5 flytte kamper fra enkelte byer, som Seattle, fordi byen har en nyvalgt demokratisk sosialist som ordf\u00f8rer. Slike endringer kan skape store problemer for turister som booker reise og opphold en stund f\u00f8r avreise.\u00a0<\/p>\n<p>    Innreise til USA<\/p>\n<p>\u2022 Nordmenn som \u00f8nsker \u00e5 reise til USA m\u00e5 enten ha ESTA (Electronic System for Travel Authorization), eller visum. Dette m\u00e5 v\u00e6re i orden f\u00f8r avreise.\u00a0<\/p>\n<p>\u2022 Kontakt USAs ambassade i Oslo hvis du har sp\u00f8rsm\u00e5l om innreise til USA.<\/p>\n<p>\u2022 ESTA eller visum garanterer ikke innreise. Grensemyndighetene i USA tar den endelige avgj\u00f8relsen ved ankomst. Norske myndigheter kan ikke gripe inn i denne avgj\u00f8relsen.\u00a0<\/p>\n<p>\u2022 Lovbrudd i USA, uriktige opplysninger om form\u00e5let med oppholdet, eller tidligere overskridelse av tillatt oppholdstid, kan f\u00f8re til at man blir nektet innreise ved grensa.<\/p>\n<p>\u2022 Grensemyndighetene kan be om tilgang til dine elektroniske enheter, e-poster, tekstmeldinger og aktivitet p\u00e5 sosiale medier. Hvis du ikke gir tilgang, kan det medf\u00f8re innreisenekt.<\/p>\n<p class=\"italic m-italic\" data-lab-italic=\"italic\">Kilde: Utenriksdepartementet<\/p>\n<p>      Vis mer<br \/>\n      Vis mindre<\/p>\n<p>&#8211; Dersom vi tror det vil v\u00e6re noen tegn til problemer, vil jeg be Infantino om \u00e5 flytte det til en annen by, sa Trump under seansen med Fifa-presidenten i Det ovale kontor, if\u00f8lge <a href=\"https:\/\/www.theguardian.com\/football\/2025\/nov\/17\/us-world-cup-visa-tickets\" rel=\"nofollow noopener\" target=\"_blank\">The Guardian<\/a>.<\/p>\n<p>Trump gjorde det ogs\u00e5 klart at han er villig til \u00e5 sende soldater fra nasjonalgarden til en annen vertsby, Los Angeles, for \u00e5 drive kriminalitetsbekjempelse.<\/p>\n<p>    <a itemprop=\"url\" href=\"https:\/\/dinside.dagbladet.no\/okonomi\/klar-beskjed-ta-grep-na\/83812960\" rel=\"nofollow noopener\" target=\"_blank\"><\/p>\n<p>      <img loading=\"lazy\" decoding=\"async\" src=\"https:\/\/www.europesays.com\/no\/wp-content\/uploads\/2025\/12\/1764961164_296_83813244.webp\" width=\"980\" height=\"441\" title=\"Beskjed til over 900 000 nordmenn\" alt=\"\" class=\"lazyload\" style=\"--aspect-ratio-image: 2.22; \"\/><\/p>\n<p>        Beskjed til over 900 000 nordmenn<\/p>\n<p>    <\/a><\/p>\n<p class=\"font-weight-bold m-font-weight-bold\" data-lab-font_weight=\"font-weight-bold\">&#8211; Trump-administrasjonens innvandringspolitikk er problematisk for VM p\u00e5 mange fronter, sier professor i statsvitenskap ved Pacific University og tidligere fotballspiller, Jules Boykoff, til Din Side.\u00a0<\/p>\n<p>Han forklarer hvordan det er sterke visumrestriksjoner p\u00e5 noen land som er kvalifisert til VM, som Haiti og Iran.\u00a0<\/p>\n<p>&#8211; Det vil gj\u00f8re det praktisk talt umulig for deres fans \u00e5 v\u00e6re til stede, sier Boykoff.<\/p>\n<p>        <img loading=\"lazy\" decoding=\"async\" itemprop=\"image\" src=\"https:\/\/www.europesays.com\/no\/wp-content\/uploads\/2025\/12\/83886794.webp\" width=\"180\" height=\"180\" alt=\"\u2b05 Jules Boykoff\"\/><\/p>\n<p>            \u2b05 Jules Boykoff<br \/>\n            \u2b05 Jules<br \/>\n            Boykoff        <\/p>\n<p>Professor i statsvitenskap ved Pacific University og tidligere fotballspiller<\/p>\n<p>I tillegg mener han en annen gruppe fotballfans vil slite med lange ventetider for \u00e5 f\u00e5 visum behandlet.\u00a0<\/p>\n<p>&#8211; De som klarer \u00e5 komme seg gjennom gjennom grenseporten, risikerer \u00e5 bli p\u00e5grepet av ICE, som har herjet gjennom flere vertsbyer, sier Boykoff.<\/p>\n","protected":false},"excerpt":{"rendered":"Kort fortalt Fotball-VM i USA, Canada og Mexico neste sommer kan bli utfordrende for turister p\u00e5 grunn av&hellip;\n","protected":false},"author":2,"featured_media":105277,"comment_status":"","ping_status":"","sticky":false,"template":"","format":"standard","meta":{"footnotes":""},"categories":[59],"tags":[55,1991,30,28,29,1992,83,82,50,11859],"class_list":{"0":"post-105276","1":"post","2":"type-post","3":"status-publish","4":"format-standard","5":"has-post-thumbnail","7":"category-sport","8":"tag-donald-trump","9":"tag-ferie","10":"tag-no","11":"tag-norge","12":"tag-norway","13":"tag-reise","14":"tag-sport","15":"tag-sports","16":"tag-usa","17":"tag-vm2026"},"share_on_mastodon":{"url":"https:\/\/pubeurope.com\/@no\/115668502470038351","error":""},"_links":{"self":[{"href":"https:\/\/www.europesays.com\/no\/wp-json\/wp\/v2\/posts\/105276","targetHints":{"allow":["GET"]}}],"collection":[{"href":"https:\/\/www.europesays.com\/no\/wp-json\/wp\/v2\/posts"}],"about":[{"href":"https:\/\/www.europesays.com\/no\/wp-json\/wp\/v2\/types\/post"}],"author":[{"embeddable":true,"href":"https:\/\/www.europesays.com\/no\/wp-json\/wp\/v2\/users\/2"}],"replies":[{"embeddable":true,"href":"https:\/\/www.europesays.com\/no\/wp-json\/wp\/v2\/comments?post=105276"}],"version-history":[{"count":0,"href":"https:\/\/www.europesays.com\/no\/wp-json\/wp\/v2\/posts\/105276\/revisions"}],"wp:featuredmedia":[{"embeddable":true,"href":"https:\/\/www.europesays.com\/no\/wp-json\/wp\/v2\/media\/105277"}],"wp:attachment":[{"href":"https:\/\/www.europesays.com\/no\/wp-json\/wp\/v2\/media?parent=105276"}],"wp:term":[{"taxonomy":"category","embeddable":true,"href":"https:\/\/www.europesays.com\/no\/wp-json\/wp\/v2\/categories?post=105276"},{"taxonomy":"post_tag","embeddable":true,"href":"https:\/\/www.europesays.com\/no\/wp-json\/wp\/v2\/tags?post=105276"}],"curies":[{"name":"wp","href":"https:\/\/api.w.org\/{rel}","templated":true}]}}