{"id":105278,"date":"2025-12-05T19:00:13","date_gmt":"2025-12-05T19:00:13","guid":{"rendered":"https:\/\/www.europesays.com\/no\/105278\/"},"modified":"2025-12-05T19:00:13","modified_gmt":"2025-12-05T19:00:13","slug":"netflix-sluker-warner-bros-betaler-827-mrd-dollar","status":"publish","type":"post","link":"https:\/\/www.europesays.com\/no\/105278\/","title":{"rendered":"Netflix sluker Warner Bros: Betaler 82,7 mrd. dollar"},"content":{"rendered":"<p class=\"\">Styrene i b\u00e5de Netflix og WBD har enstemmig godkjent transaksjonen.\u00a0Partene venter at oppkj\u00f8pet endelig kan fullf\u00f8res om 12\u201318 m\u00e5neder.<\/p>\n<p>Netflix er i 19-tiden fredag ned rundt 3,5 prosent p\u00e5 Nasdaq, mens Warner Bros. stiger 1,8 prosent.<\/p>\n<p class=\"subhead\" data-element-type=\"subhead\" data-element-label=\"Mellomtittel\">Motb\u00f8r fra Trump<\/p>\n<p>Transaksjonen er betinget av myndighetsgodkjenninger og \u00f8vrige vanlige sluttbetingelser.\u00a0<\/p>\n<p><b>Dette kan bli en mulig hodepine, ettersom Trump-administrasjonen er \u00absv\u00e6rt skeptiske\u00bb til transaksjonen. Det sier en representant til <a href=\"https:\/\/www.cnbc.com\/2025\/12\/05\/trump-netflix-wbd-deal.html\" target=\"_blank\" rel=\"nofollow noopener\">CNBC<\/a>.\u00a0<\/b><\/p>\n<p>Ogs\u00e5 blant demokratene er det bekymringer. Senator Elizabeth Warren advarer i en uttalelse at sammensl\u00e5ingen, der Netflix vil kontrollere n\u00e6r halve markedet, vil gi \u00f8kte abonnementpriset og redusert str\u00f8mmeutvalget.\u00a0<\/p>\n<p>\u00abUnder Donald Trump har antimonopol-reglementet blitt en kloakk av politisk favorisering og korrupsjon. Justisdepartementet m\u00e5 h\u00e5ndheve lovverket \u00e5pent og rettferdig, og \u00edkke la sammensl\u00e5ingen bli en invitasjon til bestikkelser og p\u00e5virkning\u00bb, sier Warren.<\/p>\n<p>Paramount, en konkurrerende str\u00f8mmetjeneste, har gjentatte ganger bydd p\u00e5 hele WBD, og advart mot at Netflix tar over studio- og str\u00f8mmevirksomhet. Det vil \u00abforankre Netflix&#8217; globale dominans i strid med nasjonale og internasjonale konkurranselover\u00bb, if\u00f8lge deres advokater.<\/p>\n<p><b>Torsdag var Paramount-sjef David Ellison i Washington DC for \u00e5 fremme bekymringene rundt sammensl\u00e5ingen til n\u00f8kkelpersoner i Det Hvite Hus. Ellisons er s\u00f8nn av Oracle-grunnlegger Larry Ellison, en n\u00e6r st\u00f8ttespiller av Donald Trump og en av verdens rikeste personer.<\/b><\/p>\n<p>Aksjen til Paramount Skydance er i 19-tiden ned hele 7,7 prosent p\u00e5 nyheten.<\/p>\n","protected":false},"excerpt":{"rendered":"Styrene i b\u00e5de Netflix og WBD har enstemmig godkjent transaksjonen.\u00a0Partene venter at oppkj\u00f8pet endelig kan fullf\u00f8res om 12\u201318&hellip;\n","protected":false},"author":2,"featured_media":105279,"comment_status":"","ping_status":"","sticky":false,"template":"","format":"standard","meta":{"footnotes":""},"categories":[58],"tags":[71,30,28,29,72],"class_list":{"0":"post-105278","1":"post","2":"type-post","3":"status-publish","4":"format-standard","5":"has-post-thumbnail","7":"category-underholdning","8":"tag-entertainment","9":"tag-no","10":"tag-norge","11":"tag-norway","12":"tag-underholdning"},"share_on_mastodon":{"url":"https:\/\/pubeurope.com\/@no\/115668505265534355","error":""},"_links":{"self":[{"href":"https:\/\/www.europesays.com\/no\/wp-json\/wp\/v2\/posts\/105278","targetHints":{"allow":["GET"]}}],"collection":[{"href":"https:\/\/www.europesays.com\/no\/wp-json\/wp\/v2\/posts"}],"about":[{"href":"https:\/\/www.europesays.com\/no\/wp-json\/wp\/v2\/types\/post"}],"author":[{"embeddable":true,"href":"https:\/\/www.europesays.com\/no\/wp-json\/wp\/v2\/users\/2"}],"replies":[{"embeddable":true,"href":"https:\/\/www.europesays.com\/no\/wp-json\/wp\/v2\/comments?post=105278"}],"version-history":[{"count":0,"href":"https:\/\/www.europesays.com\/no\/wp-json\/wp\/v2\/posts\/105278\/revisions"}],"wp:featuredmedia":[{"embeddable":true,"href":"https:\/\/www.europesays.com\/no\/wp-json\/wp\/v2\/media\/105279"}],"wp:attachment":[{"href":"https:\/\/www.europesays.com\/no\/wp-json\/wp\/v2\/media?parent=105278"}],"wp:term":[{"taxonomy":"category","embeddable":true,"href":"https:\/\/www.europesays.com\/no\/wp-json\/wp\/v2\/categories?post=105278"},{"taxonomy":"post_tag","embeddable":true,"href":"https:\/\/www.europesays.com\/no\/wp-json\/wp\/v2\/tags?post=105278"}],"curies":[{"name":"wp","href":"https:\/\/api.w.org\/{rel}","templated":true}]}}