{"id":105281,"date":"2025-12-05T19:10:11","date_gmt":"2025-12-05T19:10:11","guid":{"rendered":"https:\/\/www.europesays.com\/no\/105281\/"},"modified":"2025-12-05T19:10:11","modified_gmt":"2025-12-05T19:10:11","slug":"trekningen-for-vm-2026-klar","status":"publish","type":"post","link":"https:\/\/www.europesays.com\/no\/105281\/","title":{"rendered":"Trekningen for VM 2026 klar"},"content":{"rendered":"<ul>\n<li>Se NRKs sending fra VM-trekningen i toppen av saken!<\/li>\n<\/ul>\n<p>I Washington D.C. fredag kveld ble Norge trukket i f\u00f8lgende gruppe til sommerens fotball-VM i USA, Canada og Mexico:<\/p>\n<ul>\n<li>Frankrike (nummer tre p\u00e5 Fifa-rankingen)<\/li>\n<li>Senegal (nummer 19 p\u00e5 Fifa-rankingen)<\/li>\n<li><strong>Norge <\/strong>(nummer 29 p\u00e5 Fifa-rankingen)<\/li>\n<li>Irak\/Bolivia\/Surinam (avgj\u00f8res i omspill i mars)<\/li>\n<\/ul>\n<p>\u2013 Jeg frykter ingen, sa landslagssjef St\u00e5le Solbakken til NRK p\u00e5 vei inn til trekningen.<\/p>\n<p>Norge ble liggende lenge da landene i pott tre ble trukket.<\/p>\n<p>\u2013 Det er bare knallt\u00f8ffe alternativer igjen, sa NRKs fotballekspert Kristoffer L\u00f8kberg da store deler av potten var ferdigtrukket.<\/p>\n<p>Norge kom sist ut av bollen og ble da trukket mot Frankrike og Senegal. Ettersom Norge allerede er trukket mot ett land fra Uefa, var det klart at det ikke ville komme et nytt Uefa-land fra pott fire.<\/p>\n<p>\u2013 Det er en fordel. Og s\u00e5 f\u00e5r vi f\u00e5r f\u00f8rste kamp mot laget fra pott fire. Det blir en n\u00f8kkelkamp i VM, sa L\u00f8kberg.<\/p>\n<p>Her spilles Norge gruppe<\/p>\n<p>At Norge havnet i gruppe I betyr at man er n\u00e6rmere \u00e5 vite akkurat hvor kampene til Erling Braut Haaland og co. skal spilles. Kampene i gruppe I skal spilles i New York\/New Jersey, Boston, Philadelphia og Toronto, men det er forel\u00f8pig ikke klart akkurat hvilke kamper som spilles hvor.<\/p>\n<p>Selve kampoppsettet, med tid, sted og klokkeslett for Norges tre gruppespillskamper, blir offentliggjort av Fifa l\u00f8rdag klokken 18 i en seremoni du kan f\u00f8lge p\u00e5 nrk.no.<\/p>\n<p>Norge spiller sine kamper slik (endelig tidspunkt ikke klart):<\/p>\n<ul>\n<li>16. juni: Norge &#8211; Irak\/Bolivia\/Surinam (spilles i New York\/New Jersey eller Boston)<\/li>\n<li>22. juni: Norge &#8211; Frankrike (spilles i New York\/New Jersey eller Philadelphia)<\/li>\n<li>26. juni: Norge &#8211; Senegal (spilles i Toronto eller Boston)<\/li>\n<\/ul>\n<p><strong>Dermed ligger det an til at Norge kan f\u00e5 en kamp p\u00e5 finalearenaen i New York\/New Jersey. <\/strong><\/p>\n<p>        Din dom over trekningen?<\/p>\n<p>        Dr\u00f8mmetrekning!<\/p>\n<p>        Middels<\/p>\n<p>        Mareritt-trekning<\/p>\n<p>      Vis resultat<\/p>\n<p class=\"pin-nrkno-poll__disclaimer\">\n    Denne avstemningen viser ikke hva befolkningen mener om sp\u00f8rsm\u00e5let.<br \/>\n    Resultatet viser hva de som selv har valgt \u00e5 stemme mener,<br \/>\n    og avstemningen har ikke et utvalg som gj\u00f8r den representativ for alle som bor i landet.\n  <\/p>\n<p>Halvannen time med show: \u2013 Spesiell seanse<\/p>\n<p>VM-trekningen, som fant sted i <a href=\"https:\/\/www.nrk.no\/fotballvm2026\/vm-trekninga-i-kennedy-center_-meiner-gianni-infantino-blir-brukt-av-donald-trump-1.17678557\" ec-id=\"pp:article:1.17678557\" ec-name=\"\u00e6rverdige Kennedy Center\" rel=\"nofollow noopener\" target=\"_blank\">\u00e6rverdige Kennedy Center<\/a>, ble fulgt av en samlet fotball-verden og tiltrakk seg en rekke prominente gjester og navn i den amerikanske hovedstaden fredag kveld.<\/p>\n<p>USAs kontroversielle president Donald Trump var til stede og holdt en tale, i forbindelse med at han vant den nyopprettede fredsprisen til Fifa &#8211; noe som har skapt reaksjoner fra flere hold:<\/p>\n<p>Selve showet ble ledet av superkjendisene Heidi Klum og Kevin Hart \u2013 med god hjelp av tidligere Manchester United-helt Rio Ferdinand.<\/p>\n<p>NFL-legenden Tom Brady, basketballstjernen Shaquille O&#8217;Neal, ishockeyikonet Wayne Gretzky og baseballspilleren Aaron Judge hjalp til med \u00e5 plukke lag opp fra bollen.<\/p>\n<p>I salen satt landslagssjefer fra deltakerlandene, deriblant <a href=\"https:\/\/www.nrk.no\/sport\/stale-solbakken-tvinges-til-usa-tur-og-vm-trekning_-_-jeg-hater-det-1.17671375\" ec-id=\"pp:article:1.17671375\" ec-name=\"en motvillig St\u00e5le Solbakken\" rel=\"nofollow noopener\" target=\"_blank\">en motvillig St\u00e5le Solbakken<\/a>, og fulgte n\u00f8ye med.<\/p>\n<p>Showet fikk fra flere hold kritikk for \u00e5 v\u00e6re vel langtekkelig, noe blant andre Skottland-stjernen John McGinn markerte ved \u00e5 legge ut et en video av et skjelett med hodetelefoner som faller ned fra en kontorstol.<\/p>\n<p>\u2013 Det har mildt sagt v\u00e6rt en spesiell seanse s\u00e5 langt, sa NRKs fotballekspert Kristoffer L\u00f8kberg da det omsider begynte \u00e5 bli litt sportslig fokus p\u00e5 scenen.<\/p>\n<p>F\u00f8rst etter n\u00e6rmere 90 minutter med show, og rundt 20 minutter forsinket, startet trekningen for alvor.<\/p>\n<p>NFF drar rett p\u00e5 leting etter VM-base<\/p>\n<p>Tidligere VG-kommentator og toppfotballsjef Truls D\u00e6hli, som har f\u00e5tt jobben som NFFs sportslige prosjektleder for VM 2026, sier til NRK at jobben n\u00e5 starter med \u00e5 finne en riktig s\u00e5kalt \u00abbasecamp\u00bb hvor Norge skal bo under gruppespillet. <\/p>\n<p>D\u00e6hli forteller at det er mye som st\u00e5r p\u00e5 listen over viktige kriterier.<\/p>\n<p>\u2013 Det handler om hvordan hotellet er og hvilke muligheter det gir for en hel tropp. Og s\u00e5 skal vi vurdere treningsanlegg, avstander mellom hotell og anlegg og s\u00e5 videre. Det er veldig mye som skal p\u00e5 plass, sier han til NRK.\n<\/p>\n<p><img decoding=\"async\"   src=\"data:image\/gif;base64,R0lGODlhAQABAIAAAAAAAP\/\/\/yH5BAEAAAAALAAAAAABAAEAAAIBRAA7\" loading=\"eager\" alt=\"Truls D\u00e6hli i Washington\" title=\"Foto: Halvor Ekeland \/ NRK\"\/><\/p>\n<p class=\"\">P\u00c5 PLASS: NFFs VM-sjef Truls D\u00e6hli m\u00f8tte NRK i Washington.<\/p>\n<p>Foto: Halvor Ekeland \/ NRK<\/p>\n<p>NFF vil n\u00e5 s\u00f8rge for \u00e5 bes\u00f8ke de mest aktuelle \u00abbasecampene\u00bb for \u00e5 f\u00e5 f\u00f8rsteh\u00e5nds kjennskap til omr\u00e5dene og styrker og svakheter ved hvert enkelt alternativ.<\/p>\n<p>\u2013 Er pris irrelevant for dere, er det kun sportslig fokus?<\/p>\n<p>\u2013 Nei, pris er relevant. Og det er ulike kategorier, s\u00e5 det blir selvf\u00f8lgelig en diskusjon. Det ligger noen rammer her, selv om tallene ikke er spikra. Vi skal pr\u00f8ve \u00e5 gj\u00f8re fornuftige vurderinger. Det er vanskelig \u00e5 si hvor det ender, men det er rammer her. Vi kan ikke bare g\u00e5 bananas, sier han.<\/p>\n<p>Tidenes st\u00f8rste<\/p>\n<p>VM starter med \u00e5pningskamp mellom Mexico og S\u00f8r-Afrika p\u00e5 Estadio Azteca i Mexico City 11. juni.<\/p>\n<p>Mesterskapet avsluttes med VM-finale p\u00e5 <a href=\"https:\/\/www.fifa.com\/en\/tournaments\/mens\/worldcup\/canadamexicousa2026\/articles\/new-york-new-jersey-stadium-host-world-cup-2026-final\" ec-id=\"https:\/\/www.fifa.com\/en\/tournaments\/mens\/worldcup\/canadamexicousa2026\/articles\/new-york-new-jersey-stadium-host-world-cup-2026-final\" ec-name=\"New York New Jersey stadion\" rel=\"nofollow noopener\" target=\"_blank\">New York New Jersey stadion<\/a> i New Jersey 19. juli.<\/p>\n<p>VM 2026 blir det st\u00f8rste i historien med 48 lag som deltar, og hele 104 kamper skal spilles fra start til slutt. Mesterskapet vil vare i 39 dager, en forlengelse fra de 29 dagene i VM i Qatar i 2022.<\/p>\n<p>Det er f\u00f8rste gang Norge deltar i et VM for menn siden 1998. De to beste fra hver gruppe g\u00e5r videre til sluttspillet, samt de \u00e5tte beste treerne.<\/p>\n<p>NRK og TV 2 deler rettighetene til mesterskapet.<\/p>\n<p>        St\u00e5le Solbakken: \u2013Jeg hater det<\/p>\n<p>    <img decoding=\"async\" class=\"playlist-item__img\" src=\"https:\/\/www.europesays.com\/no\/wp-content\/uploads\/2025\/12\/yySttM_laZA1gpvxWZWVcw2vyvuCpPYaA8HMt2L52Zdg.jpeg\"\/><br \/>\n     \u00abJinxer\u00bb Viking det med gull\u00f8let her<br \/>\n    00:39<\/p>\n<p>    <img decoding=\"async\" class=\"playlist-item__img\" src=\"https:\/\/www.europesays.com\/no\/wp-content\/uploads\/2025\/12\/8T8wo9gAULSdkm0hng4mdQqpl8NHrz4_ureOf9g97LhA.jpeg\"\/><br \/>\n     34 \u00e5r siden Viking tok gull<br \/>\n    01:08<\/p>\n<p>    <img decoding=\"async\" class=\"playlist-item__img\" src=\"https:\/\/www.europesays.com\/no\/wp-content\/uploads\/2025\/12\/wkEVta2glnNYKn7fuw5DvgHAEgT2Xe_VXCTURyRzZtsg.jpeg\"\/><br \/>\n     Feirer med \u00abgriddy\u00bb mot Brasil<br \/>\n    01:00<\/p>\n<p>\n          Vis flere\n        <\/p>\n<p>Publisert<\/p>\n<p>05.12.2025, kl. 19.53<\/p>\n<p>Oppdatert<\/p>\n<p>05.12.2025, kl. 20.09<\/p>\n","protected":false},"excerpt":{"rendered":"Se NRKs sending fra VM-trekningen i toppen av saken! I Washington D.C. fredag kveld ble Norge trukket i&hellip;\n","protected":false},"author":2,"featured_media":105282,"comment_status":"","ping_status":"","sticky":false,"template":"","format":"standard","meta":{"footnotes":""},"categories":[5],"tags":[20,21,24,25,15,19,22,23,17,18,13,30,28,29,14,16,26,27],"class_list":{"0":"post-105281","1":"post","2":"type-post","3":"status-publish","4":"format-standard","5":"has-post-thumbnail","7":"category-overskrifter","8":"tag-breaking-news","9":"tag-breakingnews","10":"tag-featured-news","11":"tag-featurednews","12":"tag-headlines","13":"tag-hovedoppslag","14":"tag-latest-news","15":"tag-latestnews","16":"tag-main-news","17":"tag-mainnews","18":"tag-news","19":"tag-no","20":"tag-norge","21":"tag-norway","22":"tag-nyheter","23":"tag-overskrifter","24":"tag-top-stories","25":"tag-topstories"},"share_on_mastodon":{"url":"https:\/\/pubeurope.com\/@no\/115668545034907067","error":""},"_links":{"self":[{"href":"https:\/\/www.europesays.com\/no\/wp-json\/wp\/v2\/posts\/105281","targetHints":{"allow":["GET"]}}],"collection":[{"href":"https:\/\/www.europesays.com\/no\/wp-json\/wp\/v2\/posts"}],"about":[{"href":"https:\/\/www.europesays.com\/no\/wp-json\/wp\/v2\/types\/post"}],"author":[{"embeddable":true,"href":"https:\/\/www.europesays.com\/no\/wp-json\/wp\/v2\/users\/2"}],"replies":[{"embeddable":true,"href":"https:\/\/www.europesays.com\/no\/wp-json\/wp\/v2\/comments?post=105281"}],"version-history":[{"count":0,"href":"https:\/\/www.europesays.com\/no\/wp-json\/wp\/v2\/posts\/105281\/revisions"}],"wp:featuredmedia":[{"embeddable":true,"href":"https:\/\/www.europesays.com\/no\/wp-json\/wp\/v2\/media\/105282"}],"wp:attachment":[{"href":"https:\/\/www.europesays.com\/no\/wp-json\/wp\/v2\/media?parent=105281"}],"wp:term":[{"taxonomy":"category","embeddable":true,"href":"https:\/\/www.europesays.com\/no\/wp-json\/wp\/v2\/categories?post=105281"},{"taxonomy":"post_tag","embeddable":true,"href":"https:\/\/www.europesays.com\/no\/wp-json\/wp\/v2\/tags?post=105281"}],"curies":[{"name":"wp","href":"https:\/\/api.w.org\/{rel}","templated":true}]}}