{"id":105283,"date":"2025-12-05T19:11:11","date_gmt":"2025-12-05T19:11:11","guid":{"rendered":"https:\/\/www.europesays.com\/no\/105283\/"},"modified":"2025-12-05T19:11:11","modified_gmt":"2025-12-05T19:11:11","slug":"handball-vm-sveriges-fiasko-komplett-det-foles-dritt","status":"publish","type":"post","link":"https:\/\/www.europesays.com\/no\/105283\/","title":{"rendered":"H\u00e5ndball-VM: Sveriges fiasko komplett: \u2013 Det f\u00f8les dritt"},"content":{"rendered":"\n<p class=\"_lead_o9xde_2 _lead_xtcu6_50 layout-component text-serif-m layout-normal text-serif-l layout-component layout-wide layout-padded _wide_17hqh_1 layout-padded\">De svenske h\u00e5ndballkvinnene var utsl\u00e5tt av VM allerede f\u00f8r de inntok parketten mot S\u00f8r-Korea fredag. Mesterskapet blir svenskenes svakeste p\u00e5 ti \u00e5r.<\/p>\n<p><img alt=\"Sverige og Emma er sl\u00e5tt ut av VM.  Foto: Beate Oma Dahle \/ NTB\" class=\"_image_qp4xg_65 layout-component layout-wide\" data-fullscreen- data-track-element-type=\"Article image fullscreen\" data-track-name=\"ImageFullscreen\" fetchpriority=\"high\" decoding=\"sync\" loading=\"eager\" height=\"3386\" itemprop=\"image\"  src=\"https:\/\/www.europesays.com\/no\/wp-content\/uploads\/2025\/12\/ebd4fa10-7740-4757-ae45-a70c675561aa\"  style=\"object-position:0% 0%\" width=\"5079\"\/>Sverige og Emma er sl\u00e5tt ut av VM.  Foto: Beate Oma Dahle \/ NTB<\/p>\n<ul aria-hidden=\"true\" class=\"_images_ntbth_112\">\n<li><a class=\"_link_ntbth_117\" href=\"https:\/\/www.vg.no\/forfatter\/ntb\" style=\"z-index:1\" title=\"NTB\" rel=\"nofollow noopener\" target=\"_blank\"><img alt=\"Bilde av NTB\" class=\"_image_ntbth_93\" fetchpriority=\"low\" loading=\"lazy\" decoding=\"async\" itemprop=\"image\"  src=\"https:\/\/www.europesays.com\/no\/wp-content\/uploads\/2025\/12\/1764961871_997_c33980b0-5d07-4027-84a1-813f90a7c8d6\"  width=\"480\"\/><\/a><\/li>\n<\/ul>\n<p> Oppdatert fredag 5. desember kl. 19:23     <\/p>\n<p class=\"_paragraph_o9xde_4 _paragraph_xtcu6_10 layout-component text-serif-m layout-normal text-serif-m layout-padded\"> \u2013 Det f\u00f8les dritt. Vi hadde h\u00f8yere forventninger, sier assisterende landslagssjef Johanna Wiberg til <a href=\"https:\/\/www.aftonbladet.se\/sportbladet\/a\/aJ2bad\/sverige-utslaget-ur-handbolls-vm-utan-att-spela\" class=\"_link_o9xde_39\" rel=\"nofollow noopener\" target=\"_blank\">Aftonbladet<\/a>.<\/p>\n<p class=\"_paragraph_o9xde_4 _paragraph_xtcu6_10 layout-component text-serif-m layout-normal text-serif-m layout-padded\">Sveriges sjanser til \u00e5 n\u00e5 kvartfinalen i mesterskapet i Tyskland og Nederland var sm\u00e5 allerede f\u00f8r fredagens kamper.<\/p>\n<p class=\"_paragraph_o9xde_4 _paragraph_xtcu6_10 layout-component text-serif-m layout-normal text-serif-m layout-padded\">Bl\u00e5gult tok bare med seg to poeng til mellomrunden fra det innledende gruppespillet, og etter 26-39-tapet for Norge onsdag sto laget p\u00e5 kanten av VM-stupet.<\/p>\n<p class=\"_paragraph_o9xde_4 _paragraph_xtcu6_10 layout-component text-serif-m layout-normal text-serif-m layout-padded\">Sverige var tvunget til \u00e5 vinne begge sine to gjenv\u00e6rende kamper i hovedrunden mot S\u00f8r-Korea og Angola for \u00e5 holde liv i h\u00e5pet om kvartfinale. Samtidig kunne ikke Brasil ta flere poeng i sine to siste kamper. <\/p>\n<p class=\"_paragraph_o9xde_4 _paragraph_xtcu6_10 layout-component text-serif-m layout-normal text-serif-m layout-padded\">Fredag lukket nettopp brasilianerne den svenske VM-d\u00f8ren med seier mot Angola. Det var samtidig som svenskene forberedte seg til oppgj\u00f8ret mot S\u00f8r-Korea.<\/p>\n<p class=\"_paragraph_o9xde_4 _paragraph_xtcu6_10 layout-component text-serif-m layout-normal text-serif-m layout-padded\">Sveriges landslagssjef Tomas Axn\u00e9r har m\u00e5ttet t\u00e5le mye kritikk under VM. Det vil ikke avta, uavhengig av resultatet mot S\u00f8r-Korea fredag kveld.<\/p>\n","protected":false},"excerpt":{"rendered":"De svenske h\u00e5ndballkvinnene var utsl\u00e5tt av VM allerede f\u00f8r de inntok parketten mot S\u00f8r-Korea fredag. Mesterskapet blir svenskenes&hellip;\n","protected":false},"author":2,"featured_media":105284,"comment_status":"","ping_status":"","sticky":false,"template":"","format":"standard","meta":{"footnotes":""},"categories":[59],"tags":[9443,30,28,29,83,82],"class_list":{"0":"post-105283","1":"post","2":"type-post","3":"status-publish","4":"format-standard","5":"has-post-thumbnail","7":"category-sport","8":"tag-handball-vm","9":"tag-no","10":"tag-norge","11":"tag-norway","12":"tag-sport","13":"tag-sports"},"share_on_mastodon":{"url":"https:\/\/pubeurope.com\/@no\/115668548661288286","error":""},"_links":{"self":[{"href":"https:\/\/www.europesays.com\/no\/wp-json\/wp\/v2\/posts\/105283","targetHints":{"allow":["GET"]}}],"collection":[{"href":"https:\/\/www.europesays.com\/no\/wp-json\/wp\/v2\/posts"}],"about":[{"href":"https:\/\/www.europesays.com\/no\/wp-json\/wp\/v2\/types\/post"}],"author":[{"embeddable":true,"href":"https:\/\/www.europesays.com\/no\/wp-json\/wp\/v2\/users\/2"}],"replies":[{"embeddable":true,"href":"https:\/\/www.europesays.com\/no\/wp-json\/wp\/v2\/comments?post=105283"}],"version-history":[{"count":0,"href":"https:\/\/www.europesays.com\/no\/wp-json\/wp\/v2\/posts\/105283\/revisions"}],"wp:featuredmedia":[{"embeddable":true,"href":"https:\/\/www.europesays.com\/no\/wp-json\/wp\/v2\/media\/105284"}],"wp:attachment":[{"href":"https:\/\/www.europesays.com\/no\/wp-json\/wp\/v2\/media?parent=105283"}],"wp:term":[{"taxonomy":"category","embeddable":true,"href":"https:\/\/www.europesays.com\/no\/wp-json\/wp\/v2\/categories?post=105283"},{"taxonomy":"post_tag","embeddable":true,"href":"https:\/\/www.europesays.com\/no\/wp-json\/wp\/v2\/tags?post=105283"}],"curies":[{"name":"wp","href":"https:\/\/api.w.org\/{rel}","templated":true}]}}