{"id":105289,"date":"2025-12-05T19:17:09","date_gmt":"2025-12-05T19:17:09","guid":{"rendered":"https:\/\/www.europesays.com\/no\/105289\/"},"modified":"2025-12-05T19:17:09","modified_gmt":"2025-12-05T19:17:09","slug":"rekordmange-skal-reise-i-julen-na-advares-turister-pa-gran-canaria","status":"publish","type":"post","link":"https:\/\/www.europesays.com\/no\/105289\/","title":{"rendered":"Rekordmange skal reise i julen \u2013 n\u00e5 advares turister p\u00e5 Gran Canaria"},"content":{"rendered":"<p class=\"kicker t14 tm14 font-NotoSans\" style=\"\"><a href=\"https:\/\/www.abcnyheter.no\/livsstil\" target=\"_blank\" rel=\"nofollow noopener\">Livsstil<\/a><\/p>\n<p>    Planlegger du en reise til Kanari\u00f8yene? Da b\u00f8r du passe deg for disse.<\/p>\n<p>\n        Amadores-stranden p\u00e5 Gran Canaria. Arkivfoto<br \/>\n        Borja Suarez\/NTB\n    <\/p>\n<p>Hvert \u00e5r reiser rundt 400.000 nordmenn til Kanari\u00f8yene. Og rundt 3.900 nordmenn og svensker bor der.<\/p>\n<p>I romjulen forventes det at <a href=\"https:\/\/dinside.dagbladet.no\/reise\/stikker-til-varmen\/83822578\" target=\"_blank\" rel=\"nofollow noopener\">flere enn noen gang<\/a> vil bytte ut ribbe og sn\u00f8 med palmer og sol \u2013 og mange av disse skal til Gran Canaria.<\/p>\n<p>Er du blant disse, b\u00f8r du ta noen forh\u00e5ndsregler.<\/p>\n<p>Les ogs\u00e5:\u00a0<a href=\"https:\/\/www.abcnyheter.no\/livsstil\/ryanair-med-ny-reiseregel-gjor-du-ikke-dette-far-du-ikke-fly\/1284232\" target=\"_blank\" rel=\"nofollow noopener\">Ryanair med ny reiseregel: Gj\u00f8r du ikke dette, f\u00e5r du ikke fly<\/a><\/p>\n<p>Sl\u00e5r alarm p\u00e5 Gran Canaria<\/p>\n<p>Det blir\u00a0sl\u00e5tt alarm om en utvikling p\u00e5 Gran Canaria som politi og ansatte i reiselivssektoren synes blir et stadig st\u00f8rre problem.<\/p>\n<p>Det er et \u00f8kende omfang av lommetyverier mot turister som er p\u00e5 ferie p\u00e5 \u00f8ya, melder\u00a0<a href=\"https:\/\/flysmart24.no\/2025\/12\/04\/slar-tyveri-alarm-verre-enn-noen-gang\/\" target=\"_blank\" rel=\"nofollow noopener\">flysmart24<\/a>.<\/p>\n<p>Mar\u00eda Lezcano, president for profesjonelle guider, sl\u00e5r alarm:<\/p>\n<p>\u2013 N\u00e5 er det verre enn noen gang, sier hun, if\u00f8lge den spanske avisen\u00a0<a href=\"https:\/\/www.laprovincia.es\/gran-canaria\/2025\/12\/01\/guias-turisticos-carteristas-gran-canaria-124325731.html\" rel=\"nofollow noopener\" target=\"_blank\">La Provincia<\/a>.<\/p>\n<p>Hun forteller at lommetyveri-problemene begynte \u00e5 \u00f8ke for tre \u00e5r siden, men at det i november n\u00e5dde et niv\u00e5 som man aldri har opplevd tidligere.<\/p>\n<p>                <img decoding=\"async\" src=\"https:\/\/www.europesays.com\/no\/wp-content\/uploads\/2025\/12\/1212953.webp\" width=\"480\" height=\"274\" title=\"Playa de Las Canteras \u2013 den tre kilometer lange stranden i hjertet av Las Palmas p\u00e5 Gran Canaria.\" alt=\"\" loading=\"lazy\" style=\"\"\/><\/p>\n<p>\n            Playa de Las Canteras \u2013 den tre kilometer lange stranden i hjertet av Las Palmas p\u00e5 Gran Canaria.<br \/>\n            Oleksandr Prykhodko \/ Colourbox\n        <\/p>\n<p>Les ogs\u00e5:\u00a0<a href=\"https:\/\/www.abcnyheter.no\/livsstil\/na-kan-du-nektes-a-fly-i-fire-ar-og-fa-bot-pa-flere-hundre-tusen-kroner\/1303351\" target=\"_blank\" rel=\"nofollow noopener\">N\u00e5 kan du nektes \u00e5 fly i\u00a0fire \u00e5r \u2013 og f\u00e5 bot p\u00e5 flere\u00a0hundre tusen kroner<\/a><\/p>\n<p>Fire lommetyver p\u00e5 30 minutter<\/p>\n<p>        <a itemprop=\"url\" class=\"\" href=\"https:\/\/www.abcnyheter.no\/livsstil\/dette-er-de-billigste-stedene-a-reise-i-vinter\/1291485\" data-k5a-url=\"https:\/\/www.abcnyheter.no\/a\/1291485\" rel=\"nofollow noopener\" target=\"_blank\"><\/p>\n<p>LOGG INN &#8211; KOSTNADSFRITT<\/p>\n<p>            Hit er det billigst \u00e5 reise i vinter<\/p>\n<p itemprop=\"section\" class=\"section\" data-tag=\"livsstil\">livsstil<\/p>\n<p>        <\/a><\/p>\n<p>Det rapporteres om tyverier hver eneste dag, forteller Lezcano.<\/p>\n<p>\u2013 Forrige uke pr\u00f8vde fire lommetyver \u00e5 rane meg p\u00e5 30 minutter,\u00a0sier hun.<\/p>\n<p>Tyvene opptrer som turister og glir inn i milj\u00f8et blant andre turister. De bryter seg ogs\u00e5 inn i turistbusser som st\u00e5r parkert p\u00e5 utfluktsstedene. Der t\u00f8mmer de det de finner av verdisaker, opplyser flysmart24.<\/p>\n<p>Flere av tyvene som politiet har arrestert, har innr\u00f8mmet overfor politiet at de har reist til Kanari\u00f8yene kun med hensikt om \u00e5 stjele.\u00a0<\/p>\n<p>Det spanske feriem\u00e5let Mallorca sliter ogs\u00e5 med \u00f8kende antall tyveri og annen kriminalitet, if\u00f8lge flysmart24.<\/p>\n","protected":false},"excerpt":{"rendered":"Livsstil Planlegger du en reise til Kanari\u00f8yene? Da b\u00f8r du passe deg for disse. Amadores-stranden p\u00e5 Gran Canaria.&hellip;\n","protected":false},"author":2,"featured_media":105290,"comment_status":"","ping_status":"","sticky":false,"template":"","format":"standard","meta":{"footnotes":""},"categories":[12],"tags":[20,21,24,25,15,22,23,13,30,28,29,14,16,26,27,42,43,44,45],"class_list":{"0":"post-105289","1":"post","2":"type-post","3":"status-publish","4":"format-standard","5":"has-post-thumbnail","7":"category-verden","8":"tag-breaking-news","9":"tag-breakingnews","10":"tag-featured-news","11":"tag-featurednews","12":"tag-headlines","13":"tag-latest-news","14":"tag-latestnews","15":"tag-news","16":"tag-no","17":"tag-norge","18":"tag-norway","19":"tag-nyheter","20":"tag-overskrifter","21":"tag-top-stories","22":"tag-topstories","23":"tag-verden","24":"tag-world","25":"tag-world-news","26":"tag-worldnews"},"share_on_mastodon":{"url":"https:\/\/pubeurope.com\/@no\/115668572262276341","error":""},"_links":{"self":[{"href":"https:\/\/www.europesays.com\/no\/wp-json\/wp\/v2\/posts\/105289","targetHints":{"allow":["GET"]}}],"collection":[{"href":"https:\/\/www.europesays.com\/no\/wp-json\/wp\/v2\/posts"}],"about":[{"href":"https:\/\/www.europesays.com\/no\/wp-json\/wp\/v2\/types\/post"}],"author":[{"embeddable":true,"href":"https:\/\/www.europesays.com\/no\/wp-json\/wp\/v2\/users\/2"}],"replies":[{"embeddable":true,"href":"https:\/\/www.europesays.com\/no\/wp-json\/wp\/v2\/comments?post=105289"}],"version-history":[{"count":0,"href":"https:\/\/www.europesays.com\/no\/wp-json\/wp\/v2\/posts\/105289\/revisions"}],"wp:featuredmedia":[{"embeddable":true,"href":"https:\/\/www.europesays.com\/no\/wp-json\/wp\/v2\/media\/105290"}],"wp:attachment":[{"href":"https:\/\/www.europesays.com\/no\/wp-json\/wp\/v2\/media?parent=105289"}],"wp:term":[{"taxonomy":"category","embeddable":true,"href":"https:\/\/www.europesays.com\/no\/wp-json\/wp\/v2\/categories?post=105289"},{"taxonomy":"post_tag","embeddable":true,"href":"https:\/\/www.europesays.com\/no\/wp-json\/wp\/v2\/tags?post=105289"}],"curies":[{"name":"wp","href":"https:\/\/api.w.org\/{rel}","templated":true}]}}