{"id":105291,"date":"2025-12-05T19:19:14","date_gmt":"2025-12-05T19:19:14","guid":{"rendered":"https:\/\/www.europesays.com\/no\/105291\/"},"modified":"2025-12-05T19:19:14","modified_gmt":"2025-12-05T19:19:14","slug":"seksuell-trakassering-slar-julebord-alarm-urovekkende-og-alvorlig","status":"publish","type":"post","link":"https:\/\/www.europesays.com\/no\/105291\/","title":{"rendered":"Seksuell trakassering: Sl\u00e5r \u00abjulebord-alarm\u00bb:\u00a0&#8211; Urovekkende og alvorlig"},"content":{"rendered":"<p>    Kort fortalt<\/p>\n<p lang=\"nb-NO\">Julebordsesongen er i gang, og med den \u00f8ker risikoen for seksuell trakassering.<\/p>\n<p lang=\"nb-NO\">Fellesforbundet advarer om at ansatte i hotell- og restaurantbransjen ofte opplever u\u00f8nsket oppf\u00f8rsel.<\/p>\n<p lang=\"nb-NO\">En nasjonal unders\u00f8kelse viser at \u00e9n av fire arbeidstakere har opplevd seksuell trakassering det siste \u00e5ret.<\/p>\n<p lang=\"nb-NO\">Professor Fanny Duckert understreker at alkohol ikke unnskylder d\u00e5rlig oppf\u00f8rsel.<\/p>\n<p class=\"italic ai-disclaimer\" data-lab-italic=\"italic\">Sammendraget er laget av ChatGPT og godkjent av DinSide.<\/p>\n<p>      Vis mer<br \/>\n      Vis mindre<\/p>\n<p>Julebordsesongen er allerede godt i gang. De kommende helgene skal tusenvis av nordmenn ut for \u00e5 feste med glitter, god stemning &#8211; og kanskje for noen &#8211; litt for mye i glasset.\u00a0<\/p>\n<p>    <a itemprop=\"url\" href=\"https:\/\/dinside.dagbladet.no\/video\/ikke-gjor-dette\/P56YqCTW\" rel=\"nofollow noopener\" target=\"_blank\"><\/p>\n<p>      <img loading=\"lazy\" decoding=\"async\" src=\"https:\/\/www.europesays.com\/no\/wp-content\/uploads\/2025\/12\/1764962349_476_83923109.webp\" width=\"980\" height=\"441\" title=\"Ikke gj\u00f8r dette!\" alt=\"\" class=\"lazyload\" style=\"--aspect-ratio-image: 2.22; \"\/><\/p>\n<p>        Ikke gj\u00f8r dette!<\/p>\n<p>    <\/a><\/p>\n<p>Med det \u00f8ker ogs\u00e5 risikoen for seksuell trakassering og u\u00f8nsket oppf\u00f8rsel. Rettet mot gjester, ansatte og blant kolleger.\u00a0<\/p>\n<p>&#8211; Julebordssesongen er h\u00f8ytida for dette, sier forbundssekret\u00e6r i Fellesforbundet, Clas Delp, til DinSide, og fortsetter:\u00a0<\/p>\n<p>&#8211; Dette er en tid der flere som vanligvis ikke er det, er mer ute sammen med bedriften, p\u00e5 byen med venner eller i andre sosiale lag. Dessverre er det ogs\u00e5 en tid hvor en del ikke vet helt hvor grensa g\u00e5r.\u00a0<\/p>\n<p>        <img loading=\"lazy\" decoding=\"async\" itemprop=\"image\" src=\"https:\/\/www.europesays.com\/no\/wp-content\/uploads\/2025\/12\/83926854.webp\" width=\"180\" height=\"180\" alt=\"&lt;br&gt;Clas Delp\"\/><\/p>\n<p>Clas Delp<br \/>\n            <br \/>Clas<br \/>\n            Delp        <\/p>\n<p>Forbundssekret\u00e6r i Fellesforbundet<\/p>\n<p>Fellesforbundet er Norges st\u00f8rste fagforbund i privat sektor, med over 175 000 medlemmer. Mange av dem jobber innen hotell- og restaurantbransjen, der mange nettopp opplever grenseoverskridende adferd fra gjester, if\u00f8lge Delp.\u00a0<\/p>\n<p>    <a itemprop=\"url\" href=\"https:\/\/dinside.dagbladet.no\/video\/brann-da-sikrer-du-deg\/YtKHdrdq\" rel=\"nofollow noopener\" target=\"_blank\"><\/p>\n<p>      <img loading=\"lazy\" decoding=\"async\" src=\"https:\/\/www.europesays.com\/no\/wp-content\/uploads\/2025\/12\/83933306.webp\" width=\"980\" height=\"441\" title=\"Brann: - Da sikrer du deg\" alt=\"\" class=\"lazyload\" style=\"--aspect-ratio-image: 2.22; \"\/><\/p>\n<p>        Brann: &#8211; Da sikrer du deg<\/p>\n<p>    <\/a><\/p>\n<p>Han forklarer at tilfellene dekker hele spekteret, fra muntlige, upassende kommentarer, til mer fysisk, u\u00f8nsket kontakt.\u00a0<\/p>\n<p>Omtrent \u00e9n av fem kvinnelige ansatte i bransjen oppgir at de har blitt utsatt for u\u00f8nsket seksuell oppmerksomhet, kommentarer eller liknende, enten m\u00e5nedlig eller oftere, if\u00f8lge <a href=\"https:\/\/www.fellesforbundet.no\/aktuelt\/nyheter\/2025\/de-ansatte-er-aldri-en-del-av-menyen\/\" target=\"_blank\" rel=\"nofollow noopener\">Fellesforbundet<\/a>.\u00a0<\/p>\n<p>&#8211; Kvinner er overrepresentert, det er det ingen tvil om. Men det oppleves ogs\u00e5 av menn. B\u00e5de unge og voksne.\u00a0<\/p>\n<p>    <a itemprop=\"url\" href=\"https:\/\/dinside.dagbladet.no\/video\/clean-label-se-etter-dette\/1fbrk5Gc\" rel=\"nofollow noopener\" target=\"_blank\"><\/p>\n<p>      <img loading=\"lazy\" decoding=\"async\" src=\"https:\/\/www.europesays.com\/no\/wp-content\/uploads\/2025\/12\/83883243.webp\" width=\"980\" height=\"441\" title=\"\u00abClean label\u00bb: - Se etter dette\" alt=\"\" class=\"lazyload\" style=\"--aspect-ratio-image: 2.22; \"\/><\/p>\n<p>        \u00abClean label\u00bb: &#8211; Se etter dette<\/p>\n<p>    <\/a><\/p>\n<p>Delp er klar p\u00e5 at MeToo-bevegelsen har bidratt til \u00e5 sette s\u00f8kelys p\u00e5 problematikken.\u00a0<\/p>\n<p>&#8211; N\u00e5 er dette en anerkjent og akseptert problemstilling. N\u00e5r det snakkes mer om, kan det selvsagt ogs\u00e5 oppleves som at problemet er st\u00f8rre, men det kan vel s\u00e5 mye v\u00e6re det at folk faktisk t\u00f8r \u00e5 snakke om det.\u00a0<\/p>\n<p>    <a itemprop=\"url\" href=\"https:\/\/dinside.dagbladet.no\/bolig\/slar-alarm-krise\/83921542\" rel=\"nofollow noopener\" target=\"_blank\"><\/p>\n<p>      <img loading=\"lazy\" decoding=\"async\" src=\"https:\/\/www.europesays.com\/no\/wp-content\/uploads\/2025\/12\/1764962351_826_83922281.webp\" width=\"980\" height=\"441\" title=\"- Helt krise\" alt=\"\" class=\"lazyload\" style=\"--aspect-ratio-image: 2.22; \"\/><\/p>\n<p>        &#8211; Helt krise<\/p>\n<p>    <\/a><\/p>\n<p>&#8211; Alvorlig samfunnsproblem\t<\/p>\n<p> Trakasseringsbarometeret 2025 viser at \u00e9n av fire arbeidstakere i Norge har opplevd seksuell trakassering eller u\u00f8nsket seksuell atferd det siste \u00e5ret, if\u00f8lge <a href=\"https:\/\/kommunikasjon.ntb.no\/pressemelding\/18724405\/julebord-er-ikke-unntatt-arbeidsmiljoloven?publisherId=14974413&amp;lang=no\" target=\"_blank\" rel=\"nofollow noopener\">Arbeidstilsynet<\/a>. Det er en \u00f8kning p\u00e5 3 prosentpoeng.\u00a0<\/p>\n<p>&#8211; Det er en liten, men signifikant \u00f8kning her. Det er et stort arbeidsmilj\u00f8problem at rundt halvparten sier at de blir utsatt for dette p\u00e5 arbeidsplassen. Det er et veldig urovekkende og alvorlig samfunnsproblem at det g\u00e5r opp, og ikke ned, sier seniorr\u00e5dgiver i Arbeidstilsynet, Trine Elise Hammer, til DinSide.\u00a0<\/p>\n<p class=\"font-weight-bold m-font-weight-bold\" data-lab-font_weight=\"font-weight-bold\">Hammer forklarer at denne typen oppf\u00f8rsel foreg\u00e5r p\u00e5 mange forskjellige m\u00e5ter:<\/p>\n<ul>\n<li class=\"lab-bodytext-line\">Verbalt &#8211; seksualiserte kommentarer p\u00e5 kropp og utseende.<\/li>\n<li class=\"lab-bodytext-line\">Ikke-verbalt &#8211; kroppsbevegelser som blikking og stirring p\u00e5 intime kroppsdeler.\u00a0<\/li>\n<li class=\"lab-bodytext-line\">Fysisk handling &#8211; klemming som er seksuelt ladet, kyssing, kl\u00e5ing, tafsing til enda mer alvorlige, straffbare handlinger.\u00a0<\/li>\n<li class=\"lab-bodytext-line\">Digitalt &#8211; seksualiserte meldinger, videoer i sosiale medier.\u00a0<\/li>\n<\/ul>\n<p>&#8211; Helt uavhengig av hvilken m\u00e5te det foreg\u00e5r p\u00e5, er denne typen oppf\u00f8rsel forbudt, legger hun til.\u00a0<\/p>\n<p>        <img loading=\"lazy\" decoding=\"async\" itemprop=\"image\" src=\"https:\/\/www.europesays.com\/no\/wp-content\/uploads\/2025\/12\/83928212.webp\" width=\"180\" height=\"180\" alt=\"&lt;br&gt;Trine Elise Hammer\"\/><\/p>\n<p>Trine Elise Hammer<br \/>\n            <br \/>Trine Elise<br \/>\n            Hammer        <\/p>\n<p>Seniorr\u00e5dgiver i Arbeidstilsynet<\/p>\n<p>Forekomsten av slike situasjoner, \u00f8ker ofte i sosiale lag der alkohol er innblandet, if\u00f8lge Hammer.\u00a0<\/p>\n<p>&#8211; Som kjent nyter mange alkohol p\u00e5 julebord, og det er en risikofaktor. Det er klart at det er en bekymring.\u00a0<\/p>\n<p>    Arbeidstilsynets r\u00e5d: &#8211; En plikt<\/p>\n<p>&#8211; Det er viktig \u00e5 huske at det som skjer i en sosial setting som julebord, kan f\u00e5 konsekvenser for arbeidshverdagen n\u00e5r du kommer tilbake p\u00e5 jobben p\u00e5 mandagen, forteller Trine Elise Hammer i Arbeidstilsynet.\u00a0<\/p>\n<p>Derfor b\u00f8r man\u00a0ha en god kultur p\u00e5 arbeidsplassen som gj\u00f8r det mulig \u00e5 si ifra, og at det blir mottatt, enten det er innad i en bedrift eller en vennegjeng.\u00a0<\/p>\n<ul>\n<li class=\"lab-bodytext-line\">Man b\u00f8r ha regler og retningslinjer for atferd. Det finnes gr\u00e5soner, som gj\u00f8r at det er viktig at man snakker om det p\u00e5 arbeidsplassen.\u00a0<\/li>\n<li class=\"lab-bodytext-line\"> Man trenger tydelig oppl\u00e6ring i rutinene for hva man skal gj\u00f8re om man blir utsatt for u\u00f8nsket seksuell oppmerksomhet. N\u00e5r man vet hva man skal gj\u00f8re, er det lavere terskel for \u00e5 si i fra. <\/li>\n<li class=\"lab-bodytext-line\"> Andre ansatte har ogs\u00e5 en plikt til \u00e5 medvirke til et godt arbeidssted. Hvis man ser at noe foreg\u00e5r, m\u00e5 du si i fra, slik at du ikke bare forholder deg passiv. <\/li>\n<\/ul>\n<p class=\"italic m-italic\" data-lab-italic=\"italic\">Kilde: Trine Elise Hammer i Arbeidstilsynet<\/p>\n<p>      Vis mer<br \/>\n      Vis mindre<\/p>\n<p>&#8211; Ansvarsfritakning\t<\/p>\n<p>Dette understreker ogs\u00e5 professor og en av landets fremste\u00a0eksperter p\u00e5 rus og psykologi, Fanny Duckert.\u00a0<\/p>\n<p>&#8211; Alkohol kan ikke skape noe som ikke er der. Det du tar ut i fylla, er ogs\u00e5 en del av deg selv, sier hun til DinSide.\u00a0<\/p>\n<p>    <a itemprop=\"url\" href=\"https:\/\/dinside.dagbladet.no\/fritid\/klesvasken-din-avslorer-deg\/83899210\" rel=\"nofollow noopener\" target=\"_blank\"><\/p>\n<p>      <img loading=\"lazy\" decoding=\"async\" src=\"https:\/\/www.europesays.com\/no\/wp-content\/uploads\/2025\/12\/1764962352_781_83899343.webp\" width=\"980\" height=\"441\" title=\"Klesvasken din avsl\u00f8rer deg\" alt=\"\" class=\"lazyload\" style=\"--aspect-ratio-image: 2.22; \"\/><\/p>\n<p>        Klesvasken din avsl\u00f8rer deg<\/p>\n<p>    <\/a><\/p>\n<p>Hun har forsket p\u00e5 drikkevaner i flere ti\u00e5r, og har tidlig behandling av alkoholproblemer som del av sitt spesialfelt.\u00a0<\/p>\n<p>Professoren ber nordmenn som skal p\u00e5 julebord, tenke over nettopp dette.\u00a0<\/p>\n<p> &#8211; Vi burde innf\u00f8re litt mer ansvarlighet p\u00e5 hva vi sier og gj\u00f8r n\u00e5r vi drikker, for vi uttrykker noe i oss selv. Vi viser fram en side av oss selv som er oss der og da.\u00a0<\/p>\n<p>        <img loading=\"lazy\" decoding=\"async\" itemprop=\"image\" src=\"https:\/\/www.europesays.com\/no\/wp-content\/uploads\/2025\/12\/83927445.webp\" width=\"180\" height=\"180\" alt=\"&lt;br&gt;Fanny Duckert\"\/><\/p>\n<p>Fanny Duckert<br \/>\n            <br \/>Fanny<br \/>\n            Duckert        <\/p>\n<p>Professor i psykologi og klinisk spesialist<\/p>\n<p>Hun sammenlikner det med hvordan det var i \u00abgamledager\u00bb, da man levde mer trauste og innstengte liv, og m\u00f8ttes ved spesielle anledninger, samlet sammen det man hadde av alkohol og utagerte det man ikke fikk gjort til hverdags.\u00a0<\/p>\n<p>&#8211; Disse gamle greiene med \u00e5 ta ut slike f\u00f8lelser og oppf\u00f8rsel, n\u00e5r man har drukket,\u00a0henger litt igjen. Det man gj\u00f8r n\u00e5r man er full, det gjelder liksom ikke p\u00e5 samme m\u00e5ten som n\u00e5r man er edru. Det er en slags felles forst\u00e5else og ansvarsfritakning, men det du slipper l\u00f8s i fylla, er ogs\u00e5 deg selv, og sier noe om deg selv som person.\u00a0<\/p>\n<p>    Professorens r\u00e5d til nordmenn i forkant av julebordet:<\/p>\n<p class=\"font-weight-black m-font-weight-black\" data-lab-font_weight=\"font-weight-black\">Avklar ting p\u00e5 forh\u00e5nd<\/p>\n<ul data-lab-font_weight=\"font-weight-black\" class=\"font-weight-black m-font-weight-black\">\n<p class=\"lab-bodytext-line\">&#8211; Ansvarliggj\u00f8r de som skal p\u00e5 julebordet, og redegj\u00f8r for hvilken oppf\u00f8rsel som er godtatt, og hva som er ufint.\u00a0<\/p>\n<\/ul>\n<p data-lab-font_weight=\"font-weight-black\" class=\"font-weight-black m-font-weight-black\">Unng\u00e5 stormfyll<\/p>\n<ul data-lab-font_weight=\"font-weight-black\" class=\"font-weight-black m-font-weight-black\">\n<p class=\"lab-bodytext-line\">&#8211; Det er ikke smart med fri bar, og man b\u00f8r v\u00e6re forsiktig med spriten. Skal man ha det tradisjonelt med \u00f8l og akevitt, s\u00e5 kj\u00f8r det heller med alkoholfritt \u00f8l eller lett-\u00f8l. Da f\u00e5r man ikke denne raske promillestigningen som gj\u00f8r at man blir mer uansvarlig og lettere mister kontrollen.\u00a0<\/p>\n<\/ul>\n<p class=\"font-weight-black m-font-weight-black\" data-lab-font_weight=\"font-weight-black\">Ikke alltid ta kampen i heten\u00a0<\/p>\n<ol>\n<p class=\"lab-bodytext-line\">&#8211; En direkte konfrontasjon med fulle folk er ikke s\u00e5 effektivt. Er man full er man intens p\u00e5 sending og ikke s\u00e5 god p\u00e5 mottak. Det \u00f8ker risikoen for konflikt.\u00a0<\/p>\n<\/ol>\n<p class=\"font-weight-black m-font-weight-black\" data-lab-font_weight=\"font-weight-black\">Pass p\u00e5 \u00e5 ikke g\u00e5 for hardt ut i starten\u00a0<\/p>\n<ul>\n<p class=\"lab-bodytext-line\">&#8211; En del av grunnen til at mange blir overstadig fulle, er at de drikker for br\u00e5tt og fort p\u00e5 tom mage. Hvis man tenker at den\u00a0\u00abgode rusen\u00bb er en mer moderat promille, kan det v\u00e6re smart \u00e5 spise og drikke noe alkoholfritt i forkant, slik at du har noe \u00e5 fordele alkoholen p\u00e5. Det kan ogs\u00e5 v\u00e6re lurt med en liten drikkepause.\u00a0<\/p>\n<\/ul>\n<p class=\"font-weight-black m-font-weight-black\" data-lab-font_weight=\"font-weight-black\">Kilde: Fanny Duckert, professor i psykologi\u00a0<\/p>\n<p>      Vis mer<br \/>\n      Vis mindre<\/p>\n<p class=\"italic m-italic\" data-lab-italic=\"italic\">Lurer du p\u00e5 hvilke tabber du kanskje gj\u00f8r p\u00e5 julebord eller restaurantbes\u00f8k i jula? DinSide m\u00f8tte etikette-ekspert\u00a0Mathias Toresen i Palmehagen p\u00e5 Grand Hotel i Oslo og fikk svaret:\u00a0<\/p>\n<p>    <a itemprop=\"url\" href=\"https:\/\/dinside.dagbladet.no\/fritid\/fem-tabber-avslorer-deg\/83902748\" rel=\"nofollow noopener\" target=\"_blank\"><\/p>\n<p>      <img loading=\"lazy\" decoding=\"async\" src=\"https:\/\/www.europesays.com\/no\/wp-content\/uploads\/2025\/12\/83914256.webp\" width=\"147\" height=\"98\" title=\"Fem tabber avsl\u00f8rer deg\" alt=\"\" class=\"lazyload\" style=\"--aspect-ratio-image: 1.50; \"\/><\/p>\n<p>        Fem tabber avsl\u00f8rer deg<\/p>\n<p>    <\/a><\/p>\n<p>Ikke greit \u00e5 v\u00e6re drittsekk\t<\/p>\n<p>Duckert presiserer at dette ikke handler om \u00e5 frata folk festgleden ved julebord.\u00a0<\/p>\n<p>&#8211; Det er godt for nordmenn \u00e5 sl\u00e5 ut h\u00e5ret, danse, le og fl\u00f8rte, men det er ingenting i rusen som gir deg full \u00e5pning for \u00e5 v\u00e6re en drittsekk. Det er grenser.\u00a0<\/p>\n<p>    <a itemprop=\"url\" href=\"https:\/\/dinside.dagbladet.no\/okonomi\/viser-hvor-viktig-det-er\/83926936\" rel=\"nofollow noopener\" target=\"_blank\"><\/p>\n<p>      <img loading=\"lazy\" decoding=\"async\" src=\"https:\/\/www.europesays.com\/no\/wp-content\/uploads\/2025\/12\/83927184.webp\" width=\"147\" height=\"98\" title=\"- Viser hvor viktig det er\" alt=\"\" class=\"lazyload\" style=\"--aspect-ratio-image: 1.50; \"\/><\/p>\n<p>        &#8211; Viser hvor viktig det er<\/p>\n<p>    <\/a><\/p>\n<p>Den m\u00e5 g\u00e5 der mottaker opplever at den skal g\u00e5, if\u00f8lge Delp i Fellesforbundet.\u00a0<\/p>\n<p>&#8211; De ansatte er individer, og alle har rett til \u00e5 sette sine egne grenser for hva som er greit og ikke, sier han og fortsetter:\u00a0<\/p>\n<p>&#8211; Men for \u00e5 skj\u00f8nne det, kan man f\u00f8rst snu p\u00e5 det, og tenke p\u00e5 hvordan man selv vil oppleve en s\u00e5nn situasjon. Sette seg inn i den andre enden av situasjonen, og tenke hva du ville ha syntes at var greit av oppf\u00f8rsel, eller ville ha opplevd som ubehagelig.\u00a0<\/p>\n<p>    Dette b\u00f8r du gj\u00f8re om du opplever u\u00f8nsket oppf\u00f8rsel p\u00e5 jobb:<\/p>\n<ul>\n<li class=\"lab-bodytext-line\">Sett temaet p\u00e5 agendaen. Hver enkelt bedrift b\u00f8r i forkant ha tydelige holdninger og interne regler p\u00e5 hva som er greit og ikke.\u00a0<\/li>\n<li class=\"lab-bodytext-line\">Om situasjoner med u\u00f8nsket atferd skulle oppst\u00e5, b\u00f8r man i f\u00f8rste rekke si ifra til personen(e), gi uttrykk for at det er u\u00f8nsket og avvise det.\u00a0<\/li>\n<li class=\"lab-bodytext-line\">Meld fra til arbeidsgiver eller n\u00e6rmeste leder om hendelsen. N\u00e5r de f\u00e5r kjennskap til det som har skjedd, har de handlingsplikt til \u00e5 unders\u00f8ke det og tilrettelegge for oppf\u00f8lging. De har ansvar for \u00e5 b\u00e5de forebygge og h\u00e5ndtere slike situasjoner.<\/li>\n<li class=\"lab-bodytext-line\">Om ikke du vil melde fra til dem, kan du varsle til tillitsvalgt eller verneombud, som ogs\u00e5 kan ta det videre om du ikke er trygg nok til \u00e5 si ifra selv.\u00a0<\/li>\n<\/ul>\n<p class=\"italic m-italic\" data-lab-italic=\"italic\">Kilde: Clas Delp i Fellesforbundet og Trine Elise i Arbeidstilsynet<\/p>\n<p>      Vis mer<br \/>\n      Vis mindre<\/p>\n<p>S\u00e6rlig gjelder det for mange av dem som er i restaurant- og hotellbransjen, som er unge, gjerne med sin f\u00f8rste jobb.\u00a0<\/p>\n<p>&#8211; De som har mange \u00e5rs erfaring i faget, og er trygge p\u00e5 seg selv, er nok ogs\u00e5 t\u00f8ffere til \u00e5 si ifra til julebordsgjesten, om noe ikke er greit. Men for de som er mer uerfarne, er det kanskje ikke s\u00e5 lett \u00e5 sette den grensa.\u00a0<\/p>\n<p>Derfor kommer han med en oppfordring til alle som skal p\u00e5 ulike festligheter den kommende tida.\u00a0<\/p>\n<p>&#8211; Vi har alle en plikt til \u00e5 bidra til \u00e5 korrigere hvordan andre oppf\u00f8rer seg. Opplever du at kollegaen din eller kameraten din snakker upassende til en ansatt, si ifra.\u00a0<\/p>\n","protected":false},"excerpt":{"rendered":"Kort fortalt Julebordsesongen er i gang, og med den \u00f8ker risikoen for seksuell trakassering. Fellesforbundet advarer om at&hellip;\n","protected":false},"author":2,"featured_media":105292,"comment_status":"","ping_status":"","sticky":false,"template":"","format":"standard","meta":{"footnotes":""},"categories":[5],"tags":[20,21,12780,24,25,728,15,19,5593,5592,22,23,17,18,13,30,28,29,14,13191,16,26,27],"class_list":{"0":"post-105291","1":"post","2":"type-post","3":"status-publish","4":"format-standard","5":"has-post-thumbnail","7":"category-overskrifter","8":"tag-breaking-news","9":"tag-breakingnews","10":"tag-etikette","11":"tag-featured-news","12":"tag-featurednews","13":"tag-fritid","14":"tag-headlines","15":"tag-hovedoppslag","16":"tag-jul","17":"tag-julebord","18":"tag-latest-news","19":"tag-latestnews","20":"tag-main-news","21":"tag-mainnews","22":"tag-news","23":"tag-no","24":"tag-norge","25":"tag-norway","26":"tag-nyheter","27":"tag-oppforsel","28":"tag-overskrifter","29":"tag-top-stories","30":"tag-topstories"},"share_on_mastodon":{"url":"https:\/\/pubeurope.com\/@no\/115668581251261713","error":""},"_links":{"self":[{"href":"https:\/\/www.europesays.com\/no\/wp-json\/wp\/v2\/posts\/105291","targetHints":{"allow":["GET"]}}],"collection":[{"href":"https:\/\/www.europesays.com\/no\/wp-json\/wp\/v2\/posts"}],"about":[{"href":"https:\/\/www.europesays.com\/no\/wp-json\/wp\/v2\/types\/post"}],"author":[{"embeddable":true,"href":"https:\/\/www.europesays.com\/no\/wp-json\/wp\/v2\/users\/2"}],"replies":[{"embeddable":true,"href":"https:\/\/www.europesays.com\/no\/wp-json\/wp\/v2\/comments?post=105291"}],"version-history":[{"count":0,"href":"https:\/\/www.europesays.com\/no\/wp-json\/wp\/v2\/posts\/105291\/revisions"}],"wp:featuredmedia":[{"embeddable":true,"href":"https:\/\/www.europesays.com\/no\/wp-json\/wp\/v2\/media\/105292"}],"wp:attachment":[{"href":"https:\/\/www.europesays.com\/no\/wp-json\/wp\/v2\/media?parent=105291"}],"wp:term":[{"taxonomy":"category","embeddable":true,"href":"https:\/\/www.europesays.com\/no\/wp-json\/wp\/v2\/categories?post=105291"},{"taxonomy":"post_tag","embeddable":true,"href":"https:\/\/www.europesays.com\/no\/wp-json\/wp\/v2\/tags?post=105291"}],"curies":[{"name":"wp","href":"https:\/\/api.w.org\/{rel}","templated":true}]}}