{"id":105305,"date":"2025-12-05T19:35:12","date_gmt":"2025-12-05T19:35:12","guid":{"rendered":"https:\/\/www.europesays.com\/no\/105305\/"},"modified":"2025-12-05T19:35:12","modified_gmt":"2025-12-05T19:35:12","slug":"okonomi-og-naeringsliv-gjovik-vidar-stilte-ultimatum-til-investorene-ble-staende-igjen-alene","status":"publish","type":"post","link":"https:\/\/www.europesays.com\/no\/105305\/","title":{"rendered":"\u00d8konomi og n\u00e6ringsliv, Gj\u00f8vik | Vidar stilte ultimatum til investorene \u2013 ble st\u00e5ende igjen alene"},"content":{"rendered":"\n<p>Vidar Berntsen kj\u00f8pte selskapet PinPin AS for \u00e9n krone sommeren 2024. Det s\u00e5 ut til at han sammen med flere aksjon\u00e6rer skulle eie og drive utestedet videre som Sveve.<\/p>\n<p>N\u00e5 st\u00e5r han igjen alene som juridisk eier av selskapet som ble <a href=\"https:\/\/www.oa.no\/sveve-er-konkurs-har-snudd-hver-stein\/s\/5-35-2184285\" rel=\"Follow nofollow noopener\" target=\"_blank\">meldt konkurs i november.<\/a><\/p>\n<p>\u2013 Selskapet har slitt \u00f8konomisk over tid, og hatt betydelig negative driftsresultat i samtlige drifts\u00e5r, heter det i den midlertidige innberetningen OA har f\u00e5tt tilgang p\u00e5.<\/p>\n<p>Det har kommet inn krav p\u00e5 mer enn 8,4 millioner kroner i boet fordelt p\u00e5 42 kreditorer, ikke inkludert anmeldte l\u00f8nnskrav.<\/p>\n<p>\u2013 Det er forel\u00f8pig ikke grunn til \u00e5 tro at boet vil gi , skriver bostyrer Camilla Kvaksrud ved Advokatene Storgata 2.<\/p>\n<p>Sviktende \u00f8konomi<\/p>\n<p>Da Berntsen tok over driften l\u00e5 leieprisen for lokalene p\u00e5 213.000 kroner i m\u00e5neden. Denne fikk de senere nedforhandlet til 130.000 kroner, uten at det bidro til positive resultater.<\/p>\n<p>Siden etableringen i 2022 har selskapet g\u00e5tt med underskudd hvert \u00e5r. Oppstarts\u00e5ret endte med dr\u00f8ye 200.000 i underskudd. De p\u00e5f\u00f8lgende \u00e5rene endte \u00e5rsresultatet p\u00e5 mellom to og tre millioner i minus hvert \u00e5r. Etter at Berntsen endret navnet fra PinPin til Sentrum Byliv AS sommeren 2024 fortsatte millionunderskuddene.<\/p>\n<p>   <img decoding=\"async\" width=\"6000\" height=\"3070\" fetchpriority=\"low\"  loading=\"lazy\"  src=\"https:\/\/www.europesays.com\/no\/wp-content\/uploads\/2025\/12\/TRU00964.jpg\" alt=\"\" class=\"brick-c-cFOWSL\" style=\"--brick-image-ratio: 6000 \/ 3070;\"\/><\/p>\n<p>      SLUTT: Kjente navn som OnklP var ikke nok til \u00e5 redde Sveve. Klubbscena klarte ikke \u00e5 s\u00f8rge for nok inntekter til forsvarlig drift.<br \/>\n      Foto: @taras.bezpalyi\n    <\/p>\n<p>I forbindelse med overtakelsen dukket det opp informasjon om utest\u00e5ende gjeld til Veidekke p\u00e5 omtrent fem millioner kroner. Om denne hadde blitt st\u00e5ende hadde ikke Berntsen r\u00f8rt selskapet, forteller han i dag.<\/p>\n<p>Steffen Hellum, en av de planlagte aksjon\u00e6rene, reforhandlet nemlig denne gjelden ned til 700.000 kroner som skulle betales i avdrag p\u00e5 70.000 kroner i m\u00e5neden. Nedbetalingen var p\u00e5begynt, men blir alts\u00e5 ikke fullf\u00f8rt.<\/p>\n<p>Veidekke Entrepren\u00f8r AS har n\u00e5 meldt det klart st\u00f8rste kravet i boet p\u00e5 mer enn 5,6 millioner kroner.<\/p>\n<p>  <a href=\"https:\/\/www.oa.no\/5-35-2158162\" class=\"related-teaser has-image default-story-teaser article--c-eRUmMG article--c-eRUmMG-jKCPdD-design-default\" rel=\"nofollow noopener\" target=\"_blank\"><\/p>\n<p>    <img decoding=\"async\" loading=\"lazy\"  src=\"https:\/\/www.europesays.com\/no\/wp-content\/uploads\/2025\/12\/BeFunky-collage+ffff.jpg\" alt=\"\" class=\"brick-c-cFOWSL\" style=\"\"\/><\/p>\n<p>\n            Les ogs\u00e5<\/p>\n<p>              J\u00f8rn (54) selger byggevarer p\u00e5 dagen og serverer rock &amp; roll om kvelden\n        <\/p>\n<p>  <\/a><br \/>\n  Trakk seg<\/p>\n<p>I forbindelse med innberetningen har Berntsen ogs\u00e5 forklart seg om at det i utgangspunktet var planlagt flere aksjon\u00e6rer da han overtok selskapet. I tillegg til han selv skulle fire andre investere for \u00e5 gj\u00f8re de oppgraderingene som skulle til for \u00e5 sikre forsvarlig drift.<\/p>\n<p>Tidlig i \u00e5r skal imidlertid disse aksjon\u00e6rene ha trukket seg fra lovnaden om \u00e5 investere i selskapet, if\u00f8lge innberetningen.<\/p>\n<p>   <img decoding=\"async\" width=\"3872\" height=\"2592\" fetchpriority=\"low\"  loading=\"lazy\"  src=\"https:\/\/www.europesays.com\/no\/wp-content\/uploads\/2025\/12\/DSC_0919.JPG\" alt=\"\" class=\"brick-c-cFOWSL\" style=\"--brick-image-ratio: 3872 \/ 2592;\"\/><\/p>\n<p>      SAMLET: Like etter overtakelsen sommeren 2024 stilte gjengen som skulle ta lokalene videre opp i en OA-artikkel. Vinteren 2025 ville ikke aksjon\u00e6rene v\u00e6re med Vidar Berntsen p\u00e5 satsingen, if\u00f8lge innberetningen. F.v. Helene Trogstad, \u00d8rjan Trogstad, Stian Fredrikstad, Marie Johnsen Blien, Vidar Berntsen og Steffen Hellum.<br \/>\n      Foto: Maria Gullord \/ Arkiv\n    <\/p>\n<p>Sommeren 2024 stilte Berntsen med aksjon\u00e6rene opp i <a href=\"https:\/\/www.oa.no\/solgte-fahlstrom-na-har-de-tatt-over-pinpin\/s\/5-35-1959628\" rel=\"Follow nofollow noopener\" target=\"_blank\">en OA-artikkel der de fortalte om planene for utestedet<\/a> med klubbscene og en videreutvikling av konseptet \u00abSveve Over Byen\u00bb.<\/p>\n<p>\u2013 Vi skal lage en livescene der det skal foreg\u00e5 noe hver eneste helg, sa Berntsen den gang.<\/p>\n<p>I dag er han klar p\u00e5 at det tross manglende investeringsvilje ikke er noe ondt blod mellom han selv og de \u00f8vrige aksjon\u00e6rene.<\/p>\n<p>\u2013 Vi har et godt forhold og prates som kompiser i dag, forteller Berntsen om investorflukten han opplevde tidlig i \u00e5r.<\/p>\n<p>L\u00f8nnskrav<\/p>\n<p>Ved tidspunktet for konkurs\u00e5pning skal det ha v\u00e6rt ti ansatte med aktive arbeidsforhold ved Sentrum Byliv AS. Kun daglig leder var i 100 prosent stilling, de \u00f8vrige var ansatt i faste deltidsstillinger.<\/p>\n<p>Forel\u00f8pig har det kommet inn fem l\u00f8nnskrav som i hovedsak omfatter feriepenger for 2025, utest\u00e5ende l\u00f8nn for oktober og l\u00f8nn i oppsigelsestid.<\/p>\n<p>P\u00e5 grunn av saksbehandlingstid ved NAV L\u00f8nnsgaranti p\u00e5 inntil 15 m\u00e5neder vil boet trolig ikke lukkes f\u00f8r ut i 2026.<\/p>\n<p>Framover skal det jobbes med \u00e5 selge inventar, varelager og alt som kan selges unna for \u00e5 dra inn mest mulig for \u00e5 im\u00f8tekomme kreditorenes krav, opplyses det om i innberetningen.<\/p>\n<p>  <a href=\"https:\/\/www.oa.no\/5-35-2149502\" class=\"related-teaser has-image default-story-teaser article--c-eRUmMG article--c-eRUmMG-jKCPdD-design-default\" rel=\"nofollow noopener\" target=\"_blank\"><\/p>\n<p>    <img decoding=\"async\" loading=\"lazy\"  src=\"https:\/\/www.europesays.com\/no\/wp-content\/uploads\/2025\/09\/IMG_6494.jpg\" alt=\"\" class=\"brick-c-cFOWSL\" style=\"\"\/><\/p>\n<p>\n            Les ogs\u00e5<\/p>\n<p>              Sveve-Vidar (47) er p\u00e5 partnerjakt\n        <\/p>\n<p>  <\/a><br \/>\n  Ser framover<\/p>\n<p>For Berntsen er konkursen noe han ikke tar lett p\u00e5. Han kjenner s\u00e6rlig p\u00e5 ansvaret han har hatt ovenfor de ansatte ved utestedet.<\/p>\n<p>\u2013 Man skal kjenne litt p\u00e5 en s\u00e5nn konkurs. Jeg m\u00e5 ta det med meg videre og l\u00e6re av det, og s\u00f8rge for at jeg ikke havner i samme situasjon igjen, sier Berntsen til OA.<\/p>\n<p>   <img decoding=\"async\" width=\"4032\" height=\"3024\" fetchpriority=\"low\"  loading=\"lazy\"  src=\"https:\/\/www.europesays.com\/no\/wp-content\/uploads\/2025\/12\/IMG_6494.jpg\" alt=\"\" class=\"brick-c-cFOWSL\" style=\"--brick-image-ratio: 4032 \/ 3024;\"\/><\/p>\n<p>      ALLTID P\u00c5 JAKT: Vidar Berntsen har ikke gitt opp dr\u00f8mmen om \u00e5 drive et utested i Gj\u00f8vik.<br \/>\n      Foto: Frode Hermanrud \/ Arkiv\n    <\/p>\n<p>Han r\u00f8per samtidig at han allerede er godt i gang med nye prosjekter, som i likhet med flere av de tidligere skal tilf\u00f8re nytt liv til utelivet i Gj\u00f8vik.<\/p>\n<p>\u2013 Det er en bransje jeg skal bli i \u2013 og en bransje jeg digger. Jeg vil f\u00e5 til noe for byen, forteller Berntsen uten \u00e5 g\u00e5 i detalj.<\/p>\n<p>  <a href=\"https:\/\/www.oa.no\/5-35-2138041\" class=\"related-teaser has-image default-story-teaser article--c-eRUmMG article--c-eRUmMG-jKCPdD-design-default\" rel=\"nofollow noopener\" target=\"_blank\"><\/p>\n<p>    <img decoding=\"async\" loading=\"lazy\"  src=\"https:\/\/www.europesays.com\/no\/wp-content\/uploads\/2025\/12\/e1d4c2a8-7c5e-4776-8cfc-8ce3ce94bfa6.jpeg\" alt=\"\" class=\"brick-c-cFOWSL\" style=\"\"\/><\/p>\n<p>\n            Les ogs\u00e5<\/p>\n<p>              Avsl\u00f8rer planene for Hovdetoppen\n        <\/p>\n<p>  <\/a><\/p>\n","protected":false},"excerpt":{"rendered":"Vidar Berntsen kj\u00f8pte selskapet PinPin AS for \u00e9n krone sommeren 2024. Det s\u00e5 ut til at han sammen&hellip;\n","protected":false},"author":2,"featured_media":105306,"comment_status":"","ping_status":"","sticky":false,"template":"","format":"standard","meta":{"footnotes":""},"categories":[56],"tags":[36,60,61,1088,1484,62,30,28,29,216,1510,13193,3119],"class_list":{"0":"post-105305","1":"post","2":"type-post","3":"status-publish","4":"format-standard","5":"has-post-thumbnail","7":"category-naeringsliv","8":"tag-art","9":"tag-business","10":"tag-economy","11":"tag-gjovik","12":"tag-konkurs","13":"tag-naeringsliv","14":"tag-no","15":"tag-norge","16":"tag-norway","17":"tag-okonomi-og-naeringsliv","18":"tag-story","19":"tag-sveve","20":"tag-uteliv"},"share_on_mastodon":{"url":"https:\/\/pubeurope.com\/@no\/115668643429166537","error":""},"_links":{"self":[{"href":"https:\/\/www.europesays.com\/no\/wp-json\/wp\/v2\/posts\/105305","targetHints":{"allow":["GET"]}}],"collection":[{"href":"https:\/\/www.europesays.com\/no\/wp-json\/wp\/v2\/posts"}],"about":[{"href":"https:\/\/www.europesays.com\/no\/wp-json\/wp\/v2\/types\/post"}],"author":[{"embeddable":true,"href":"https:\/\/www.europesays.com\/no\/wp-json\/wp\/v2\/users\/2"}],"replies":[{"embeddable":true,"href":"https:\/\/www.europesays.com\/no\/wp-json\/wp\/v2\/comments?post=105305"}],"version-history":[{"count":0,"href":"https:\/\/www.europesays.com\/no\/wp-json\/wp\/v2\/posts\/105305\/revisions"}],"wp:featuredmedia":[{"embeddable":true,"href":"https:\/\/www.europesays.com\/no\/wp-json\/wp\/v2\/media\/105306"}],"wp:attachment":[{"href":"https:\/\/www.europesays.com\/no\/wp-json\/wp\/v2\/media?parent=105305"}],"wp:term":[{"taxonomy":"category","embeddable":true,"href":"https:\/\/www.europesays.com\/no\/wp-json\/wp\/v2\/categories?post=105305"},{"taxonomy":"post_tag","embeddable":true,"href":"https:\/\/www.europesays.com\/no\/wp-json\/wp\/v2\/tags?post=105305"}],"curies":[{"name":"wp","href":"https:\/\/api.w.org\/{rel}","templated":true}]}}