{"id":105309,"date":"2025-12-05T19:38:14","date_gmt":"2025-12-05T19:38:14","guid":{"rendered":"https:\/\/www.europesays.com\/no\/105309\/"},"modified":"2025-12-05T19:38:14","modified_gmt":"2025-12-05T19:38:14","slug":"vedum-ber-regjeringen-ta-en-ny-runde-e24","status":"publish","type":"post","link":"https:\/\/www.europesays.com\/no\/105309\/","title":{"rendered":"Vedum ber regjeringen ta en ny runde \u2013 E24"},"content":{"rendered":"<p class=\"fullWidthDesktop hyperion-css-71ztg2\" data-test-tag=\"lead-text\">Sp-lederen \u00f8nsker endringer i skattekommisjonens mandat, og vil ha en ny runde for \u00e5 f\u00e5 med Frp. \u2013 Ber regjeringen om \u00e5 tenke seg om.<\/p>\n<p><img decoding=\"async\" class=\"image-asset hyperion-css-u06ts1\" data-test-tag=\"image-asset\" src=\"https:\/\/www.europesays.com\/no\/wp-content\/uploads\/2025\/12\/fb33af54-e44e-47b5-a7c3-509e5a8e3f19\"  alt=\"Sp-leder Trygve Slagsvold Vedum (t.h.) og partiets finanspolitiske talsperson Bj\u00f8rn Arild Gram.\"  loading=\"eager\" fetchpriority=\"high\" style=\"aspect-ratio:1900 \/ 1360\"\/>Sp-leder Trygve Slagsvold Vedum (t.h.) og partiets finanspolitiske talsperson Bj\u00f8rn Arild Gram. Foto: Kjetil Malkenes Hovland, E24Publisert: Publisert: <\/p>\n<p>For mindre enn 1 time siden<\/p>\n<p>Kortversjonen<\/p>\n<ul class=\"hyperion-css-pkq1ci\" data-test-tag=\"list\">\n<li class=\"hyperion-css-12h2ush\">Sp-leder Trygve Slagsvold Vedum \u00f8nsker endringer i skattekommisjonens mandat og ber regjeringen ta en ny runde for \u00e5 f\u00e5 med Frp i arbeidet.<\/li>\n<li class=\"hyperion-css-12h2ush\">Vedum \u00f8nsker at skattekommisjonen skal fokusere p\u00e5 n\u00e6ringsbeskatning som formuesskatt, utbytteskatt og selskapsskatt for \u00e5 kunne samle til et bredt forlik.<\/li>\n<li class=\"hyperion-css-12h2ush\">Senterpartiet vil uansett delta i kommisjonen, men er skeptiske til \u00f8kte avgifter.<\/li>\n<li class=\"hyperion-css-12h2ush\">Frp varslet denne uken at de vil st\u00e5 utenfor kommisjonen, mens H\u00f8yre, KrF og Venstre har sagt at de deltar.<\/li>\n<li class=\"hyperion-css-12h2ush\">Finansminister Jens Stoltenberg \u00e5pner for \u00e5 dr\u00f8fte uendret eller lavere skatteniv\u00e5, men \u00f8nsker ikke h\u00f8yere skatter og avgifter.<\/li>\n<\/ul>\n<p class=\"hyperion-css-10lbhat\">Oppsummeringen er laget av AI-verkt\u00f8yet ChatGPT og kvalitetssikret av E24s journalister<\/p>\n<p>Vis mer <\/p>\n<ul class=\"hyperion-css-pte5x0\">\n<li aria-label=\"link\" class=\"narrow-button hyperion-css-1sz7d3n\">Kopier lenke<\/li>\n<li aria-label=\"link\" class=\"wide-button hyperion-css-1sz7d3n\">Kopier lenke<\/li>\n<li aria-label=\"facebook\" class=\"narrow-button hyperion-css-1sz7d3n\">Del p\u00e5 Facebook<\/li>\n<li aria-label=\"facebook\" class=\"wide-button hyperion-css-1sz7d3n\">Del p\u00e5 Facebook<\/li>\n<li aria-label=\"email\" class=\"narrow-button hyperion-css-1sz7d3n\">Del med e-post<\/li>\n<li aria-label=\"email\" class=\"wide-button hyperion-css-1sz7d3n\">Del med e-post<\/li>\n<\/ul>\n<p class=\"hyperion-css-1lemvax\">Sp-leder Trygve Slagsvold Vedum og finanspolitisk talsperson Bj\u00f8rn Arild Gram m\u00f8ter E24 i Vandrehallen p\u00e5 Stortinget.<\/p>\n<p class=\"hyperion-css-1lemvax\">De to etterlyser endringer i mandatet for <a aria-label=\"skattekommisjonen som regjeringen har foresl\u00e5tt\" class=\"default hyperion-css-1rezu2g\" href=\"https:\/\/www.regjeringen.no\/no\/aktuelt\/skattekommisjon\/id3090699\/\" rel=\"noopener nofollow noreferrer\" data-test-tag=\"external-link\" target=\"_blank\">skattekommisjonen som regjeringen har foresl\u00e5tt<\/a>.<\/p>\n<p class=\"hyperion-css-1lemvax\">Regjeringen \u00f8nsker et bredt skatteforlik. Sp-lederen mener det er best sjanse for \u00e5 f\u00e5 det til n\u00e5r det gjelder skattene for n\u00e6ringslivet.<\/p>\n<p class=\"hyperion-css-1lemvax\"><strong>\u2013 Det som det har v\u00e6rt mest uro rundt i skattepolitikken de siste \u00e5rene er n\u00e6ringsbeskatningen. Det gjelder f\u00f8rst og fremst formuesskatt, utbytteskatt og selskapsskatt, sier Vedum.<\/strong><\/p>\n<p class=\"hyperion-css-1lemvax\"><strong>\u2013 Vi har ment hele veien at man b\u00f8r konsentrere en eventuell skattekommisjon om n\u00e6ringsbeskatningen, og pr\u00f8ve \u00e5 skape ro og f\u00e5 til et bredt forlik rundt det, sier han.<\/strong><\/p>\n<p><a data-test-tag=\"teaser-small:link-internal\" href=\"https:\/\/e24.no\/norsk-oekonomi\/i\/d45y2O\/hoeyre-krf-og-venstre-vil-bidra-til-skattekommisjon\" class=\"imagePosition-top inline hyperion-css-6238vu\" rel=\"nofollow noopener\" target=\"\" aria-label=\"H\u00f8yre, KrF og Venstre vil bidra til skattekommisjon\"><\/p>\n<p>Les ogs\u00e5<\/p>\n<p>H\u00f8yre, KrF og Venstre vil bidra til skattekommisjon<\/p>\n<p><\/a>\u00d8nsker ikke \u00f8kte avgifter<\/p>\n<p class=\"hyperion-css-1lemvax\">Vedum og Gram mener det vil bli mye vanskeligere \u00e5 f\u00e5 et forlik rundt avgiftsniv\u00e5et enn om n\u00e6ringsbeskatningen.<\/p>\n<p class=\"hyperion-css-1lemvax\">B\u00e5de Sp og Frp er skeptiske til avgifts\u00f8kninger.<\/p>\n<p class=\"hyperion-css-1lemvax\">\u2013 Der kommer det til \u00e5 v\u00e6re strid, det er ikke mulig \u00e5 forene alle, sier Vedum.<\/p>\n<p class=\"hyperion-css-1lemvax\"><strong>\u2013 Sp vil aldri godta skatteveksling der man \u00f8ker avgifter, og gir skattelettelser p\u00e5 andre siden. Men det er slik mandatet er lagt opp n\u00e5. Derfor ber vi regjeringen om \u00e5 tenke seg om en gang til, sier han.<\/strong><\/p>\n<p class=\"hyperion-css-1lemvax\">Det er mer rom for forlik innen n\u00e6ringsbeskatningen, mener Vedum.<\/p>\n<p class=\"hyperion-css-1lemvax\">\u2013 Se for eksempel p\u00e5 grunnrenteskatt, hvor det har v\u00e6rt t\u00f8ffe runder de siste \u00e5rene. N\u00e5 er alle partiene for, og kanskje kan man finne felles grunn her. Det kan ogs\u00e5 v\u00e6re mulig p\u00e5 formuesskatt og bedriftsskatt, sier han.<\/p>\n<p class=\"hyperion-css-1lemvax\">\u2013 Hvordan ser dere muligheten for \u00e5 f\u00e5 til et skatteforlik n\u00e5?<\/p>\n<p class=\"hyperion-css-1lemvax\">\u2013 Jeg tror det er mulighet for \u00e5 f\u00e5 ned temperaturen p\u00e5 en del diskusjoner, som eierskaps- og bedriftsskatt. Men MDG vil ha kj\u00f8ttavgift og vi syns det er meningsl\u00f8st. Der blir vi ikke enige midt p\u00e5, sier Vedum.<\/p>\n<p><a data-test-tag=\"teaser-small:link-internal\" href=\"https:\/\/e24.no\/boers-og-finans\/i\/16kn0l\/hvilke-aksjer-blir-aarets-nyttaarsraketter\" class=\"imagePosition-top inline hyperion-css-6238vu\" rel=\"nofollow noopener\" target=\"\" aria-label=\"Hvilke aksjer blir \u00e5rets nytt\u00e5rsraketter?\"><\/p>\n<p>Les p\u00e5 E24+<\/p>\n<p>Hvilke aksjer blir \u00e5rets nytt\u00e5rsraketter?<\/p>\n<p><\/a>\u2013 Under tvil, men vi blir med<\/p>\n<p class=\"hyperion-css-1lemvax\">Senterpartiet vil uansett delta i skattekommisjonen.<\/p>\n<p class=\"hyperion-css-1lemvax\"><strong>\u2013 Vi bekrefter at vi n\u00e5 vil sende et brev til finansministeren om dette. Sp har tradisjon for \u00e5 delta i tverrpolitisk arbeid n\u00e5r vi blir invitert til det, sier Bj\u00f8rn Arild Gram.<\/strong><\/p>\n<p class=\"hyperion-css-1lemvax\">\u2013 Det er under tvil, men vi blir med. Men det betyr ikke at vi aksepterer alle premissene for arbeidet, sier han.<\/p>\n<p class=\"hyperion-css-1lemvax\">Denne uken meldte H\u00f8yre, KrF og Venstre at <a data-test-tag=\"internal-link\" href=\"https:\/\/e24.no\/norsk-oekonomi\/i\/d45y2O\/hoeyre-krf-og-venstre-vil-bidra-til-skattekommisjon\" class=\"hyperion-css-1rezu2g\" rel=\"nofollow noopener\" target=\"\" aria-label=\"de vil delta i regjeringens skattekommisjon\">de vil delta i regjeringens skattekommisjon<\/a>, mens Frp ikke ville delta.<\/p>\n<p class=\"hyperion-css-1lemvax\">Etter at kommisjonen har sagt sitt, skal regjeringen sende et forslag til Stortinget, som skal forhandle videre om et eventuelt forlik.<\/p>\n<p><a data-test-tag=\"teaser-small:link-internal\" href=\"https:\/\/e24.no\/boers-og-finans\/i\/M7wyXm\/cirkus-roekke\" class=\"imagePosition-top inline hyperion-css-6238vu\" rel=\"nofollow noopener\" target=\"\" aria-label=\"Cirkus R\u00f8kke\"><\/p>\n<p>Les p\u00e5 E24+<\/p>\n<p>Cirkus R\u00f8kke<\/p>\n<p><\/a>Frp st\u00e5r utenfor<\/p>\n<p class=\"hyperion-css-1lemvax\">Fremskrittspartiet deltar ikke i kommisjonen, og mener det er <a data-test-tag=\"internal-link\" href=\"https:\/\/e24.no\/norsk-oekonomi\/i\/d45y2O\/hoeyre-krf-og-venstre-vil-bidra-til-skattekommisjon\" class=\"hyperion-css-1rezu2g\" rel=\"nofollow noopener\" target=\"\" aria-label=\"urealistisk \u00e5 bli enige med R\u00f8dt, MDG og SV\">urealistisk \u00e5 bli enige med R\u00f8dt, MDG og SV<\/a>. De vil heller forhandle direkte i Stortinget om et skatteforlik, uten en kommisjon.<\/p>\n<p class=\"hyperion-css-1lemvax\">Vedum mener regjeringen burde pr\u00f8ve litt til.<\/p>\n<p class=\"hyperion-css-1lemvax\"><strong>\u2013 De b\u00f8r g\u00e5 en runde for \u00e5 pr\u00f8ve \u00e5 f\u00e5 med Frp. Man kan like det eller ikke, men de er det nest st\u00f8rste partiet i Stortinget, sier han.<\/strong><\/p>\n<p class=\"hyperion-css-1lemvax\">\u2013 Hvordan kan regjeringen lokke med seg Frp?<\/p>\n<p class=\"hyperion-css-1lemvax\">\u2013 Man kan spisse dette mye mer mot bedriftsbeskatning. Vi er bekymret hvis dette bare blir en legitimering av \u00e5 skru opp avgiftene. Hvis det blir s\u00e5nn, s\u00e5 er det bedre \u00e5 f\u00e5 frem de motforestillingene ogs\u00e5 i arbeidet i kommisjonen.<\/p>\n<p class=\"hyperion-css-1lemvax\">\u2013 N\u00e6ringsakt\u00f8rene \u00f8nsker en stabilitet, og da er det nesten en forutsetning at Frp blir med, legger Vedum til.<\/p>\n<p>\u2013 Oppmuntrende<\/p>\n<p class=\"hyperion-css-1lemvax\">Finansminister Jens Stoltenberg (Ap) er forn\u00f8yd med at H\u00f8yre, Venstre og KrF er med p\u00e5 en skattekommisjon.<\/p>\n<p class=\"hyperion-css-1lemvax\">\u2013 Det \u00e5 f\u00e5 p\u00e5 plass en skattekommisjon er et skritt n\u00e6rmere et forlik. Skattekommisjonen er ikke et m\u00e5l i seg selv, men et virkemiddel. Vi har brukt dette ogs\u00e5 ved andre forlik tidligere, om pensjon og skatt. Det er oppmuntrende at det g\u00e5r den retningen, sier han til E24.<\/p>\n<p class=\"hyperion-css-1lemvax\">\u2013 Det gjenst\u00e5r litt arbeid f\u00f8r vi kan f\u00e5 en kommisjon p\u00e5 plass. Det er ikke noen garanti for at det blir et forlik, men det bidrar til at vi kommer litt n\u00e6rmere, sier Stoltenberg.<\/p>\n<p class=\"hyperion-css-1lemvax\">\u2013 Sp \u00f8nsker endre mandatet til \u00e5 handle mer om n\u00e6ringsbeskatning, og vil gjerne ogs\u00e5 ha med Frp. Er du \u00e5pen for \u00e5 g\u00e5 en ny runde p\u00e5 dette?<\/p>\n<p class=\"hyperion-css-1lemvax\"><strong>\u2013 N\u00e5 har vi g\u00e5tt noen runder p\u00e5 det mandatet. Jeg tror det er uklokt \u00e5 begynne \u00e5 forandre p\u00e5 det. Det viktigste er \u00e5 komme i gang, sier Stoltenberg.<\/strong><\/p>\n<p class=\"hyperion-css-1lemvax\">\u2013 Mandatet er \u00e5pent. Det inkluderer ogs\u00e5 n\u00e6ringsbeskatning. Men mandatet er \u00e5pent nettopp for \u00e5 komme i gang, og s\u00e5 f\u00e5r vi ta problemene etter hvert, sier han.<\/p>\n<p><img decoding=\"async\" class=\"image-asset hyperion-css-u06ts1\" data-test-tag=\"image-asset\" src=\"https:\/\/www.europesays.com\/no\/wp-content\/uploads\/2025\/12\/8ead8ffd-7f96-4321-a61e-1cf9558a4c09\"  alt=\"Finansminister Jens Stoltenberg i vandrehallen i Stortinget under fredagens finansdebatt.\"  loading=\"eager\" fetchpriority=\"high\" style=\"aspect-ratio:1900 \/ 1264\"\/>Finansminister Jens Stoltenberg i vandrehallen i Stortinget under fredagens finansdebatt. Foto: Ole Berg-Rusten \/ NTB\u00c5pner for lavere skatter<\/p>\n<p class=\"hyperion-css-1lemvax\">\u2013 \u00c5pner du ogs\u00e5 for lavere skatter og avgifter, eller handler dette om andre ting?<\/p>\n<p class=\"hyperion-css-1lemvax\">\u2013 Det er et ganske \u00e5pent mandat. Det blir mye opp til dem som skal jobbe i kommisjonen, og til slutt politikerne som skal lage et forlik, sier Stoltenberg.<\/p>\n<p class=\"hyperion-css-1lemvax\">\u2013 Helt fra det f\u00f8rste mandatforslaget vi sendte ut i mars, har vi \u00e5pnet for \u00e5 dr\u00f8fte ulike modeller, b\u00e5de med uendret skatteniv\u00e5 og lavere skatteniv\u00e5, sier han.<\/p>\n<p class=\"hyperion-css-1lemvax\">\u2013 Men ikke h\u00f8yere?<\/p>\n<p class=\"hyperion-css-1lemvax\"><strong> \u2013 Det mener ikke vi er riktig. Jeg tror man m\u00e5 se realiteten i \u00f8ynene. Jeg tror det er en fordel om kommisjonen legger frem et forslag som kan samlet et bredt flertall. Et h\u00f8yere skatteniv\u00e5 samler ikke et bredt flertall i Norge, sier han.<\/strong><\/p>\n<p>Bekymret for CO\u2082-avgiften<\/p>\n<p class=\"hyperion-css-ffjyk2\">Finanspolitisk talsperson Bj\u00f8rn Arild Gram (Sp) frykter blant annet karbonlekkasje knyttet til CO\u2082-avgiften, som skal \u00f8kes i \u00e5rene fremover.<\/p>\n<p class=\"hyperion-css-ffjyk2\">Karbonlekkasje vil si at bedrifter flytter til andre land med lavere avgifter.<\/p>\n<p class=\"hyperion-css-ffjyk2\">\u2013 Det er uheldig hvis vi \u00f8ker CO\u2082-avgiften p\u00e5 flere sektorer og utslippene bare flytter seg, for eksempel ved at fiskeb\u00e5ter seiler lenger for \u00e5 fylle i utlandet. Det gir ikke noen mening, sier Gram.<\/p>\n<p class=\"hyperion-css-ffjyk2\">Han opplever \u00e5 bli utfordret p\u00e5 dette av n\u00e6ringslivet, som frykter for konkurranseevnen, og advarer mot \u00e5 drive symbolpolitikk.<\/p>\n<p class=\"hyperion-css-ffjyk2\">\u2013 Dette henger ogs\u00e5 sammen. Hvis vi \u00f8nsker en overgang til str\u00f8m, m\u00e5 det offentlige ogs\u00e5 sikre at det er nok str\u00f8m, sier han.<\/p>\n<p class=\"hyperion-css-ffjyk2\">\u2013 Eller s\u00e5 blir det bare en fiskal avgift, der n\u00e6ringslivet ikke har mulighet til \u00e5 tilpasse seg og unng\u00e5 \u00f8kte avgifter, og da rammes konkurranseevnen.<\/p>\n<p>Vis mer<\/p>\n","protected":false},"excerpt":{"rendered":"Sp-lederen \u00f8nsker endringer i skattekommisjonens mandat, og vil ha en ny runde for \u00e5 f\u00e5 med Frp. \u2013&hellip;\n","protected":false},"author":2,"featured_media":105310,"comment_status":"","ping_status":"","sticky":false,"template":"","format":"standard","meta":{"footnotes":""},"categories":[5],"tags":[20,21,24,25,15,19,22,23,17,18,13,30,28,29,14,16,26,27],"class_list":{"0":"post-105309","1":"post","2":"type-post","3":"status-publish","4":"format-standard","5":"has-post-thumbnail","7":"category-overskrifter","8":"tag-breaking-news","9":"tag-breakingnews","10":"tag-featured-news","11":"tag-featurednews","12":"tag-headlines","13":"tag-hovedoppslag","14":"tag-latest-news","15":"tag-latestnews","16":"tag-main-news","17":"tag-mainnews","18":"tag-news","19":"tag-no","20":"tag-norge","21":"tag-norway","22":"tag-nyheter","23":"tag-overskrifter","24":"tag-top-stories","25":"tag-topstories"},"share_on_mastodon":{"url":"https:\/\/pubeurope.com\/@no\/115668654948243805","error":""},"_links":{"self":[{"href":"https:\/\/www.europesays.com\/no\/wp-json\/wp\/v2\/posts\/105309","targetHints":{"allow":["GET"]}}],"collection":[{"href":"https:\/\/www.europesays.com\/no\/wp-json\/wp\/v2\/posts"}],"about":[{"href":"https:\/\/www.europesays.com\/no\/wp-json\/wp\/v2\/types\/post"}],"author":[{"embeddable":true,"href":"https:\/\/www.europesays.com\/no\/wp-json\/wp\/v2\/users\/2"}],"replies":[{"embeddable":true,"href":"https:\/\/www.europesays.com\/no\/wp-json\/wp\/v2\/comments?post=105309"}],"version-history":[{"count":0,"href":"https:\/\/www.europesays.com\/no\/wp-json\/wp\/v2\/posts\/105309\/revisions"}],"wp:featuredmedia":[{"embeddable":true,"href":"https:\/\/www.europesays.com\/no\/wp-json\/wp\/v2\/media\/105310"}],"wp:attachment":[{"href":"https:\/\/www.europesays.com\/no\/wp-json\/wp\/v2\/media?parent=105309"}],"wp:term":[{"taxonomy":"category","embeddable":true,"href":"https:\/\/www.europesays.com\/no\/wp-json\/wp\/v2\/categories?post=105309"},{"taxonomy":"post_tag","embeddable":true,"href":"https:\/\/www.europesays.com\/no\/wp-json\/wp\/v2\/tags?post=105309"}],"curies":[{"name":"wp","href":"https:\/\/api.w.org\/{rel}","templated":true}]}}