{"id":105313,"date":"2025-12-05T19:45:46","date_gmt":"2025-12-05T19:45:46","guid":{"rendered":"https:\/\/www.europesays.com\/no\/105313\/"},"modified":"2025-12-05T19:45:46","modified_gmt":"2025-12-05T19:45:46","slug":"donald-trump-ny-strategi-trump-er-brutal-mot-europa-i-splitter-ny-sikkerhetsstrategi","status":"publish","type":"post","link":"https:\/\/www.europesays.com\/no\/105313\/","title":{"rendered":"Donald Trump, Ny strategi | Trump er brutal mot Europa i splitter ny sikkerhetsstrategi"},"content":{"rendered":"\n<p>Trump-administrasjonen har i all stillhet frigitt et nytt strategisk sikkerhetsdokument for USA. <a href=\"https:\/\/www.whitehouse.gov\/wp-content\/uploads\/2025\/12\/2025-National-Security-Strategy.pdf\" rel=\"Follow nofollow noopener\" target=\"_blank\">Dokumentet<\/a> er 33 sider langt og ble publisert av Det hvite hus torsdag.<\/p>\n<p>I innledningen skryter USAs president Donald Trump hemningsl\u00f8st over alt han har oppn\u00e5dd i utenrikspolitikken siden tiltredelsen 20. januar.<\/p>\n<p>Trump gjentar blant annet \u00abbragden\u00bb at han har avsluttet \u00e5tte p\u00e5g\u00e5ende konflikter p\u00e5 like mange m\u00e5neder.<\/p>\n<p>Videre fremhever president Trump at han bekjemper utenlandske narkotikerterrorister, har tilintetgjort det iranske atomprogrammet og fikk \u00f8kt forsvarsutgiftene i Nato fra to til fem prosent.<\/p>\n<p><b>\u00abAmerika er sterkt og respektert igjen,\u00bb skriver presidenten. <\/b><\/p>\n<p><b>\u00abVi skal gj\u00f8re Amerika tryggere, rikere, friere, bedre og mektigere enn noensinne,\u00bb avslutter Trump i sin innledning. <\/b><\/p>\n<p>Dokumentet \u00ab<a href=\"https:\/\/www.whitehouse.gov\/wp-content\/uploads\/2025\/12\/2025-National-Security-Strategy.pdf\" rel=\"Follow nofollow noopener\" target=\"_blank\">National Security Strategy of the United States of America November 2025<\/a>\u00bb skisserer en helhetlig strategi for hvordan USA under Trump b\u00f8r definere sine m\u00e5l og prioriteringer globalt, og hvordan amerikansk utenrikspolitikk b\u00f8r innrettes i ulike verdensregioner som i den vestlige halvkule, Asia, Europa, Midt\u00f8sten og Afrika.<\/p>\n<p><b>\u2013 Det er bekymringsfullt at USA legger opp til den typen strid eller konflikt med Europa, sier USA-ekspert og Civita-r\u00e5dgiver Eirik L\u00f8kke til Nettavisen. <\/b><\/p>\n<p><b>Les ogs\u00e5: <a class=\"simple-relation related-teaser article--c-eRUmMG article--c-eRUmMG-fZoQSp-design-nettavisen article--c-eRUmMG-gwthdJ-cv\" href=\"https:\/\/www.nettavisen.no\/europa-maling-halvparten-stempler-trump-som-fiende\/s\/5-95-2762088\" rel=\"nofollow noopener\" target=\"_blank\">Europa-m\u00e5ling: Halvparten stempler Trump som fiende<\/a><\/b><\/p>\n<p>Brutal mot Europa<\/p>\n<p>Dokumentet g\u00e5r spesielt hardt ut mot Europa.<\/p>\n<p>\u00abDet kontinentale Europa har mistet andeler av globalt BNP \u2013 ned fra 25 prosent i 1990 til 14 prosent i dag \u2013 delvis p\u00e5 grunn av <b>nasjonale og transnasjonale reguleringer som undergraver kreativitet og arbeidsomhet<\/b>,\u00bb lyder dokumentet. <\/p>\n<p>\u00abMen denne \u00f8konomiske nedgangen overskygges av de reelle og langt mer alvorlige utsiktene til en De st\u00f8rre utfordringene Europa st\u00e5r overfor omfatter <b>aktivitetene til EU og andre transnasjonale organer som undergraver politisk frihet og suverenitet, migrasjonspolitikk som forvandler kontinentet og skaper konflikt, sensur av ytringsfrihet og undertrykking av politisk opposisjon<\/b>, fallende f\u00f8dselstall og tap av nasjonale identiteter og selvtillit,\u00bb sl\u00e5r Trump-administrasjonen fast. <\/p>\n<p>Ugjenkjennelig om 20 \u00e5r<\/p>\n<p>Videre skriver amerikanerne at det europeiske kontinentet vil v\u00e6re ugjenkjennelig om 20 \u00e5r dersom disse trenende vedvarer. USA s\u00e5r ogs\u00e5 tvil om enkelte europeiske land vil v\u00e6re p\u00e5litelige allierte i framtiden:<\/p>\n<p>\u00abHvis dagens utvikling fortsetter, vil kontinentet <b>v\u00e6re ugjenkjennelig om 20 \u00e5r eller mindre<\/b>. Det er derfor <b>langt fra gitt at enkelte europeiske land vil ha \u00f8konomi eller milit\u00e6r kapasitet som gj\u00f8r dem til p\u00e5litelige allierte<\/b>. Mange av disse landene fortsetter n\u00e5 i samme spor. Vi \u00f8nsker at Europa skal forbli europeisk, gjenvinne sin sivilisatoriske selvtillit og forlate sin mislykkede vektlegging av reguleringsmessig kvelning.\u00bb<\/p>\n<p>\u2013 Europa m\u00e5 ta dette p\u00e5 h\u00f8yeste alvor<\/p>\n<p>L\u00f8kke sier at mange av punktene som skildres i dokumentet er korrekte, og er gjerne beskrivelser tidligere amerikanske presidenter ogs\u00e5 kunne ha formidlet.<\/p>\n<p>\u2013 Europa sliter med \u00f8konomien, de sliter i de store landene med innvandring og en populistisk reaksjon i Frankrike, Tyskland og Storbritannia. Og vi har ikke brukt nok penger p\u00e5 forsvar, sier L\u00f8kke.<\/p>\n<p>\u2013 Hadde dette v\u00e6rt Obama eller Bush junior som skrev dette, ville det ikke v\u00e6rt s\u00e5 bekymringsfullt, p\u00e5peker L\u00f8kke.<\/p>\n<p><b>\u2013 Alle disse beskrivelsene er isolert sett riktige. Men der Bush og Obama var til \u00e5 stole p\u00e5, fordi de fundamentalt sett delte det samme verdifellesskapet med Europa, gjorde at man kunne ta denne typen beskrivelser \u00abin good faith\u00bb. Det kan man ikke med Trump, sier L\u00f8kke. <\/b><\/p>\n<p>\u2013 \u00abMake no mistake\u00bb. Den beskrivelsen som kommer i denne sikkerhetsstrategien m\u00e5 Europa ta p\u00e5 h\u00f8yeste alvor, legger han til.<\/p>\n<p><b>Les ogs\u00e5: <a class=\"simple-relation related-teaser article--c-eRUmMG article--c-eRUmMG-fZoQSp-design-nettavisen article--c-eRUmMG-gwthdJ-cv\" href=\"https:\/\/www.nettavisen.no\/rubio-skulker-nato-mote-norge-og-europa-plassert-ved-barnebordet\/s\/5-95-2760225\" rel=\"nofollow noopener\" target=\"_blank\">Rubio skulker Nato-m\u00f8te: \u2013 Norge og Europa plassert ved barnebordet<\/a><\/b><\/p>\n<p>Det hakkes videre p\u00e5 Europas angivelige manglende selvtillit, og viktigheten av \u00e5 h\u00e5ndtere Europas forhold til Russland for \u00e5 gjenopprette strategisk stabilitet:<\/p>\n<ul>\n<li>Denne mangelen p\u00e5 selvtillit kommer tydeligst til uttrykk i Europas forhold til Russland.<\/li>\n<li>Europeiske allierte har et betydelig overtak p\u00e5 Russland n\u00e5r det gjelder hard makt, m\u00e5lt etter nesten alle indikatorer \u2013 bortsett fra atomv\u00e5pen.<\/li>\n<li>Som f\u00f8lge av Russlands krig i Ukraina er de europeiske forbindelsene til Russland sterkt svekket, og mange europeere oppfatter Russland som en eksistensiell trussel.<\/li>\n<li>\u00c5 h\u00e5ndtere Europas forhold til Russland vil kreve betydelig amerikansk diplomatisk innsats, b\u00e5de for \u00e5 gjenopprette strategisk stabilitet i det eurasiske omr\u00e5det og for \u00e5 redusere risikoen for konflikt mellom Russland og europeiske stater.<\/li>\n<\/ul>\n<p><b>Les ogs\u00e5: <a class=\"simple-relation related-teaser article--c-eRUmMG article--c-eRUmMG-fZoQSp-design-nettavisen article--c-eRUmMG-gwthdJ-cv\" href=\"https:\/\/www.nettavisen.no\/50-000-syrere-kom-til-norge-48-har-reist-tilbake\/s\/5-95-2761010\" rel=\"nofollow noopener\" target=\"_blank\">50.000 syrere kom til Norge \u2013 48 har reist tilbake<\/a><\/b><\/p>\n<p>Rask avslutning p\u00e5 Ukraina-krigen<\/p>\n<p>Amerikanerne etterlyser i dokumentet en rask avslutning p\u00e5 Ukraina-krigen for blant annet \u00e5 stabilisere europeisk \u00f8konomi og forhindre utilsiktet eskalering:<\/p>\n<p>\u00abDet er en kjerneinteresse for USA \u00e5 forhandle fram en rask avslutning p\u00e5 kamphandlingene i Ukraina, for \u00e5 stabilisere europeisk \u00f8konomi, forhindre utilsiktet eskalering eller spredning av krigen, gjenopprette strategisk stabilitet med Russland og muliggj\u00f8re gjenoppbyggingen av Ukraina slik at landet kan overleve som en levedyktig stat.\u00bb<\/p>\n<p>    Vil du se neste video?<\/p>\n<p>    <a href=\"https:\/\/www.nettavisen.no\/fredrik-solvang\/jonas-gahr-store\/debatten\/fredrik-solvang-himler-av-jonas-gahr-store-men-i-alle\/v\/5-95-2751917\" class=\"recommend-poster\" data-adp-clicklabel=\"video-recommend\" data-adp-clickvalue=\"poster\" rel=\"nofollow noopener\" target=\"_blank\"><br \/>\n      <img decoding=\"async\" width=\"200\" height=\"200\" loading=\"lazy\" src=\"https:\/\/www.europesays.com\/no\/wp-content\/uploads\/2025\/11\/Solvang+bredde.jpg\" alt=\"\" class=\"brick-c-cFOWSL\" style=\"--brick-image-ratio: 200 \/ 200;\"\/><\/p>\n<p>Himler av St\u00f8re: \u2013 Men i alle\u20261:06<\/p>\n<p>    <\/a><\/p>\n","protected":false},"excerpt":{"rendered":"Trump-administrasjonen har i all stillhet frigitt et nytt strategisk sikkerhetsdokument for USA. Dokumentet er 33 sider langt og&hellip;\n","protected":false},"author":2,"featured_media":105314,"comment_status":"","ping_status":"","sticky":false,"template":"","format":"standard","meta":{"footnotes":""},"categories":[5],"tags":[20,21,24,25,15,19,22,23,17,18,13,30,28,29,14,16,26,27],"class_list":{"0":"post-105313","1":"post","2":"type-post","3":"status-publish","4":"format-standard","5":"has-post-thumbnail","7":"category-overskrifter","8":"tag-breaking-news","9":"tag-breakingnews","10":"tag-featured-news","11":"tag-featurednews","12":"tag-headlines","13":"tag-hovedoppslag","14":"tag-latest-news","15":"tag-latestnews","16":"tag-main-news","17":"tag-mainnews","18":"tag-news","19":"tag-no","20":"tag-norge","21":"tag-norway","22":"tag-nyheter","23":"tag-overskrifter","24":"tag-top-stories","25":"tag-topstories"},"share_on_mastodon":{"url":"https:\/\/pubeurope.com\/@no\/115668682515767999","error":""},"_links":{"self":[{"href":"https:\/\/www.europesays.com\/no\/wp-json\/wp\/v2\/posts\/105313","targetHints":{"allow":["GET"]}}],"collection":[{"href":"https:\/\/www.europesays.com\/no\/wp-json\/wp\/v2\/posts"}],"about":[{"href":"https:\/\/www.europesays.com\/no\/wp-json\/wp\/v2\/types\/post"}],"author":[{"embeddable":true,"href":"https:\/\/www.europesays.com\/no\/wp-json\/wp\/v2\/users\/2"}],"replies":[{"embeddable":true,"href":"https:\/\/www.europesays.com\/no\/wp-json\/wp\/v2\/comments?post=105313"}],"version-history":[{"count":0,"href":"https:\/\/www.europesays.com\/no\/wp-json\/wp\/v2\/posts\/105313\/revisions"}],"wp:featuredmedia":[{"embeddable":true,"href":"https:\/\/www.europesays.com\/no\/wp-json\/wp\/v2\/media\/105314"}],"wp:attachment":[{"href":"https:\/\/www.europesays.com\/no\/wp-json\/wp\/v2\/media?parent=105313"}],"wp:term":[{"taxonomy":"category","embeddable":true,"href":"https:\/\/www.europesays.com\/no\/wp-json\/wp\/v2\/categories?post=105313"},{"taxonomy":"post_tag","embeddable":true,"href":"https:\/\/www.europesays.com\/no\/wp-json\/wp\/v2\/tags?post=105313"}],"curies":[{"name":"wp","href":"https:\/\/api.w.org\/{rel}","templated":true}]}}