{"id":105317,"date":"2025-12-05T19:52:45","date_gmt":"2025-12-05T19:52:45","guid":{"rendered":"https:\/\/www.europesays.com\/no\/105317\/"},"modified":"2025-12-05T19:52:45","modified_gmt":"2025-12-05T19:52:45","slug":"dramatisk-finale-kaos","status":"publish","type":"post","link":"https:\/\/www.europesays.com\/no\/105317\/","title":{"rendered":"Dramatisk finale: &#8211; Kaos"},"content":{"rendered":"<p>I finalen var Ingrid Bergene Aabrekk Norges eneste bidrag.<\/p>\n<p>Der ble dramatisk finale med flere fall.\u00a0<\/p>\n<p>2002-modellen fra Runar endte til slutt som nummer 5. Bak fire svensker. Tidligere i karrieren har hun aldri kommet lenger enn kvartfinale.\u00a0<\/p>\n<p>        <img class=\"image__img lazyload\" itemprop=\"image\" title=\"Foto: Geir Olsen \/ NTB\" alt=\"BESTE NORSKE: Ingrid Bergene Aabrekk. Foto: Geir Olsen \/ NTB\" width=\"978\" height=\"656\" bad-src=\"https:\/\/www.europesays.com\/no\/wp-content\/uploads\/2025\/12\/18356156.webp\" fetchpriority=\"auto\" \/><\/p>\n<p>      BESTE NORSKE: Ingrid Bergene Aabrekk.<br \/>\n         Foto: Geir Olsen \/ NTB<\/p>\n<p class=\"bold m-bold\" data-lab-font_weight=\"bold\">\u2013 Det er helt sykt. Det hadde jeg aldri trodd p\u00e5 at hvis noen sa til meg i g\u00e5r sier 23-\u00e5ringen med et bredt smil etter finalen.\u00a0<\/p>\n<p class=\"bold m-bold\" data-lab-font_weight=\"bold\">\u2013 Det var helt surrealistisk \u00e5 g\u00e5 en finale. Det er g\u00f8y \u00e5 v\u00e6re s\u00e5 n\u00e6rme svenskene. Jeg er kjempeforn\u00f8yd med 5. plassen. Det var et langt steg opp, sier Aabrekk til TV 2.<\/p>\n<p>Johanna Hagstr\u00f6m vant finalen foran Emma Ribom og Linn Svhan. Jonna Sundling ble nummer fire og tyskle Laura Gimmler endte som nummer 6.<\/p>\n<p>\u2013 Kaosfinale uten like. Tror nesten ikke jeg har sett et finaleheat med s\u00e5 mange hendelser og ulike vendinger, sier langrennsekspert i TV 2 Petter Soleng Skinstad.<\/p>\n<p>\u2013 Linn Svahn blir alts\u00e5 nummer tre etter \u00e5 ha v\u00e6rt langt, langt bak etter fall p\u00e5 toppen av den f\u00f8rste motbakken. Der ryker ogs\u00e5 staven til Sundling, som attp\u00e5til er nedp\u00e5 f\u00f8r kj\u00f8ringen mot stadion. S\u00e5 gode er de svenske damene at de likevel sl\u00e5r Ingrid Bergene Aabrekk alle som \u00e9n, sier Skinstad.\u00a0<\/p>\n<p>Gigantisk Skistad-nedtur<\/p>\n<p>Kristine Stav\u00e5s Skistad endte som nummer 22 i prologen.<\/p>\n<p>Den skuffende dagen for Konnerud-jenta fortsatte i kvartfinalen, der hun gikk inn til en 3. plass bak Joensuu og Sundling. Tiden var heller ikke god nok.<\/p>\n<p>Dermed r\u00f8k hun ut av sprinten i Trondheim.<\/p>\n<p>        <img class=\"image__img lazyload\" itemprop=\"image\" title=\"Foto: Geir Olsen \/ NTB\" alt=\"UTE: Kristine Stav\u00e5s Skistad m\u00e5tte se seg sl\u00e5tt p\u00e5 m\u00e5lstreken. Foto: Geir Olsen \/ NTB\" width=\"978\" height=\"656\" bad-src=\"https:\/\/www.europesays.com\/no\/wp-content\/uploads\/2025\/12\/18355916.webp\" fetchpriority=\"auto\" \/><\/p>\n<p>      UTE: Kristine Stav\u00e5s Skistad m\u00e5tte se seg sl\u00e5tt p\u00e5 m\u00e5lstreken.<br \/>\n         Foto: Geir Olsen \/ NTB<\/p>\n<p>\u2013 Kjedelig<\/p>\n<p class=\"italic m-italic\" data-lab-italic=\"italic\">\u2013 Hvordan var l\u00f8pet?\u00a0<\/p>\n<p>\u2013 Det ble veldig fint. Helt til p\u00e5 slutten.\u00a0Jeg blir sperret inne, det var uoppmerksomt av meg.\u00a0Det var en lur man\u00f8ver av Joensuu, sier Stav\u00e5s Skistad i etterkant av exiten.\u00a0<\/p>\n<p class=\"italic m-italic\" data-lab-italic=\"italic\">\u2013 Hvordan er det \u00e5 ryke allerede i kvartfinalen?\u00a0<\/p>\n<p>\u2013 Det var kjedelig, sier hun til TV 2.<\/p>\n<p>        <img class=\"image__img lazyload\" itemprop=\"image\" title=\"Foto: Geir Olsen \/ NTB\" alt=\"SKUFFET: Kristine Stav\u00e5s Skistad etter exiten i Gran\u00e5sen. Foto: Geir Olsen \/ NTB\" width=\"978\" height=\"656\" bad-src=\"https:\/\/www.europesays.com\/no\/wp-content\/uploads\/2025\/12\/18355914.webp\" fetchpriority=\"auto\" \/><\/p>\n<p>      SKUFFET: Kristine Stav\u00e5s Skistad etter exiten i Gran\u00e5sen.<br \/>\n         Foto: Geir Olsen \/ NTB<\/p>\n<p>\u2013 Et stort, stort sjokk at Skistad ryker ut. Blir et offer for sine egne, elendige valg. Kl\u00f8ner det rett og slett til for seg selv, og kommer til \u00e5 tenke p\u00e5 dette hele veien mot OL!, sier TV 2s ekspert Petter Soleng Skinstad.<\/p>\n<p>\u2013 Kristine Stav\u00e5s Skistad tar en stor sjanse gjennom den siste svingen og havner bak en rutinert Jasmi Joensuu, som slipper seg helt ut i sporet n\u00e6rmest tribunen. Da blir det ikke plass til Skistad, som faller for eget grep. Til tider blir hun i overkant arrogant, og det er det hun f\u00e5r svi for i dag, legger han til<\/p>\n<p>Slakter landslaget<\/p>\n<p> Det norske marerittet fortsatte da ogs\u00e5 Mathilde Myhrvold r\u00f8k ut i kvartfinalen. Gj\u00f8vik-jenta var beste norske i prologen med en 3. plass. <\/p>\n<p>Norge fikk kun med tre av ni kvinner videre fra kvartfinalen: Ane Appelkvist Stenseth, Ingrid Bergene Aabrekk og Milla Grosberghaugen Andreassen. Ingen av dem g\u00e5r for landslaget.<\/p>\n<p class=\"bold m-bold\" data-lab-font_weight=\"bold\">Det at ingen av Norges landslagsl\u00f8pere kom videre fra kvartfinalen f\u00e5r Skinstad til \u00e5 reagere.<\/p>\n<p>\u2013 En av sesongens viktigste sprinter, p\u00e5 hjemmebane. S\u00e5 virker de \u00e5 v\u00e6re i middels form, gj\u00f8r d\u00e5rlige valg og er ikke i n\u00e6rheten av det niv\u00e5et vi kan forvente av dem. Det er rett og slett skuffende, sier en irritert langrennsekspert.<\/p>\n<p>\u2013 De Virker rett og slett d\u00e5rlig forberedt p\u00e5 det som m\u00f8ter dem i dag, og det er un\u00f8dvendig i et renn p\u00e5 hjemmebane. S\u00e6rlig den siste svingen l\u00f8ser de d\u00e5rlig og f\u00e5r med seg lite fart inn p\u00e5 oppl\u00f8pet, sier han.<\/p>\n<p>Landslagsl\u00f8pere Tiril Udnes Weng var en av landslagsl\u00f8perne som ikke klarte \u00e5 g\u00e5 videre fra kvartfinalen.\u00a0<\/p>\n<p>\u2013 Det er skuffende at ingen av oss klarer det, men det er marginer.\u00a0Det er godt vi har noen andre \u00e5 lene oss p\u00e5 i dag, legger Weng til.<\/p>\n","protected":false},"excerpt":{"rendered":"I finalen var Ingrid Bergene Aabrekk Norges eneste bidrag. Der ble dramatisk finale med flere fall.\u00a0 2002-modellen fra&hellip;\n","protected":false},"author":2,"featured_media":105318,"comment_status":"","ping_status":"","sticky":false,"template":"","format":"standard","meta":{"footnotes":""},"categories":[5],"tags":[20,21,24,25,15,19,22,23,17,18,13,30,28,29,14,16,26,27],"class_list":{"0":"post-105317","1":"post","2":"type-post","3":"status-publish","4":"format-standard","5":"has-post-thumbnail","7":"category-overskrifter","8":"tag-breaking-news","9":"tag-breakingnews","10":"tag-featured-news","11":"tag-featurednews","12":"tag-headlines","13":"tag-hovedoppslag","14":"tag-latest-news","15":"tag-latestnews","16":"tag-main-news","17":"tag-mainnews","18":"tag-news","19":"tag-no","20":"tag-norge","21":"tag-norway","22":"tag-nyheter","23":"tag-overskrifter","24":"tag-top-stories","25":"tag-topstories"},"share_on_mastodon":{"url":"https:\/\/pubeurope.com\/@no\/115668709824179603","error":""},"_links":{"self":[{"href":"https:\/\/www.europesays.com\/no\/wp-json\/wp\/v2\/posts\/105317","targetHints":{"allow":["GET"]}}],"collection":[{"href":"https:\/\/www.europesays.com\/no\/wp-json\/wp\/v2\/posts"}],"about":[{"href":"https:\/\/www.europesays.com\/no\/wp-json\/wp\/v2\/types\/post"}],"author":[{"embeddable":true,"href":"https:\/\/www.europesays.com\/no\/wp-json\/wp\/v2\/users\/2"}],"replies":[{"embeddable":true,"href":"https:\/\/www.europesays.com\/no\/wp-json\/wp\/v2\/comments?post=105317"}],"version-history":[{"count":0,"href":"https:\/\/www.europesays.com\/no\/wp-json\/wp\/v2\/posts\/105317\/revisions"}],"wp:featuredmedia":[{"embeddable":true,"href":"https:\/\/www.europesays.com\/no\/wp-json\/wp\/v2\/media\/105318"}],"wp:attachment":[{"href":"https:\/\/www.europesays.com\/no\/wp-json\/wp\/v2\/media?parent=105317"}],"wp:term":[{"taxonomy":"category","embeddable":true,"href":"https:\/\/www.europesays.com\/no\/wp-json\/wp\/v2\/categories?post=105317"},{"taxonomy":"post_tag","embeddable":true,"href":"https:\/\/www.europesays.com\/no\/wp-json\/wp\/v2\/tags?post=105317"}],"curies":[{"name":"wp","href":"https:\/\/api.w.org\/{rel}","templated":true}]}}