{"id":105319,"date":"2025-12-05T19:53:11","date_gmt":"2025-12-05T19:53:11","guid":{"rendered":"https:\/\/www.europesays.com\/no\/105319\/"},"modified":"2025-12-05T19:53:11","modified_gmt":"2025-12-05T19:53:11","slug":"karlsson-rammet-av-matforgiftning-en-marerittaktig-natt","status":"publish","type":"post","link":"https:\/\/www.europesays.com\/no\/105319\/","title":{"rendered":"Karlsson rammet av matforgiftning: &#8211; En marerittaktig natt"},"content":{"rendered":"<p>\nDet r\u00f8per Karlsson overfor den svenske avisen <a href=\"https:\/\/www.expressen.se\/sport\/langdskidor\/frida-karlsson-drabbad-av-matforgiftning-en-mardomsnatt\/\" target=\"_blank\" rel=\"nofollow noopener\">Expressen<\/a>.<\/p>\n<p>Langrennsstjernen ble magesyk etter forrige helgs verdenscupstart i Ruka.<\/p>\n<p>\u2013 Det f\u00f8ltes som jeg holdt p\u00e5 \u00e5 d\u00f8, sier Karlsson.\u00a0<\/p>\n<p>        <img class=\"image__img lazyload\" itemprop=\"image\" title=\"Foto: VESA MOILANEN \/ AFP \/ NTB\" alt=\"GOD START: Frida Karlsson vant 10 km klassisk i Ruka. Foto: VESA MOILANEN \/ AFP \/ NTB\" width=\"978\" height=\"551\" bad-src=\"https:\/\/www.europesays.com\/no\/wp-content\/uploads\/2025\/12\/18357152.webp\" fetchpriority=\"auto\" \/><\/p>\n<p>      GOD START: Frida Karlsson vant 10 km klassisk i Ruka.<br \/>\n         Foto: VESA MOILANEN \/ AFP \/ NTB<\/p>\n<p>\u2013 Det var forferdelig. Jeg m\u00e5 ha f\u00e5tt en matforgiftning. Men jeg vet egentlig ikke hva, sier Karlsson til avisen.<\/p>\n<p>\u2013 Det var en skikkelig marerittaktig natt, sier 26-\u00e5ringen ogs\u00e5.<\/p>\n<p>Derfor g\u00e5r hun til helgens distanserenn i tr\u00f8nderhovedstaden med litt dempede forventninger.<\/p>\n<p>Landslagslege Rickard Noberius er inne p\u00e5 det samme. Han peker riktignok p\u00e5 at det har g\u00e5tt noen dager siden mageproblemene.<\/p>\n<p>\u2013 Men realistisk sett burde man kanskje ikke ha for h\u00f8ye forventninger til Frida etter det hun har v\u00e6rt gjennom, sier Noberius.<\/p>\n<p>Det er fellesstart med skibytte i Gran\u00e5sen l\u00f8rdag.<\/p>\n<p>(\u00a9NTB)<\/p>\n","protected":false},"excerpt":{"rendered":"Det r\u00f8per Karlsson overfor den svenske avisen Expressen. Langrennsstjernen ble magesyk etter forrige helgs verdenscupstart i Ruka. \u2013&hellip;\n","protected":false},"author":2,"featured_media":105320,"comment_status":"","ping_status":"","sticky":false,"template":"","format":"standard","meta":{"footnotes":""},"categories":[59],"tags":[30,28,29,83,82],"class_list":{"0":"post-105319","1":"post","2":"type-post","3":"status-publish","4":"format-standard","5":"has-post-thumbnail","7":"category-sport","8":"tag-no","9":"tag-norge","10":"tag-norway","11":"tag-sport","12":"tag-sports"},"share_on_mastodon":{"url":"https:\/\/pubeurope.com\/@no\/115668713662872769","error":""},"_links":{"self":[{"href":"https:\/\/www.europesays.com\/no\/wp-json\/wp\/v2\/posts\/105319","targetHints":{"allow":["GET"]}}],"collection":[{"href":"https:\/\/www.europesays.com\/no\/wp-json\/wp\/v2\/posts"}],"about":[{"href":"https:\/\/www.europesays.com\/no\/wp-json\/wp\/v2\/types\/post"}],"author":[{"embeddable":true,"href":"https:\/\/www.europesays.com\/no\/wp-json\/wp\/v2\/users\/2"}],"replies":[{"embeddable":true,"href":"https:\/\/www.europesays.com\/no\/wp-json\/wp\/v2\/comments?post=105319"}],"version-history":[{"count":0,"href":"https:\/\/www.europesays.com\/no\/wp-json\/wp\/v2\/posts\/105319\/revisions"}],"wp:featuredmedia":[{"embeddable":true,"href":"https:\/\/www.europesays.com\/no\/wp-json\/wp\/v2\/media\/105320"}],"wp:attachment":[{"href":"https:\/\/www.europesays.com\/no\/wp-json\/wp\/v2\/media?parent=105319"}],"wp:term":[{"taxonomy":"category","embeddable":true,"href":"https:\/\/www.europesays.com\/no\/wp-json\/wp\/v2\/categories?post=105319"},{"taxonomy":"post_tag","embeddable":true,"href":"https:\/\/www.europesays.com\/no\/wp-json\/wp\/v2\/tags?post=105319"}],"curies":[{"name":"wp","href":"https:\/\/api.w.org\/{rel}","templated":true}]}}